{"id":567873,"date":"2025-11-30T01:50:20","date_gmt":"2025-11-30T01:50:20","guid":{"rendered":"https:\/\/www.europesays.com\/fr\/567873\/"},"modified":"2025-11-30T01:50:20","modified_gmt":"2025-11-30T01:50:20","slug":"kyiv-a-nouveau-lourdement-frappe-des-negociations-a-washington-prevues-dimanche-liberation","status":"publish","type":"post","link":"https:\/\/www.europesays.com\/fr\/567873\/","title":{"rendered":"Kyiv \u00e0 nouveau lourdement frapp\u00e9, des n\u00e9gociations \u00e0 Washington pr\u00e9vues dimanche \u2013 Lib\u00e9ration"},"content":{"rendered":"<p class=\"sc-cPiKLX AiZTS text-element\">Les armes ne se taisent pas <a href=\"https:\/\/www.liberation.fr\/international\/amerique\/trump-plus-empresse-a-satisfaire-moscou-qua-etablir-la-paix-a-washington-la-grogne-gagne-le-parti-republicain-20251127_AT5RRRNHO5CGFAMCAXLGJNRU3Q\/\" target=\"_blank\" rel=\"noreferrer noopener\" title=\"https:\/\/www.liberation.fr\/international\/amerique\/trump-plus-empresse-a-satisfaire-moscou-qua-etablir-la-paix-a-washington-la-grogne-gagne-le-parti-republicain-20251127_AT5RRRNHO5CGFAMCAXLGJNRU3Q\/\">pendant les tractations<\/a>. Une attaque \u00abterroriste\u00bb russe de drones et de missiles sur la capitale ukrainienne et sa banlieue tout au long de la nuit du vendredi\u00a028 au samedi 29\u00a0novembre a fait au moins 3 morts et \u00abdes dizaines de bless\u00e9s\u00bb, selon le Pr\u00e9sident Volodymyr Zelensky. Un pr\u00e9c\u00e9dent bilan des autorit\u00e9s ukrainiennes faisait \u00e9tat de 1 mort et 11 bless\u00e9s.<\/p>\n<p class=\"sc-cPiKLX AiZTS text-element\">Le chef de l\u2019Etat ukrainien a mentionn\u00e9 \u00ab36 missiles et pr\u00e8s de 600 drones\u00bb russes. \u00abLes principales cibles de l\u2019attaque \u00e9taient <a href=\"https:\/\/www.liberation.fr\/international\/europe\/ukraine-a-cause-des-frappes-russes-sur-le-systeme-energetique-lhorizon-dun-hiver-critique-20251114_TJXFQ33E7ZDVHKHQF5NZIMANOU\/\" target=\"_blank\" rel=\"noreferrer noopener\" title=\"https:\/\/www.liberation.fr\/international\/europe\/ukraine-a-cause-des-frappes-russes-sur-le-systeme-energetique-lhorizon-dun-hiver-critique-20251114_TJXFQ33E7ZDVHKHQF5NZIMANOU\/\">les infrastructures \u00e9nerg\u00e9tiques<\/a> et les installations civiles, avec d\u2019importants d\u00e9g\u00e2ts et des incendies dans des immeubles r\u00e9sidentiels\u00bb, a-t-il soulign\u00e9 dans un message publi\u00e9 sur X ce samedi matin.<\/p>\n<blockquote class=\"twitter-tweet\">\n<p lang=\"en\" dir=\"ltr\">In Kyiv and the region, our emergency services are working at the sites of the Russian strikes. The Russians have launched about 36 missiles and almost 600 drones against ordinary life. The main targets of the attack were energy infrastructure and civilian facilities, with\u2026 <a href=\"https:\/\/t.co\/JCIyUfU27v\">pic.twitter.com\/JCIyUfU27v<\/a><\/p>\n<p>\u2014 Volodymyr Zelenskyy \/ \u0412\u043e\u043b\u043e\u0434\u0438\u043c\u0438\u0440 \u0417\u0435\u043b\u0435\u043d\u0441\u044c\u043a\u0438\u0439 (@ZelenskyyUa) <a href=\"https:\/\/twitter.com\/ZelenskyyUa\/status\/1994682399595147605?ref_src=twsrc%5Etfw\" target=\"_blank\" rel=\"noopener\">November 29, 2025<\/a><\/p><\/blockquote>\n<p class=\"sc-cPiKLX AiZTS text-element\">\u00abKiev est sous alerte a\u00e9rienne depuis plus de huit heures\u00bb, a affirm\u00e9 ce samedi matin <a href=\"https:\/\/www.liberation.fr\/international\/europe\/vitali-klitschko-nous-ne-defendons-pas-seulement-notre-pays-nous-defendons-chacun-dentre-vous-20230219_DLKDLFZTKJA2RALYBCU6Q2GKHI\/\" target=\"_blank\" rel=\"noreferrer noopener\" title=\"https:\/\/www.liberation.fr\/international\/europe\/vitali-klitschko-nous-ne-defendons-pas-seulement-notre-pays-nous-defendons-chacun-dentre-vous-20230219_DLKDLFZTKJA2RALYBCU6Q2GKHI\/\">le maire de la ville de Kyiv, Vitali Klitschko<\/a>, ajoutant que \u00abl\u2019ouest de la capitale est priv\u00e9 d\u2019\u00e9lectricit\u00e9\u00bb, ce qu\u2019ont confirm\u00e9 des journalistes de l\u2019AFP.<\/p>\n<p class=\"sc-cPiKLX AiZTS text-element\">\u00abA la suite de l\u2019attaque, plus de 500\u00a0000 usagers \u00e0 Kyiv, plus de 100\u00a0000 dans la r\u00e9gion de Kiev et pr\u00e8s de 8\u00a0000 dans la r\u00e9gion de Kharkiv se sont retrouv\u00e9s sans \u00e9lectricit\u00e9 ce matin\u00bb, a annonc\u00e9 le minist\u00e8re ukrainien de l\u2019Energie.<\/p>\n<p class=\"sc-cPiKLX AiZTS text-element\">Des premi\u00e8res puissantes d\u00e9tonations avaient secou\u00e9 le centre de la capitale vers minuit et le maire Vitali Klitschko, les avaient aussit\u00f4t attribu\u00e9es \u00e0 une attaque de drones men\u00e9e par les forces arm\u00e9es de Moscou.<\/p>\n<p class=\"sc-cPiKLX AiZTS text-element\">Le chef de l\u2019administration militaire de Kiev, Tymur Tkachenko, a pr\u00e9cis\u00e9 qu\u2019un \u00abhomme\u00bb avait perdu la vie dans un quartier de la gigantesque capitale urkrainienne. Il a dress\u00e9 un bilan en constante \u00e9volution de \u00abhuit r\u00e9sidents de Kyiv bless\u00e9s et d\u2019un tu\u00e9\u00bb. Le maire Klitschko a dit qu\u2019un adolescent de 13\u00a0ans se trouvait parmi les bless\u00e9s.<\/p>\n<p class=\"sc-cPiKLX AiZTS text-element\">Pour l\u2019administration militaire de Kiev, la ville a subi \u00abune attaque terroriste cynique de la F\u00e9d\u00e9ration de Russie\u00bb, au moyen de drones, ayant frapp\u00e9 neuf endroits diff\u00e9rents de cinq quartiers. Il s\u2019agit \u00abde la part des Russes de terroriser purement et simplement la population civile\u00bb, a tonn\u00e9 sur Telegram Tymur Tkachenko.<\/p>\n<p class=\"sc-cPiKLX AiZTS text-element\">Plusieurs immeubles r\u00e9sidentiels, dont l\u2019un de 25 \u00e9tages et l\u2019autre de 14 \u00e9tages, des maisons individuelles et des automobiles ont \u00e9galement \u00e9t\u00e9 plus ou moins gravement endommag\u00e9s, ont pr\u00e9cis\u00e9 les deux responsables.<\/p>\n<p class=\"sc-cPiKLX AiZTS text-element\">Leur coll\u00e8gue Mykola Kalachnyk, gouverneur de la r\u00e9gion de Kiev, et la mairie de la municipalit\u00e9 de Brovary, en banlieue de la capitale, ont fait \u00e9tat de trois bless\u00e9s de plus, dont deux femmes dans une \u00abattaque de l\u2019ennemi aux drones et aux missiles\u00bb.<\/p>\n<p class=\"sc-cPiKLX AiZTS text-element\">Quelques heures avant cette nouvelle offensive russe contre Kyiv, le pr\u00e9sident ukrainien Volodymyr Zelensky avait limog\u00e9 son chef de cabinet, <a href=\"https:\/\/www.liberation.fr\/international\/europe\/andriy-yirmak-bras-droit-de-volodymyr-zelensky-demissionne-sur-fond-daccusation-de-corruption-20251128_7XTID27WYJGYZJ6MTCW3GFDPJ4\/\" target=\"_blank\" rel=\"noreferrer noopener\" title=\"https:\/\/www.liberation.fr\/international\/europe\/andriy-yirmak-bras-droit-de-volodymyr-zelensky-demissionne-sur-fond-daccusation-de-corruption-20251128_7XTID27WYJGYZJ6MTCW3GFDPJ4\/\">Andrii Iermak, bras droit extr\u00eamement influent<\/a>, \u00e0 la suite d\u2019une enqu\u00eate anticorruption<\/p>\n<p class=\"sc-cPiKLX AiZTS text-element\">Du c\u00f4t\u00e9 de la diplomatie, des n\u00e9gociateurs ukrainiens ont d\u00e9coll\u00e9 ce samedi pour les Etats-Unis, pour des discussions sur le plan am\u00e9ricain visant \u00e0 mettre fin \u00e0 la guerre, a confirm\u00e9 Volodymyr Zelensky. La d\u00e9l\u00e9gation est men\u00e9e par le \u00absecr\u00e9taire du Conseil national de s\u00e9curit\u00e9 et de d\u00e9fense de l\u2019Ukraine, Rustem Oumerov\u00bb, a d\u00e9clar\u00e9 le pr\u00e9sident ukrainien.<\/p>\n<p class=\"sc-cPiKLX AiZTS text-element\">Cette d\u00e9l\u00e9gation ukrainienne rencontrera dimanche <a href=\"https:\/\/www.liberation.fr\/international\/amerique\/marco-rubio-est-un-paillasson-a-washington-lascension-de-lhomme-a-tout-faire-de-donald-trump-20250506_OFKTVNF57JCWTPV4ZSULQ2RAEE\/\" target=\"_blank\" rel=\"noreferrer noopener\" title=\"https:\/\/www.liberation.fr\/international\/amerique\/marco-rubio-est-un-paillasson-a-washington-lascension-de-lhomme-a-tout-faire-de-donald-trump-20250506_OFKTVNF57JCWTPV4ZSULQ2RAEE\/\">le chef de la diplomatie am\u00e9ricaine Marco Rubio<\/a>, l\u2019envoy\u00e9 sp\u00e9cial de Donald Trump, <a href=\"https:\/\/www.liberation.fr\/idees-et-debats\/editorial\/plan-de-paix-americain-pour-lukraine-et-la-russie-steve-witkoff-le-pantin-de-poutine-20251126_RLGQHH2JR5GKNOBVPSR7IQ4M7M\/\" target=\"_blank\" rel=\"noreferrer noopener\" title=\"https:\/\/www.liberation.fr\/idees-et-debats\/editorial\/plan-de-paix-americain-pour-lukraine-et-la-russie-steve-witkoff-le-pantin-de-poutine-20251126_RLGQHH2JR5GKNOBVPSR7IQ4M7M\/\">Steve Witkoff<\/a>, ainsi que <a href=\"https:\/\/www.liberation.fr\/international\/amerique\/au-moyen-orient-les-juteuses-affaires-de-jared-kushner-le-gendre-de-trump-20250206_XKXCMBFR5VCWJHWUGJOOOOXDR4\/\" target=\"_blank\" rel=\"noreferrer noopener\" title=\"https:\/\/www.liberation.fr\/international\/amerique\/au-moyen-orient-les-juteuses-affaires-de-jared-kushner-le-gendre-de-trump-20250206_XKXCMBFR5VCWJHWUGJOOOOXDR4\/\">Jared Kushner<\/a>, le gendre du pr\u00e9sident am\u00e9ricain, a fait savoir un responsable gouvernemental am\u00e9ricain.<\/p>\n<p class=\"sc-cPiKLX AiZTS text-element\">Donald Trump a suscit\u00e9 inqui\u00e9tudes et d\u00e9fiance en pr\u00e9sentant il y a dix jours un plan en 28 points cens\u00e9 mettre fin \u00e0 l\u2019invasion russe qui dure depuis pr\u00e8s de quatre\u00a0ans, mais qui \u00e9tait largement inspir\u00e9 par les d\u00e9sid\u00e9ratas du Kremlin.<\/p>\n<p class=\"sc-cPiKLX AiZTS text-element\">\u00abNous devons travailler sans perdre une seule journ\u00e9e pour nous assurer qu\u2019il y a suffisamment de missiles pour nos syst\u00e8mes de d\u00e9fense a\u00e9rienne, et que tout ce qui est n\u00e9cessaire \u00e0 notre protection et \u00e0 la pression sur la Russie est en place. Il est temps que l\u2019Europe prenne une d\u00e9cision concernant les avoirs gel\u00e9s si Moscou refuse de mettre fin \u00e0 ses frappes de drones et de missiles\u00bb, a martel\u00e9 Volodymyr Zelensky ce samedi apr\u00e8s les nouvelles attaques mortelles sur son pays.<\/p>\n<p class=\"sc-cPiKLX AiZTS text-element\"><b>Mise \u00e0 jour <\/b>\u00e0 20 h 02, avec l\u2019ajout de l\u2019annonce d\u2019une r\u00e9union dimanche \u00e0 Washington.<\/p>\n<p><script async src=\"https:\/\/platform.twitter.com\/widgets.js\" charset=\"utf-8\"><\/script><\/p>\n","protected":false},"excerpt":{"rendered":"Les armes ne se taisent pas pendant les tractations. Une attaque \u00abterroriste\u00bb russe de drones et de missiles&hellip;\n","protected":false},"author":2,"featured_media":567874,"comment_status":"","ping_status":"","sticky":false,"template":"","format":"standard","meta":{"footnotes":""},"categories":[5],"tags":[11,1011,27,14,12,220,297,28],"class_list":{"0":"post-567873","1":"post","2":"type-post","3":"status-publish","4":"format-standard","5":"has-post-thumbnail","7":"category-international","8":"tag-actualites","9":"tag-fr","10":"tag-france","11":"tag-international","12":"tag-news","13":"tag-ukraine","14":"tag-ukraine-la-crise","15":"tag-world"},"share_on_mastodon":{"url":"https:\/\/pubeurope.com\/@fr\/115636143673763407","error":""},"_links":{"self":[{"href":"https:\/\/www.europesays.com\/fr\/wp-json\/wp\/v2\/posts\/567873","targetHints":{"allow":["GET"]}}],"collection":[{"href":"https:\/\/www.europesays.com\/fr\/wp-json\/wp\/v2\/posts"}],"about":[{"href":"https:\/\/www.europesays.com\/fr\/wp-json\/wp\/v2\/types\/post"}],"author":[{"embeddable":true,"href":"https:\/\/www.europesays.com\/fr\/wp-json\/wp\/v2\/users\/2"}],"replies":[{"embeddable":true,"href":"https:\/\/www.europesays.com\/fr\/wp-json\/wp\/v2\/comments?post=567873"}],"version-history":[{"count":0,"href":"https:\/\/www.europesays.com\/fr\/wp-json\/wp\/v2\/posts\/567873\/revisions"}],"wp:featuredmedia":[{"embeddable":true,"href":"https:\/\/www.europesays.com\/fr\/wp-json\/wp\/v2\/media\/567874"}],"wp:attachment":[{"href":"https:\/\/www.europesays.com\/fr\/wp-json\/wp\/v2\/media?parent=567873"}],"wp:term":[{"taxonomy":"category","embeddable":true,"href":"https:\/\/www.europesays.com\/fr\/wp-json\/wp\/v2\/categories?post=567873"},{"taxonomy":"post_tag","embeddable":true,"href":"https:\/\/www.europesays.com\/fr\/wp-json\/wp\/v2\/tags?post=567873"}],"curies":[{"name":"wp","href":"https:\/\/api.w.org\/{rel}","templated":true}]}}