{"id":567879,"date":"2025-11-30T01:53:43","date_gmt":"2025-11-30T01:53:43","guid":{"rendered":"https:\/\/www.europesays.com\/fr\/567879\/"},"modified":"2025-11-30T01:53:43","modified_gmt":"2025-11-30T01:53:43","slug":"firminy-letrange-histoire-de-m-wang-le-coolie-chinois","status":"publish","type":"post","link":"https:\/\/www.europesays.com\/fr\/567879\/","title":{"rendered":"Firminy. L\u2019\u00e9trange histoire de M. Wang, le coolie chinois"},"content":{"rendered":"<p>Le 17\u00a0f\u00e9vrier 1917, le paquebot fran\u00e7ais Athos, transform\u00e9 en Transports de troupes, naviguait au large de La Cr\u00eate, en direction de Marseille. Il \u00e9tait charg\u00e9 de 1\u00a0850 passagers et 38 hommes d\u2019\u00e9quipage. L\u2019Athos avait embarqu\u00e9 \u00e0 Hong-Kong 950 coolies chinois engag\u00e9s (non comme combattants mais comme ouvriers) pour remplacer dans les usines fran\u00e7aises, les ouvriers mobilis\u00e9s sur le front des combats.<\/p>\n<p>\u00c0 son escale \u00e0 Djibouti \u00e9taient mont\u00e9s \u00e0 bord 850 tirailleurs s\u00e9n\u00e9galais. Craignant une attaque des sous-marins allemands, le paquebot \u00e9tait escort\u00e9 par deux torpilleurs anglais\u00a0: \u00ab\u00a0L\u2019Enseigne \u00c9meri\u00a0\u00bb et \u00ab\u00a0Le Mameluk\u00a0\u00bb.<\/p>\n<p>Il \u00e9tait 12\u00a0h\u00a027 lorsqu\u2019une \u00e9norme d\u00e9tonation \u00e9branla l\u2019Athos sur son b\u00e2bord arri\u00e8re. Quatorze&#8230;<\/p>\n","protected":false},"excerpt":{"rendered":"Le 17\u00a0f\u00e9vrier 1917, le paquebot fran\u00e7ais Athos, transform\u00e9 en Transports de troupes, naviguait au large de La Cr\u00eate,&hellip;\n","protected":false},"author":2,"featured_media":567880,"comment_status":"","ping_status":"","sticky":false,"template":"","format":"standard","meta":{"footnotes":""},"categories":[9653],"tags":[1111,11,2430,7539,1777,674,10282,10283,1011,27,937,12,25,4001,104],"class_list":{"0":"post-567879","1":"post","2":"type-post","3":"status-publish","4":"format-standard","5":"has-post-thumbnail","7":"category-saint-etienne","8":"tag-actu","9":"tag-actualites","10":"tag-auvergne-rhone-alpes","11":"tag-edition-loire-sud","12":"tag-eu","13":"tag-europe","14":"tag-firminy","15":"tag-firminy-ville","16":"tag-fr","17":"tag-france","18":"tag-histoire","19":"tag-news","20":"tag-republique-francaise","21":"tag-saint-etienne","22":"tag-societe"},"share_on_mastodon":{"url":"https:\/\/pubeurope.com\/@fr\/115636155407571638","error":""},"_links":{"self":[{"href":"https:\/\/www.europesays.com\/fr\/wp-json\/wp\/v2\/posts\/567879","targetHints":{"allow":["GET"]}}],"collection":[{"href":"https:\/\/www.europesays.com\/fr\/wp-json\/wp\/v2\/posts"}],"about":[{"href":"https:\/\/www.europesays.com\/fr\/wp-json\/wp\/v2\/types\/post"}],"author":[{"embeddable":true,"href":"https:\/\/www.europesays.com\/fr\/wp-json\/wp\/v2\/users\/2"}],"replies":[{"embeddable":true,"href":"https:\/\/www.europesays.com\/fr\/wp-json\/wp\/v2\/comments?post=567879"}],"version-history":[{"count":0,"href":"https:\/\/www.europesays.com\/fr\/wp-json\/wp\/v2\/posts\/567879\/revisions"}],"wp:featuredmedia":[{"embeddable":true,"href":"https:\/\/www.europesays.com\/fr\/wp-json\/wp\/v2\/media\/567880"}],"wp:attachment":[{"href":"https:\/\/www.europesays.com\/fr\/wp-json\/wp\/v2\/media?parent=567879"}],"wp:term":[{"taxonomy":"category","embeddable":true,"href":"https:\/\/www.europesays.com\/fr\/wp-json\/wp\/v2\/categories?post=567879"},{"taxonomy":"post_tag","embeddable":true,"href":"https:\/\/www.europesays.com\/fr\/wp-json\/wp\/v2\/tags?post=567879"}],"curies":[{"name":"wp","href":"https:\/\/api.w.org\/{rel}","templated":true}]}}