{"id":567881,"date":"2025-11-30T01:55:32","date_gmt":"2025-11-30T01:55:32","guid":{"rendered":"https:\/\/www.europesays.com\/fr\/567881\/"},"modified":"2025-11-30T01:55:32","modified_gmt":"2025-11-30T01:55:32","slug":"asse-ecotay-moingt-11-1-les-verts-largement-et-logiquement-victorieux","status":"publish","type":"post","link":"https:\/\/www.europesays.com\/fr\/567881\/","title":{"rendered":"ASSE &#8211; \u00c9cotay-Moingt (11-1) : les Verts largement et logiquement victorieux\u00a0"},"content":{"rendered":"<p>L&rsquo;AS Saint-\u00c9tienne n&rsquo;a pas trembl\u00e9 face \u00e0 l&rsquo;US \u00c9cotay-Moingt (R3) lors du derby lig\u00e9rien comptant pour le 8e tour de la Coupe de France. Les Verts se sont impos\u00e9s tr\u00e8s largement 11 \u00e0 1 au stade Geoffroy Guichard, samedi 29 novembre.<\/p>\n<p>Comme attendu, l&rsquo;\u00e9cart de niveau (six divisions) a rendu la rencontre totalement d\u00e9s\u00e9quilibr\u00e9e.<\/p>\n<p><b>L&rsquo;ASSE <\/b>a fait respecter la hi\u00e9rarchie devant 26.801 supporters venus assister \u00e0 un match \u00e0 sens unique qui s&rsquo;est termin\u00e9 sur le score de 11 buts \u00e0 1.<\/p>\n<p><b>L&rsquo;US \u00c9cotay-Moingt<\/b>, petit poucet de ce tour, a tout de m\u00eame r\u00e9ussi \u00e0 sauver l&rsquo;honneur gr\u00e2ce \u00e0 un superbe coup franc de Jules Vial en seconde p\u00e9riode.<\/p>\n<p>Les Verts d\u00e9crochent donc sans difficult\u00e9 leur billet pour les 32es de finale de la Coupe de France.\u00a0<\/p>\n<p>Le tirage au sort aura lieu lundi 1er d\u00e9cembre \u00e0 19h au Parc des Princes.<\/p>\n<p>Prochain match pour les hommes d&rsquo;Eirik Horneland : un d\u00e9placement \u00e0 Dunkerque samedi 6 d\u00e9cembre \u00e0 20h pour la 16e journ\u00e9e de Ligue 2.<\/p>\n<p>Avec sept buts en 45 minutes, l&rsquo;ASSE a pli\u00e9 l&rsquo;affaire tr\u00e8s vite<\/p>\n<p>Les joueurs d&rsquo;\u00c9cotay-Moingt ont r\u00e9sist\u00e9 dix minutes avant l&rsquo;ouverture du score, et ont m\u00eame eu la joie de c\u00e9l\u00e9brer un but dans le Chaudron.\u00a0<\/p>\n<p>Mais les Verts ont d\u00e9roul\u00e9 sans laisser respirer leur adversaire.<\/p>\n<p>Les buteurs de la rencontre (dans l&rsquo;ordre) :<\/p>\n<p>Ben Old (11&prime;) : 1-0<\/p>\n<p>Igor Miladinovic (14&prime;) : 2-0<\/p>\n<p>Augustine Boakye (25&prime;) : 3-0<\/p>\n<p>Ben Old (31&prime;) : 4-0<\/p>\n<p>Joao Ferreira (33&prime;) : 5-0<\/p>\n<p>Nadir El Jamali (38&prime;) : 6-0<\/p>\n<p>Ben Old (42&prime;) : 7-0<\/p>\n<p><b>Mi-temps<\/b><\/p>\n<p>Ben Old (56&prime;) : 8-0<\/p>\n<p>Paul Eymard (67&prime;) : 9-0<\/p>\n<p>Jules Vial (70&prime;) : 9-1 (\u00c9cotay-Moingt, coup franc, c\u00e9l\u00e9br\u00e9 par tout le stade)<\/p>\n<p>Nadir El Jamali (73&prime;) : 10-1<\/p>\n<p>But de l&rsquo;ASSE sur un csc d&rsquo;\u00c9cotay (90&prime;) : 11-1<\/p>\n<tr>\n<td class=\"defaut\"><a href=\"https:\/\/www.radioscoop.com\/sport\/javascript:void(0)\" onclick=\"parent.RS.diaporama.addMedia(717332) ;\" target=\"_blank\" rel=\"noopener\"><img loading=\"lazy\" decoding=\"async\" src=\"https:\/\/www.europesays.com\/fr\/wp-content\/uploads\/2025\/11\/1764467730_811_img\" width=\"640\" height=\"360\" border=\"0\" title=\"En d\u00e9pit d'\u00eatre interdits d'assister au match dans la tribune sud, plusieurs membres des Green Angels \u00e9taient bien pr\u00e9sents au stade Geoffroy Guichard. \u00a9 Radio SCOOP.\"\/><\/a><\/td>\n<\/tr>\n<tr\/><img loading=\"lazy\" decoding=\"async\" src=\"https:\/\/www.europesays.com\/fr\/wp-content\/uploads\/2025\/11\/1764467732_851_img\" width=\"350\" height=\"200\" border=\"0\" title=\"Thomas Andrieux \u00c3\u00a9tait \u00c3\u00a0 la t\u00c3\u00aate de l'\u00c3\u00a9quipe depuis juillet 2024\"\/><\/p>\n<p>\u25baBasket<\/p>\n<p style=\"font-size: 22px;\"><b>\u00c9lite 2\u00a0: Thomas Andrieux n&rsquo;est plus l&rsquo;entra\u00eeneur de la Chorale\u00a0<\/b><\/p>\n<p>Apr\u00e8s pr\u00e8s d&rsquo;un an et demi \u00e0 la t\u00eate de l&rsquo;\u00e9quipe,&#8230;<\/p>\n<p><\/p>\n","protected":false},"excerpt":{"rendered":"L&rsquo;AS Saint-\u00c9tienne n&rsquo;a pas trembl\u00e9 face \u00e0 l&rsquo;US \u00c9cotay-Moingt (R3) lors du derby lig\u00e9rien comptant pour le 8e&hellip;\n","protected":false},"author":2,"featured_media":567882,"comment_status":"","ping_status":"","sticky":false,"template":"","format":"standard","meta":{"footnotes":""},"categories":[9653],"tags":[1111,11,461,2430,83,68329,1777,674,63,1011,27,3367,7357,12,25,9920,4001,68328,68327],"class_list":{"0":"post-567881","1":"post","2":"type-post","3":"status-publish","4":"format-standard","5":"has-post-thumbnail","7":"category-saint-etienne","8":"tag-actu","9":"tag-actualites","10":"tag-asse","11":"tag-auvergne-rhone-alpes","12":"tag-coupe-de-france","13":"tag-ecotay-moignt","14":"tag-eu","15":"tag-europe","16":"tag-football","17":"tag-fr","18":"tag-france","19":"tag-loire","20":"tag-montbrison","21":"tag-news","22":"tag-republique-francaise","23":"tag-saint-tienne","24":"tag-saint-etienne","25":"tag-us-ecotay-moingt","26":"tag-usem"},"share_on_mastodon":{"url":"https:\/\/pubeurope.com\/@fr\/115636165471449636","error":""},"_links":{"self":[{"href":"https:\/\/www.europesays.com\/fr\/wp-json\/wp\/v2\/posts\/567881","targetHints":{"allow":["GET"]}}],"collection":[{"href":"https:\/\/www.europesays.com\/fr\/wp-json\/wp\/v2\/posts"}],"about":[{"href":"https:\/\/www.europesays.com\/fr\/wp-json\/wp\/v2\/types\/post"}],"author":[{"embeddable":true,"href":"https:\/\/www.europesays.com\/fr\/wp-json\/wp\/v2\/users\/2"}],"replies":[{"embeddable":true,"href":"https:\/\/www.europesays.com\/fr\/wp-json\/wp\/v2\/comments?post=567881"}],"version-history":[{"count":0,"href":"https:\/\/www.europesays.com\/fr\/wp-json\/wp\/v2\/posts\/567881\/revisions"}],"wp:featuredmedia":[{"embeddable":true,"href":"https:\/\/www.europesays.com\/fr\/wp-json\/wp\/v2\/media\/567882"}],"wp:attachment":[{"href":"https:\/\/www.europesays.com\/fr\/wp-json\/wp\/v2\/media?parent=567881"}],"wp:term":[{"taxonomy":"category","embeddable":true,"href":"https:\/\/www.europesays.com\/fr\/wp-json\/wp\/v2\/categories?post=567881"},{"taxonomy":"post_tag","embeddable":true,"href":"https:\/\/www.europesays.com\/fr\/wp-json\/wp\/v2\/tags?post=567881"}],"curies":[{"name":"wp","href":"https:\/\/api.w.org\/{rel}","templated":true}]}}