{"id":567885,"date":"2025-11-30T02:01:29","date_gmt":"2025-11-30T02:01:29","guid":{"rendered":"https:\/\/www.europesays.com\/fr\/567885\/"},"modified":"2025-11-30T02:01:29","modified_gmt":"2025-11-30T02:01:29","slug":"causeries-de-la-rade-toulon-ecrase-montauban-sans-convaincre-ca-bouge-cote-transferts-projection-sur-la-coupe-deurope","status":"publish","type":"post","link":"https:\/\/www.europesays.com\/fr\/567885\/","title":{"rendered":"Causeries de la Rade : Toulon \u00e9crase Montauban sans convaincre, \u00e7a bouge c\u00f4t\u00e9 transferts &#038; projection sur la Coupe d\u2019Europe !"},"content":{"rendered":"<p>Dans cet \u00e9pisode des Causeries, l\u2019\u00e9quipe revient sur la victoire imparfaite contre Montauban, les rumeurs transferts de la semaine, les mauvaises nouvelles et se projette sur la coupe d\u2019Europe.<\/p>\n<p>Et enfin le d\u00e9bat du jour, Toulon doit-il jouer la coupe d\u2019Europe \u00e0 fond ?<\/p>\n<p><strong>Le Podcast est disponible sur tous les services de Streaming (cliquez sur le logo correspondant pour acc\u00e9der \u00e0 l\u2019\u00e9pisode) ou sur Podcast Addict et Pocket Casts :<\/strong><br \/><a href=\"https:\/\/open.spotify.com\/show\/1sROt2YmbjkE4gdPkgCrZF\" target=\"_blank\" rel=\"noopener\"><img decoding=\"async\" class=\"alignnone size-full wp-image-335154\" src=\"https:\/\/www.europesays.com\/fr\/wp-content\/uploads\/2025\/11\/spotify.png\" alt=\"\" height=\"40\"  \/><\/a><br \/><a href=\"https:\/\/podcasts.apple.com\/us\/podcast\/les-causeries-de-la-rade\/id1675163154\" target=\"_blank\" rel=\"noopener\"><img decoding=\"async\" class=\"alignnone size-full wp-image-335157\" src=\"https:\/\/www.europesays.com\/fr\/wp-content\/uploads\/2025\/11\/apple.png\" alt=\"\" height=\"40\"  \/><\/a><br \/><a href=\"https:\/\/www.amazon.fr\/Les-Causeries-de-la-Rade\/dp\/B0BWBYMX4P\" target=\"_blank\" rel=\"noopener\"><img decoding=\"async\" class=\"alignnone size-full wp-image-335155\" src=\"https:\/\/www.europesays.com\/fr\/wp-content\/uploads\/2025\/11\/1764468086_823_amazon-music.png\" alt=\"\" height=\"40\"  \/><\/a><br \/><a href=\"https:\/\/www.deezer.com\/fr\/show\/5795677\" target=\"_blank\" rel=\"noopener\"><img decoding=\"async\" class=\"alignnone size-full wp-image-335156\" src=\"https:\/\/www.europesays.com\/fr\/wp-content\/uploads\/2025\/11\/1764468089_499_deezer.png\" alt=\"\" height=\"40\"  \/><\/a><\/p>\n<p>\u00a0<\/p>\n<p>Vous pouvez aussi \u00e9couter <strong>l\u2019\u00e9mission directement ici (m\u00eame si c\u2019est moins pratique) :<\/strong><\/p>\n<\/p>\n<p>Les Causeries de la Rade ont des comptes <a href=\"https:\/\/twitter.com\/LesCauseries\" target=\"_blank\" rel=\"noopener\">Twitter<\/a> et <a href=\"https:\/\/www.facebook.com\/causeriesdelarade\" target=\"_blank\" rel=\"noopener\">Facebook<\/a>, n\u2019h\u00e9sitez pas \u00e0 leur faire vos retours !<\/p>\n<p><script async src=\"https:\/\/platform.twitter.com\/widgets.js\" charset=\"utf-8\"><\/script><\/p>\n","protected":false},"excerpt":{"rendered":"Dans cet \u00e9pisode des Causeries, l\u2019\u00e9quipe revient sur la victoire imparfaite contre Montauban, les rumeurs transferts de la&hellip;\n","protected":false},"author":2,"featured_media":567886,"comment_status":"","ping_status":"","sticky":false,"template":"","format":"standard","meta":{"footnotes":""},"categories":[9619],"tags":[1111,11,1777,674,1011,27,12,882,25,2310],"class_list":{"0":"post-567885","1":"post","2":"type-post","3":"status-publish","4":"format-standard","5":"has-post-thumbnail","7":"category-toulon","8":"tag-actu","9":"tag-actualites","10":"tag-eu","11":"tag-europe","12":"tag-fr","13":"tag-france","14":"tag-news","15":"tag-provence-alpes-cote-dazur","16":"tag-republique-francaise","17":"tag-toulon"},"share_on_mastodon":{"url":"https:\/\/pubeurope.com\/@fr\/115636188351770942","error":""},"_links":{"self":[{"href":"https:\/\/www.europesays.com\/fr\/wp-json\/wp\/v2\/posts\/567885","targetHints":{"allow":["GET"]}}],"collection":[{"href":"https:\/\/www.europesays.com\/fr\/wp-json\/wp\/v2\/posts"}],"about":[{"href":"https:\/\/www.europesays.com\/fr\/wp-json\/wp\/v2\/types\/post"}],"author":[{"embeddable":true,"href":"https:\/\/www.europesays.com\/fr\/wp-json\/wp\/v2\/users\/2"}],"replies":[{"embeddable":true,"href":"https:\/\/www.europesays.com\/fr\/wp-json\/wp\/v2\/comments?post=567885"}],"version-history":[{"count":0,"href":"https:\/\/www.europesays.com\/fr\/wp-json\/wp\/v2\/posts\/567885\/revisions"}],"wp:featuredmedia":[{"embeddable":true,"href":"https:\/\/www.europesays.com\/fr\/wp-json\/wp\/v2\/media\/567886"}],"wp:attachment":[{"href":"https:\/\/www.europesays.com\/fr\/wp-json\/wp\/v2\/media?parent=567885"}],"wp:term":[{"taxonomy":"category","embeddable":true,"href":"https:\/\/www.europesays.com\/fr\/wp-json\/wp\/v2\/categories?post=567885"},{"taxonomy":"post_tag","embeddable":true,"href":"https:\/\/www.europesays.com\/fr\/wp-json\/wp\/v2\/tags?post=567885"}],"curies":[{"name":"wp","href":"https:\/\/api.w.org\/{rel}","templated":true}]}}