{"id":567894,"date":"2025-11-30T02:13:14","date_gmt":"2025-11-30T02:13:14","guid":{"rendered":"https:\/\/www.europesays.com\/fr\/567894\/"},"modified":"2025-11-30T02:13:14","modified_gmt":"2025-11-30T02:13:14","slug":"a-rennes-les-lumieres-de-noel-brillent-de-nouveau","status":"publish","type":"post","link":"https:\/\/www.europesays.com\/fr\/567894\/","title":{"rendered":"\u00c0 Rennes, les lumi\u00e8res de No\u00ebl brillent de nouveau"},"content":{"rendered":"<p>Ce samedi soir, la maire de Rennes, Nathalie App\u00e9r\u00e9, a donn\u00e9 le top d\u00e9part des illuminations de No\u00ebl. Jusqu\u2019au 4 janvier, les rues du centre-ville vont ainsi rev\u00eatir leurs habits de lumi\u00e8re pour c\u00e9l\u00e9brer les f\u00eates de fin d\u2018ann\u00e9e. Pour l\u2019occasion une d\u00e9ambulation musicale a men\u00e9 la foule des curieux de la place Sainte-Anne \u00e0 la place du parlement de Bretagne o\u00f9 un sapin de plusieurs m\u00e8tres de haut a \u00e9t\u00e9 dress\u00e9 et d\u00e9cor\u00e9 aux couleurs de No\u00ebl. C\u2019est l\u00e0 que les illuminations ont \u00e9t\u00e9 lanc\u00e9es pour cinq semaines et brilleront chaque soir jusque 23 h \u00e0 l\u2019exception des nuits des 24 et 31 d\u00e9cembre o\u00f9 elles resteront allum\u00e9es. Au total 10 km de guirlandes ont \u00e9t\u00e9 install\u00e9s \u00e0 travers la ville et un millier de d\u00e9cors ont pouss\u00e9 dans diff\u00e9rentes rues dont la plupart ont \u00e9t\u00e9 r\u00e9alis\u00e9s avec du bois recycl\u00e9 par les agents municipaux.<\/p>\n","protected":false},"excerpt":{"rendered":"Ce samedi soir, la maire de Rennes, Nathalie App\u00e9r\u00e9, a donn\u00e9 le top d\u00e9part des illuminations de No\u00ebl.&hellip;\n","protected":false},"author":2,"featured_media":567895,"comment_status":"","ping_status":"","sticky":false,"template":"","format":"standard","meta":{"footnotes":""},"categories":[2821],"tags":[1111,11,829,765,1777,674,1011,27,848,12,584,25],"class_list":{"0":"post-567894","1":"post","2":"type-post","3":"status-publish","4":"format-standard","5":"has-post-thumbnail","7":"category-rennes","8":"tag-actu","9":"tag-actualites","10":"tag-bretagne","11":"tag-en-continu","12":"tag-eu","13":"tag-europe","14":"tag-fr","15":"tag-france","16":"tag-ille-et-vilaine","17":"tag-news","18":"tag-rennes","19":"tag-republique-francaise"},"share_on_mastodon":{"url":"https:\/\/pubeurope.com\/@fr\/115636234197466245","error":""},"_links":{"self":[{"href":"https:\/\/www.europesays.com\/fr\/wp-json\/wp\/v2\/posts\/567894","targetHints":{"allow":["GET"]}}],"collection":[{"href":"https:\/\/www.europesays.com\/fr\/wp-json\/wp\/v2\/posts"}],"about":[{"href":"https:\/\/www.europesays.com\/fr\/wp-json\/wp\/v2\/types\/post"}],"author":[{"embeddable":true,"href":"https:\/\/www.europesays.com\/fr\/wp-json\/wp\/v2\/users\/2"}],"replies":[{"embeddable":true,"href":"https:\/\/www.europesays.com\/fr\/wp-json\/wp\/v2\/comments?post=567894"}],"version-history":[{"count":0,"href":"https:\/\/www.europesays.com\/fr\/wp-json\/wp\/v2\/posts\/567894\/revisions"}],"wp:featuredmedia":[{"embeddable":true,"href":"https:\/\/www.europesays.com\/fr\/wp-json\/wp\/v2\/media\/567895"}],"wp:attachment":[{"href":"https:\/\/www.europesays.com\/fr\/wp-json\/wp\/v2\/media?parent=567894"}],"wp:term":[{"taxonomy":"category","embeddable":true,"href":"https:\/\/www.europesays.com\/fr\/wp-json\/wp\/v2\/categories?post=567894"},{"taxonomy":"post_tag","embeddable":true,"href":"https:\/\/www.europesays.com\/fr\/wp-json\/wp\/v2\/tags?post=567894"}],"curies":[{"name":"wp","href":"https:\/\/api.w.org\/{rel}","templated":true}]}}