{"id":567898,"date":"2025-11-30T02:15:24","date_gmt":"2025-11-30T02:15:24","guid":{"rendered":"https:\/\/www.europesays.com\/fr\/567898\/"},"modified":"2025-11-30T02:15:24","modified_gmt":"2025-11-30T02:15:24","slug":"le-champagne-basket-feminin-a-repondu-collectivement-contre-strasbourg-sport-club","status":"publish","type":"post","link":"https:\/\/www.europesays.com\/fr\/567898\/","title":{"rendered":"Le Champagne Basket F\u00e9minin a r\u00e9pondu collectivement contre Strasbourg \u2022 Sport Club"},"content":{"rendered":"<p><strong>Malgr\u00e9 un \u00e9norme trou dans le second quart-temps, les P\u00e9tillantes du Champagne Basket F\u00e9minin sont all\u00e9es chercher un 4e succ\u00e8s cette saison en Ligue 2. Une victoire appr\u00e9ciable une semaine apr\u00e8s la d\u00e9sillusion \u00e0 Rouen. Dans une rencontre au sc\u00e9nario \u00e9tonnant face \u00e0 la SIG, les R\u00e9moises ont montr\u00e9 combien elles \u00e9taient capables lorsqu\u2019elles \u0153uvraient dans le m\u00eame sens. Dominatrices au rebond, plus agressives apr\u00e8s la pause, les prot\u00e9g\u00e9es de Matthieu Trouvay se sont offerts plus que de l\u2019air au classement. Il s\u2019agit peut-\u00eatre d\u2019un acte fondateur pour la suite. A confirmer \u00e0 Nice.<\/strong><\/p>\n<blockquote><p>\nFEUILLE DE MATCH\n<\/p><\/blockquote>\n<p style=\"text-align: center;\"><strong>\u00a0<\/strong> <strong>CHAMPAGNE\u00a0<\/strong><strong>BF <\/strong><img loading=\"lazy\" data-recalc-dims=\"1\" decoding=\"async\" class=\"\" src=\"https:\/\/www.europesays.com\/fr\/wp-content\/uploads\/2025\/11\/1764468923_424_672ce50f53ae8c800f6b5825509e60c0T1.jpg\" width=\"17\" height=\"17\"\/><strong> 80-74<\/strong>\u00a0<img loading=\"lazy\" decoding=\"async\" class=\"\" src=\"https:\/\/api.ffbb.com\/assets\/1364b7b9-3a46-4514-a202-f4035b2b0c6d?height=220&amp;fit=contain&amp;format=avif\" alt=\"logo S.I. GRAFFENSTADEN\" width=\"13\" height=\"19\"\/> <strong>SIG STRASBOURG<br \/><\/strong>(24-11, 11-31, 27-20, 18-12)<\/p>\n<p><strong>ARBITRES<\/strong> : Thomas Joseph &amp; Maxime Breyne<br \/><strong><img loading=\"lazy\" data-recalc-dims=\"1\" decoding=\"async\" class=\"\" src=\"https:\/\/www.europesays.com\/fr\/wp-content\/uploads\/2025\/11\/1764468923_424_672ce50f53ae8c800f6b5825509e60c0T1.jpg\" width=\"17\" height=\"17\"\/>\u00a0REIMS<\/strong>\u00a0(29\/78 aux tirs, soit 37,2% de r\u00e9ussite, dont 5\/30 \u00e0 3pts, 47 rebonds, 22 passes, 16 balles perdues, 22 fautes) : Poole 19, Faillot 17, Diouf 15, Ounounou 7, Vieira 6, Aman 4, Kessler 4, Kongo 4, Saint-Martin 4.\u00a0Entr. : Matthieu Trouvay<br \/><strong><img loading=\"lazy\" decoding=\"async\" class=\"\" src=\"https:\/\/api.ffbb.com\/assets\/1364b7b9-3a46-4514-a202-f4035b2b0c6d?height=220&amp;fit=contain&amp;format=avif\" alt=\"logo S.I. GRAFFENSTADEN\" width=\"13\" height=\"19\"\/> SIG <\/strong>(24\/52 aux tirs, soit 46,2% de r\u00e9ussite, dont 9\/16 \u00e0 3pts, 32 rebonds, 19 passes, 26 balles perdues, 17 fautes) : Mikorek 19, Desset 13, Morris 12, Lenglet 10, Mouyokolo 10, Effa 4, Maquiesse 3, Von Banck 3. Entr. : C. Mah\u00e9<\/p>\n<blockquote><p>\nRESULTATS &amp; CLASSEMENT\n<\/p><\/blockquote>\n<p>Sport Club Global Media<\/p>\n<\/p>\n<blockquote><p>\nPROCHAIN MATCH\n<\/p><\/blockquote>\n<p>\ud83c\udd9a Nice<br \/>\ud83c\udfc6 Ligue F\u00e9minine 2 (10e journ\u00e9e)<br \/>\ud83d\udcc5 samedi 6 d\u00e9cembre 2025<br \/>\u231a 20h<br \/>\ud83c\udfdf\u00a0 \u00e0 Nice<\/p>\n","protected":false},"excerpt":{"rendered":"Malgr\u00e9 un \u00e9norme trou dans le second quart-temps, les P\u00e9tillantes du Champagne Basket F\u00e9minin sont all\u00e9es chercher un&hellip;\n","protected":false},"author":2,"featured_media":567899,"comment_status":"","ping_status":"","sticky":false,"template":"","format":"standard","meta":{"footnotes":""},"categories":[2820],"tags":[1111,11,1465,67107,67108,1777,674,12300,1011,27,775,67109,12,67110,25,640],"class_list":{"0":"post-567898","1":"post","2":"type-post","3":"status-publish","4":"format-standard","5":"has-post-thumbnail","7":"category-strasbourg","8":"tag-actu","9":"tag-actualites","10":"tag-basket","11":"tag-cbf","12":"tag-champagne-basket-feminin","13":"tag-eu","14":"tag-europe","15":"tag-feminines","16":"tag-fr","17":"tag-france","18":"tag-grand-est","19":"tag-lf2","20":"tag-news","21":"tag-petillantes","22":"tag-republique-francaise","23":"tag-strasbourg"},"share_on_mastodon":{"url":"https:\/\/pubeurope.com\/@fr\/115636242798561176","error":""},"_links":{"self":[{"href":"https:\/\/www.europesays.com\/fr\/wp-json\/wp\/v2\/posts\/567898","targetHints":{"allow":["GET"]}}],"collection":[{"href":"https:\/\/www.europesays.com\/fr\/wp-json\/wp\/v2\/posts"}],"about":[{"href":"https:\/\/www.europesays.com\/fr\/wp-json\/wp\/v2\/types\/post"}],"author":[{"embeddable":true,"href":"https:\/\/www.europesays.com\/fr\/wp-json\/wp\/v2\/users\/2"}],"replies":[{"embeddable":true,"href":"https:\/\/www.europesays.com\/fr\/wp-json\/wp\/v2\/comments?post=567898"}],"version-history":[{"count":0,"href":"https:\/\/www.europesays.com\/fr\/wp-json\/wp\/v2\/posts\/567898\/revisions"}],"wp:featuredmedia":[{"embeddable":true,"href":"https:\/\/www.europesays.com\/fr\/wp-json\/wp\/v2\/media\/567899"}],"wp:attachment":[{"href":"https:\/\/www.europesays.com\/fr\/wp-json\/wp\/v2\/media?parent=567898"}],"wp:term":[{"taxonomy":"category","embeddable":true,"href":"https:\/\/www.europesays.com\/fr\/wp-json\/wp\/v2\/categories?post=567898"},{"taxonomy":"post_tag","embeddable":true,"href":"https:\/\/www.europesays.com\/fr\/wp-json\/wp\/v2\/tags?post=567898"}],"curies":[{"name":"wp","href":"https:\/\/api.w.org\/{rel}","templated":true}]}}