{"id":567901,"date":"2025-11-30T02:18:26","date_gmt":"2025-11-30T02:18:26","guid":{"rendered":"https:\/\/www.europesays.com\/fr\/567901\/"},"modified":"2025-11-30T02:18:26","modified_gmt":"2025-11-30T02:18:26","slug":"a-nice-laura-tenoudji-et-christian-estrosi-en-tenues-de-fete-pour-lancer-les-illuminations-de-noel","status":"publish","type":"post","link":"https:\/\/www.europesays.com\/fr\/567901\/","title":{"rendered":"\u00c0 Nice, Laura Tenoudji et Christian Estrosi en tenues de f\u00eate pour lancer les illuminations de No\u00ebl"},"content":{"rendered":"<p>                                    <img decoding=\"async\" src=\"https:\/\/www.europesays.com\/fr\/wp-content\/uploads\/2025\/11\/f2ee42275983c9b4f1ae7d04cef1d5f49bede199b0a42fb9be62e678460cfba6.jpg\" alt=\"Christian Estrosi\u00a0: Politique, Laura Tenoudji, Vie Priv\u00e9e... Ce qu'il faut conna\u00eetre\" class=\"a11y-hidden\" fetchpriority=\"high\"\/><\/p>\n<p class=\"fig-standfirst\">\n    Ce vendredi 28 septembre, Christian Estrosi et sa femme, Laura Tenoudji, ont inaugur\u00e9 les illuminations et d\u00e9corations de No\u00ebl \u00e0 Nice, ainsi que le march\u00e9 qui sera ouvert jusqu\u2019au d\u00e9but de 2026.<\/p>\n<p class=\"fig-paragraph\">La ville de Nice n\u2019est peut-\u00eatre pas celle que l\u2019on\u00a0<a href=\"https:\/\/www.gala.fr\/lifestyle\/avec-881-de-requetes-ce-marche-de-noel-est-le-plus-populaire-en-france-et-ce-n-est-pas-celui-de-strasbourg-20251127\" target=\"_blank\" data-fig-type=\"Article\" rel=\"sponsored noopener\" data-gtm-custom-categorie=\"navigation\" data-gtm-custom-action=\"crossclick\" data-gtm-custom-label=\"Contextuel\" data-gtm-event=\"customEventSPE\" data-fig-domain=\"GALA\">associe en premier \u00e0 la magie de No\u00ebl.<\/a>\u00a0Et pourtant,<a href=\"https:\/\/www.gala.fr\/l_actu\/news_de_stars\/entoures-de-celebrites-christian-estrosi-et-laura-tenoudji-cloturent-le-festival-cineroman-de-nice-en-beaute-20251005\" target=\"_blank\" data-fig-type=\"Article\" rel=\"sponsored noopener\" data-gtm-custom-categorie=\"navigation\" data-gtm-custom-action=\"crossclick\" data-gtm-custom-label=\"Contextuel\" data-gtm-event=\"customEventSPE\" data-fig-domain=\"GALA\">\u00a0la commune des Alpes-Maritimes<\/a>\u00a0s\u2019est d\u00e9j\u00e0 drap\u00e9e de ses plus belles lumi\u00e8res\u00a0<a href=\"https:\/\/www.gala.fr\/lifestyle\/adieu-les-boules-de-noel-voici-les-nouvelles-decorations-de-sapin-a-suspendre-pour-surprendre-20251127\" target=\"_blank\" data-fig-type=\"Article\" rel=\"sponsored noopener\" data-gtm-custom-categorie=\"navigation\" data-gtm-custom-action=\"crossclick\" data-gtm-custom-label=\"Contextuel\" data-gtm-event=\"customEventSPE\" data-fig-domain=\"GALA\">pour les f\u00eates de fin d\u2019ann\u00e9e.<\/a>\u00a0Le 28 septembre, le maire, Christian Estrosi, \u00e9tait de sortie pour inaugurer les premi\u00e8res illuminations. V\u00eatu d\u2019un cir\u00e9 bleu marine port\u00e9 sur un costume assorti avec cravate, il \u00e9tait accompagn\u00e9\u00a0<a href=\"https:\/\/www.gala.fr\/l_actu\/news_de_stars\/laura-tenoudji-et-christian-estrosi-amoureux-ce-baiser-extremement-passionne-qui-n-est-pas-passe-inapercu-20251123\" target=\"_blank\" data-fig-type=\"Article\" rel=\"sponsored noopener\" data-gtm-custom-categorie=\"navigation\" data-gtm-custom-action=\"crossclick\" data-gtm-custom-label=\"Contextuel\" data-gtm-event=\"customEventSPE\" data-fig-domain=\"GALA\">de sa femme<\/a>\u00a0et\u00a0<a href=\"https:\/\/www.gala.fr\/l_actu\/news_de_stars\/christian-estrosi-en-famille-a-nice-sa-femme-laura-tenoudji-et-leur-fille-bianca-en-tenues-assorties-20251102\" target=\"_blank\" data-fig-type=\"Article\" rel=\"sponsored noopener\" data-gtm-custom-categorie=\"navigation\" data-gtm-custom-action=\"crossclick\" data-gtm-custom-label=\"Contextuel\" data-gtm-event=\"customEventSPE\" data-fig-domain=\"GALA\">m\u00e8re de sa fille Bianca,<\/a>\u00a0Laura Tenoudji, pour marquer le coup. Celle-ci a choisi de mettre une robe noire sur un manteau en feutrine, habill\u00e9e d\u2019une pochette grise et de boucles d\u2019oreilles assorties. Son mari en a profit\u00e9 aussi pour mettre en lumi\u00e8re le village de No\u00ebl, qui accueille d\u2019ores et d\u00e9j\u00e0 de nombreux gourmands et touristes. Il n\u2019\u00e9tait pas seulement venu avec sa conjointe puisque plusieurs \u00e9lus de sa majorit\u00e9 municipale \u00e9taient aussi pr\u00e9sents pour cet \u00e9v\u00e9nement annon\u00e7ant en fanfare l\u2019arriv\u00e9e de d\u00e9cembre.<\/p>\n<p class=\"fig-paragraph\">Cette ann\u00e9e, les quartiers de Nice seront illumin\u00e9s par plus de 130 kilom\u00e8tres de guirlandes f\u00e9eriques et d\u00e9cor\u00e9s de plusieurs sapins pour faire r\u00eaver les petits comme les grands. Dans sa story Instagram, Christian Estrosi a d\u00e9voil\u00e9 les plus belles photos de sa ville habill\u00e9e pour l\u2019hiver. Il s\u2019est dit \u00ab heureux de partager avec les Ni\u00e7oises et les Ni\u00e7ois le lancement des illuminations qui font vivre l\u2019esprit de No\u00ebl dans toute la ville\u00a0\u00bb. Il a \u00e9galement annonc\u00e9 \u00e0 ceux qui comptent acheter leurs cadeaux sur le march\u00e9 ou se r\u00e9galer que le village de No\u00ebl est ouvert \u00ab jusqu\u2019au 4 janvier\u00a0\u00bb prochain et qu\u2019il compte \u00ab 66 chalets, des jeux et des animations et une ambiance festive pour toutes les g\u00e9n\u00e9rations\u00a0\u00bb. Christian Estrosi est all\u00e9 \u00e0 la rencontre de ces commer\u00e7ants et de la population qui profite d\u00e9j\u00e0 de ces installations de fin d\u2019ann\u00e9e.<\/p>\n<p>    Christian Estrosi et Laura Tenoudji \u00e0 Nice le 28 novembre 2025.<br \/>\n                Bruno Bebert \/ Bestimage<\/p>\n<p>                                                                <a href=\"#slideshow-header\"><\/p>\n<p class=\"fig-slideshow__title\">\n                    PHOTOS &#8211; Laura Tenoudji et Christian Estrosi au Carnaval de Nice 2025\u00a0: leur adorable fille Bianca \u00e0 leurs c\u00f4t\u00e9s\n                <\/p>\n<p>    <\/a><br \/>\n                                                                <a class=\"fig-a11y-skip\" href=\"#fig-a11y-skip-main-inarticle\" data-module=\"a11y-skip\" data-context=\"was @visible\"><br \/>\n    Passer la publicit\u00e9<br \/>\n<\/a>            <\/p>\n<p>                                                                Ces \u00e9lans de g\u00e9n\u00e9rosit\u00e9 envers ceux qui n\u2019ont rien<\/p>\n<p class=\"fig-paragraph\">Sur un autre ton, le maire a aussi lanc\u00e9 la Collecte nationale de la banque alimentaire 06. Dans la matin\u00e9e, il a ainsi rendu visite aux courageux b\u00e9n\u00e9voles pr\u00e9sents au Leclerc de Saint-Isidore qui pensent \u00e0 ceux qui n\u2019ont rien et passeront les f\u00eates de fin d\u2019ann\u00e9e gr\u00e2ce \u00e0 la bienveillance des uns et des autres. Christian Estrosi a ainsi remerci\u00e9 \u00ab les b\u00e9n\u00e9voles pour leur engagement\u00a0\u00bb, n\u2019oubliant pas \u00ab les Ni\u00e7oises et les Ni\u00e7ois pour leur g\u00e9n\u00e9rosit\u00e9\u00a0\u00bb avec ceux qui en ont le plus besoin. \u00ab Chaque geste compte\u00a0\u00bb, a-t-il rappel\u00e9 dans sa story.<\/p>\n<p class=\"fig-paragraph\">Article \u00e9crit avec la collaboration de 6Medias<\/p>\n","protected":false},"excerpt":{"rendered":"Ce vendredi 28 septembre, Christian Estrosi et sa femme, Laura Tenoudji, ont inaugur\u00e9 les illuminations et d\u00e9corations de&hellip;\n","protected":false},"author":2,"featured_media":567902,"comment_status":"","ping_status":"","sticky":false,"template":"","format":"standard","meta":{"footnotes":""},"categories":[2819],"tags":[1111,11,2397,4397,1777,674,4768,51543,1011,27,35126,12,2401,15830,882,25],"class_list":{"0":"post-567901","1":"post","2":"type-post","3":"status-publish","4":"format-standard","5":"has-post-thumbnail","7":"category-nice","8":"tag-actu","9":"tag-actualites","10":"tag-christian-estrosi","11":"tag-decoration","12":"tag-eu","13":"tag-europe","14":"tag-fete","15":"tag-fetes-de-fin-dannee","16":"tag-fr","17":"tag-france","18":"tag-laura-tenoudji","19":"tag-news","20":"tag-nice","21":"tag-noel","22":"tag-provence-alpes-cote-dazur","23":"tag-republique-francaise"},"share_on_mastodon":{"url":"https:\/\/pubeurope.com\/@fr\/115636253867733518","error":""},"_links":{"self":[{"href":"https:\/\/www.europesays.com\/fr\/wp-json\/wp\/v2\/posts\/567901","targetHints":{"allow":["GET"]}}],"collection":[{"href":"https:\/\/www.europesays.com\/fr\/wp-json\/wp\/v2\/posts"}],"about":[{"href":"https:\/\/www.europesays.com\/fr\/wp-json\/wp\/v2\/types\/post"}],"author":[{"embeddable":true,"href":"https:\/\/www.europesays.com\/fr\/wp-json\/wp\/v2\/users\/2"}],"replies":[{"embeddable":true,"href":"https:\/\/www.europesays.com\/fr\/wp-json\/wp\/v2\/comments?post=567901"}],"version-history":[{"count":0,"href":"https:\/\/www.europesays.com\/fr\/wp-json\/wp\/v2\/posts\/567901\/revisions"}],"wp:featuredmedia":[{"embeddable":true,"href":"https:\/\/www.europesays.com\/fr\/wp-json\/wp\/v2\/media\/567902"}],"wp:attachment":[{"href":"https:\/\/www.europesays.com\/fr\/wp-json\/wp\/v2\/media?parent=567901"}],"wp:term":[{"taxonomy":"category","embeddable":true,"href":"https:\/\/www.europesays.com\/fr\/wp-json\/wp\/v2\/categories?post=567901"},{"taxonomy":"post_tag","embeddable":true,"href":"https:\/\/www.europesays.com\/fr\/wp-json\/wp\/v2\/tags?post=567901"}],"curies":[{"name":"wp","href":"https:\/\/api.w.org\/{rel}","templated":true}]}}