{"id":567909,"date":"2025-11-30T02:23:20","date_gmt":"2025-11-30T02:23:20","guid":{"rendered":"https:\/\/www.europesays.com\/fr\/567909\/"},"modified":"2025-11-30T02:23:20","modified_gmt":"2025-11-30T02:23:20","slug":"revivez-asmur-bordeaux-girondins","status":"publish","type":"post","link":"https:\/\/www.europesays.com\/fr\/567909\/","title":{"rendered":"Revivez : Asmur-Bordeaux &#8211; Girondins"},"content":{"rendered":"<p>Revivez : Asmur-Bordeaux &#8211; Girondins &#8211; actu Girondins de Bordeaux par WebGirondins, FCGB : Mercato infos et Transferts depuis 2001 avec le 1er e m\u00e9dia ind\u00e9pendant sur les Girondins<\/p>\n<p><img decoding=\"async\" src=\"https:\/\/www.europesays.com\/fr\/wp-content\/uploads\/2025\/11\/671_755921f44ab95b70a1b98e3348e1348f.jpg\" alt=\"Revivez : Asmur-Bordeaux\" class=\"img-responsive\"\/><\/p>\n<p>Termin\u00e9<\/p>\n<dl>\n<dt>Composition ASMUR<\/dt>\n<dd>Iribarne Garay &#8211; Marques &#8211; Attoukora &#8211; Manias &#8211; Cazenave &#8211; Jaafar &#8211; Serrano &#8211; Eduardo &#8211; Lagui  &#8211; Touyet &#8211; Espond\u00e9<\/dd>\n<dt>Composition Bordeaux<\/dt>\n<dd>Diabat\u00e9 &#8211; Diop &#8211; Grillot &#8211; Droehnl\u00e9 &#8211; Trichard &#8211; Diagouraga &#8211; Mannai &#8211; Shamal &#8211; Bahassa &#8211; Openda &#8211; \u00c9tond\u00e9<\/dd>\n<\/dl>\n<p>  COMMENTAIRES<br \/>\n  ()<\/p>\n","protected":false},"excerpt":{"rendered":"Revivez : Asmur-Bordeaux &#8211; Girondins &#8211; actu Girondins de Bordeaux par WebGirondins, FCGB : Mercato infos et Transferts&hellip;\n","protected":false},"author":2,"featured_media":567910,"comment_status":"","ping_status":"","sticky":false,"template":"","format":"standard","meta":{"footnotes":""},"categories":[2817],"tags":[1111,11,68111,1997,5542,3682,615,18755,2834,1777,674,1011,27,1987,820,68228,12,14455,68112,2219,5486,25,3679,3584,68229,3680,3681],"class_list":{"0":"post-567909","1":"post","2":"type-post","3":"status-publish","4":"format-standard","5":"has-post-thumbnail","7":"category-bordeaux","8":"tag-actu","9":"tag-actualites","10":"tag-asmur","11":"tag-bordeaux","12":"tag-camp","13":"tag-commente","14":"tag-coupe","15":"tag-deroule","16":"tag-entre","17":"tag-eu","18":"tag-europe","19":"tag-fr","20":"tag-france","21":"tag-girondins","22":"tag-live","23":"tag-mazeres","24":"tag-news","25":"tag-notre","26":"tag-nouste","27":"tag-nouvelle-aquitaine","28":"tag-rencontre","29":"tag-republique-francaise","30":"tag-revivez","31":"tag-tour","32":"tag-uzos","33":"tag-venez","34":"tag-vivre"},"share_on_mastodon":{"url":"https:\/\/pubeurope.com\/@fr\/115636273547056130","error":""},"_links":{"self":[{"href":"https:\/\/www.europesays.com\/fr\/wp-json\/wp\/v2\/posts\/567909","targetHints":{"allow":["GET"]}}],"collection":[{"href":"https:\/\/www.europesays.com\/fr\/wp-json\/wp\/v2\/posts"}],"about":[{"href":"https:\/\/www.europesays.com\/fr\/wp-json\/wp\/v2\/types\/post"}],"author":[{"embeddable":true,"href":"https:\/\/www.europesays.com\/fr\/wp-json\/wp\/v2\/users\/2"}],"replies":[{"embeddable":true,"href":"https:\/\/www.europesays.com\/fr\/wp-json\/wp\/v2\/comments?post=567909"}],"version-history":[{"count":0,"href":"https:\/\/www.europesays.com\/fr\/wp-json\/wp\/v2\/posts\/567909\/revisions"}],"wp:featuredmedia":[{"embeddable":true,"href":"https:\/\/www.europesays.com\/fr\/wp-json\/wp\/v2\/media\/567910"}],"wp:attachment":[{"href":"https:\/\/www.europesays.com\/fr\/wp-json\/wp\/v2\/media?parent=567909"}],"wp:term":[{"taxonomy":"category","embeddable":true,"href":"https:\/\/www.europesays.com\/fr\/wp-json\/wp\/v2\/categories?post=567909"},{"taxonomy":"post_tag","embeddable":true,"href":"https:\/\/www.europesays.com\/fr\/wp-json\/wp\/v2\/tags?post=567909"}],"curies":[{"name":"wp","href":"https:\/\/api.w.org\/{rel}","templated":true}]}}