{"id":567911,"date":"2025-11-30T02:24:15","date_gmt":"2025-11-30T02:24:15","guid":{"rendered":"https:\/\/www.europesays.com\/fr\/567911\/"},"modified":"2025-11-30T02:24:15","modified_gmt":"2025-11-30T02:24:15","slug":"toulouse-soupconne-de-tremper-dans-le-trafic-de-drogue-il-se-planque-dans-un-placard-pour-eviter-la-police","status":"publish","type":"post","link":"https:\/\/www.europesays.com\/fr\/567911\/","title":{"rendered":"Toulouse. Soup\u00e7onn\u00e9 de tremper dans le trafic de drogue, il se planque dans un placard pour \u00e9viter la police"},"content":{"rendered":"<p>                    Par<br \/>\n        <strong><br \/>\n            <a href=\"https:\/\/actu.fr\/auteur\/anaelle-montagne\" title=\"Consulter tous les articles de Anaelle Montagne\" target=\"_blank\" rel=\"noopener\">Anaelle Montagne<\/a><br \/>\n                    <\/strong><\/p>\n<p>        Publi\u00e9 le<\/p>\n<p>            29 nov. 2025 \u00e0 16h10        <\/p>\n<p>Les policiers de la BAC, accompagn\u00e9s de leur fid\u00e8le chien d\u2019intervention, ont mis la main sur<strong> un joli paquet de coca\u00efne<\/strong> dans un appartement du quartier Gironis, derri\u00e8re Bellefontaine <a href=\"https:\/\/actu.fr\/toulouse\/\" target=\"_blank\" rel=\"noopener\">\u00e0 Toulouse<\/a>, ce jeudi 27\u00a0novembre 2025. Mais le locataire, un homme de 38\u00a0ans, \u00e9tait introuvable\u2009: <strong>il s\u2019\u00e9tait lanc\u00e9 dans une partie de cache-cache<\/strong>, esp\u00e9rant \u00e9chapper \u00e0 son arrestation.<\/p>\n<p>    <a href=\"https:\/\/www.google.com\/maps\/embed?pb=!1m18!1m12!1m3!1d18356.706209648408!2d1.4036870202334584!3d43.56488247154349!2m3!1f0!2f0!3f0!3m2!1i1024!2i768!4f13.1!3m3!1m2!1s0x12aebbc5cbe85397%3A0x569439406716e49b!2sGironis%2C%2031100%20Toulouse!5e0!3m2!1sen!2sfr!4v1764346974730!5m2!1sen!2sfr\" title=\"Ouvrie le lien\" target=\"_blank\" rel=\"noopener\">Cliquez ici pour visualiser le contenu<\/a><\/p>\n<p>Le flair de Nelko<\/p>\n<p class=\" wall-content\"><strong>Nelko<\/strong>, le chien de la BAC, a eu la truffe creuse. Apr\u00e8s avoir \u00e9t\u00e9 inform\u00e9s d\u2019activit\u00e9s suspicieuses dans le quartier, les agents l\u2019ont fait travailler pour localiser l\u2019appartement li\u00e9 \u00e0 un trafic de drogue. Il a rapidement marqu\u00e9 devant un logement, \u00ab\u2009de fa\u00e7on cat\u00e9gorique\u2009\u00bb, raconte une source polici\u00e8re d\u2019<a href=\"https:\/\/actu.fr\/toulouse\/\" target=\"_blank\" rel=\"noopener\">Actu Toulouse<\/a>.<\/p>\n<p>650 grammes de coca\u00efne<\/p>\n<p class=\" wall-content\">Lorsque les policiers frappent \u00e0 la porte, en d\u00e9but de soir\u00e9e, personne ne r\u00e9pond. Puisque c\u2019est ainsi, nous appellerons <strong>un serrurier<\/strong>, d\u00e9cident les agents. Finalement, l\u2019appartement est vide. Enfin, presque\u2009: il y a bien quelque 650 grammes de coca\u00efne, des balances et autre mat\u00e9riel utile au <strong>trafic de stup\u00e9fiants<\/strong>.<\/p>\n<p class=\" wall-content\">Les agents de la BAC trouvent aussi <strong>une adresse<\/strong>, accompagn\u00e9e du nom d\u2019une femme. Les voil\u00e0 partis vers cette nouvelle destination.<\/p>\n<p>2\u2009000\u00a0euros en cash<\/p>\n<p class=\" wall-content\">\u00c7a tombe bien, la femme vit aussi dans le quartier. Elle leur ouvre et les gendarmes effectuent une perquisition chez elle.<\/p>\n<p>Vid\u00e9os : en ce moment sur Actu<\/p>\n<p class=\" wall-content\">En fouillant, ils trouvent <strong>plus de 2\u2009000\u00a0euros en cash<\/strong>. Mais aucune trace du suspect. Jusqu\u2019\u00e0 ce qu\u2019ils entendent du bruit, venant d\u2019un cagibi.<\/p>\n<p>Fin de la partie<\/p>\n<p class=\" wall-content\">L\u00e0, les policiers ouvrent la porte\u2026 et d\u00e9couvrent l\u2019homme de 38\u00a0ans, locataire de l\u2019appartement o\u00f9 se trouvait la coca\u00efne, planqu\u00e9 dans le placard. <strong>Fin du cache-cache.<\/strong><\/p>\n<p>Votre r\u00e9gion, votre actu !<\/p>\n<p>Recevez chaque jour les infos qui comptent pour vous.<\/p>\n<p>\t<a href=\"https:\/\/actu.fr\/newsletter\" class=\"ac-btn ac-btn--corner ac-btn--medium ac-btn--blue800\" target=\"_blank\" rel=\"noopener\">S&rsquo;incrire<\/a><\/p>\n<p class=\" wall-content\">Le trentenaire a \u00e9t\u00e9 interpell\u00e9 et plac\u00e9 en garde \u00e0 vue, autour de 21\u00a0heures, ce jeudi soir. La femme chez qui il se planquait, elle, n\u2019a pas \u00e9t\u00e9 arr\u00eat\u00e9e.<\/p>\n<p class=\" wall-content\">Personnalisez votre actualit\u00e9 en ajoutant vos villes et m\u00e9dias en favori avec <a href=\"https:\/\/moncompte.actu.fr\" title=\"D\u00e9couvez Mon Actu\" rel=\"nofollow noopener\" data-trk=\"{&quot;cta&quot;:{&quot;action&quot;:&quot;https:\\\/\\\/moncompte.actu.fr&quot;,&quot;category&quot;:&quot;mon compte&quot;,&quot;from&quot;:&quot;article footer&quot;,&quot;name&quot;:&quot;Mon actu&quot;,&quot;type&quot;:&quot;cta&quot;}}\" target=\"_blank\">Mon Actu<\/a>.<\/p>\n","protected":false},"excerpt":{"rendered":"Par Anaelle Montagne Publi\u00e9 le 29 nov. 2025 \u00e0 16h10 Les policiers de la BAC, accompagn\u00e9s de leur&hellip;\n","protected":false},"author":2,"featured_media":567912,"comment_status":"","ping_status":"","sticky":false,"template":"","format":"standard","meta":{"footnotes":""},"categories":[2816],"tags":[1111,11,1052,1777,674,118,1011,27,12,2680,1072,25,2312],"class_list":{"0":"post-567911","1":"post","2":"type-post","3":"status-publish","4":"format-standard","5":"has-post-thumbnail","7":"category-toulouse","8":"tag-actu","9":"tag-actualites","10":"tag-drogue","11":"tag-eu","12":"tag-europe","13":"tag-faits-divers","14":"tag-fr","15":"tag-france","16":"tag-news","17":"tag-occitanie","18":"tag-police","19":"tag-republique-francaise","20":"tag-toulouse"},"share_on_mastodon":{"url":"https:\/\/pubeurope.com\/@fr\/115636277282928494","error":""},"_links":{"self":[{"href":"https:\/\/www.europesays.com\/fr\/wp-json\/wp\/v2\/posts\/567911","targetHints":{"allow":["GET"]}}],"collection":[{"href":"https:\/\/www.europesays.com\/fr\/wp-json\/wp\/v2\/posts"}],"about":[{"href":"https:\/\/www.europesays.com\/fr\/wp-json\/wp\/v2\/types\/post"}],"author":[{"embeddable":true,"href":"https:\/\/www.europesays.com\/fr\/wp-json\/wp\/v2\/users\/2"}],"replies":[{"embeddable":true,"href":"https:\/\/www.europesays.com\/fr\/wp-json\/wp\/v2\/comments?post=567911"}],"version-history":[{"count":0,"href":"https:\/\/www.europesays.com\/fr\/wp-json\/wp\/v2\/posts\/567911\/revisions"}],"wp:featuredmedia":[{"embeddable":true,"href":"https:\/\/www.europesays.com\/fr\/wp-json\/wp\/v2\/media\/567912"}],"wp:attachment":[{"href":"https:\/\/www.europesays.com\/fr\/wp-json\/wp\/v2\/media?parent=567911"}],"wp:term":[{"taxonomy":"category","embeddable":true,"href":"https:\/\/www.europesays.com\/fr\/wp-json\/wp\/v2\/categories?post=567911"},{"taxonomy":"post_tag","embeddable":true,"href":"https:\/\/www.europesays.com\/fr\/wp-json\/wp\/v2\/tags?post=567911"}],"curies":[{"name":"wp","href":"https:\/\/api.w.org\/{rel}","templated":true}]}}