{"id":567915,"date":"2025-11-30T02:28:14","date_gmt":"2025-11-30T02:28:14","guid":{"rendered":"https:\/\/www.europesays.com\/fr\/567915\/"},"modified":"2025-11-30T02:28:14","modified_gmt":"2025-11-30T02:28:14","slug":"les-parents-opposes-au-projet-de-groupe-scolaire-a-saint-jerome-a-marseille","status":"publish","type":"post","link":"https:\/\/www.europesays.com\/fr\/567915\/","title":{"rendered":"les parents oppos\u00e9s au projet de groupe scolaire \u00e0 Saint-J\u00e9r\u00f4me, \u00e0 Marseille"},"content":{"rendered":"<p>Leur but\u00a0? \u00ab\u00a0Cr\u00e9er un groupe scolaire pour que les parents aient leurs enfants au m\u00eame endroit, avec cinq classes de maternelle et sept classes d\u2019\u00e9l\u00e9mentaire\u00a0\u00bb, appuie <a href=\"https:\/\/www.laprovence.com\/article\/societe\/11492313555215\/ladjoint-au-maire-pierre-marie-ganozzi-18-ecoles-inaugurees-a-marseille-dici-a-la-fin-de-lannee-scolaire\" target=\"_blank\" rel=\"noopener\">l\u2019adjoint aux \u00e9coles, Pierre-Marie Ganozzi<\/a>, contre trois actuellement.<\/p>\n<p>\u00ab\u00a0On ne veut pas \u00eatre concert\u00e9 pour choisir seulement la peinture\u00a0\u00bb<\/p>\n<p>Papa d\u2019une \u00e9l\u00e8ve en grande section, Lucas Mostacci plaide pour \u00ab\u00a0une remise \u00e0 plat compl\u00e8te du projet\u00a0\u00bb. \u00ab\u00a0L\u2019\u00e9cole maternelle de nos enfants b\u00e9n\u00e9ficie <a href=\"https:\/\/www.laprovence.com\/article\/region\/21958563836929\/dans-les-ecoles-marseillaises-16-millions-de-travaux-d-entretien-realises-cet-ete\" target=\"_blank\" rel=\"noopener\">d\u2019un parvis s\u00e9curis\u00e9, est fonctionnelle et en parfait \u00e9tat<\/a>. On ne voit pas l\u2019int\u00e9r\u00eat de rassembler dans un seul et m\u00eame b\u00e2timent ces douze classes\u00a0\u00bb, expose-t-il. \u00c0 ses c\u00f4t\u00e9s, une maman insiste sur \u00ab\u00a0ce qu\u2019il faudrait commencer par faire. On <a href=\"https:\/\/www.laprovence.com\/article\/region\/92202528157507\/benoit-payan-nous-lancons-la-4e-vague-du-plan-marseille-en-grand-avec-14-premieres-ecoles-pour-2029\" target=\"_blank\" rel=\"noopener\">attend des r\u00e9parations dans la cour de la maternelle<\/a> demand\u00e9es il y a plusieurs ann\u00e9es. Commen\u00e7ons par r\u00e9parer ce qui peut l\u2019\u00eatre avant d\u2019abandonner un b\u00e2timent qui peut encore servir\u00a0\u00bb. Deuxi\u00e8me raison \u00e0 la \u00ab\u00a0col\u00e8re\u00a0\u00bb des parents, \u00ab\u00a0le manque d\u2019\u00e9coute et de dialo&#8230;<\/p>\n","protected":false},"excerpt":{"rendered":"Leur but\u00a0? \u00ab\u00a0Cr\u00e9er un groupe scolaire pour que les parents aient leurs enfants au m\u00eame endroit, avec cinq&hellip;\n","protected":false},"author":2,"featured_media":567916,"comment_status":"","ping_status":"","sticky":false,"template":"","format":"standard","meta":{"footnotes":""},"categories":[2814],"tags":[17,1111,11,1777,674,1011,27,45385,151,884,5758,12,14455,5241,3306,882,16,25,9870],"class_list":{"0":"post-567915","1":"post","2":"type-post","3":"status-publish","4":"format-standard","5":"has-post-thumbnail","7":"category-marseille","8":"tag-17","9":"tag-actu","10":"tag-actualites","11":"tag-eu","12":"tag-europe","13":"tag-fr","14":"tag-france","15":"tag-garder","16":"tag-les","17":"tag-marseille","18":"tag-maternelle","19":"tag-news","20":"tag-notre","21":"tag-on","22":"tag-parents","23":"tag-provence-alpes-cote-dazur","24":"tag-region","25":"tag-republique-francaise","26":"tag-veut"},"share_on_mastodon":{"url":"https:\/\/pubeurope.com\/@fr\/115636293272069644","error":""},"_links":{"self":[{"href":"https:\/\/www.europesays.com\/fr\/wp-json\/wp\/v2\/posts\/567915","targetHints":{"allow":["GET"]}}],"collection":[{"href":"https:\/\/www.europesays.com\/fr\/wp-json\/wp\/v2\/posts"}],"about":[{"href":"https:\/\/www.europesays.com\/fr\/wp-json\/wp\/v2\/types\/post"}],"author":[{"embeddable":true,"href":"https:\/\/www.europesays.com\/fr\/wp-json\/wp\/v2\/users\/2"}],"replies":[{"embeddable":true,"href":"https:\/\/www.europesays.com\/fr\/wp-json\/wp\/v2\/comments?post=567915"}],"version-history":[{"count":0,"href":"https:\/\/www.europesays.com\/fr\/wp-json\/wp\/v2\/posts\/567915\/revisions"}],"wp:featuredmedia":[{"embeddable":true,"href":"https:\/\/www.europesays.com\/fr\/wp-json\/wp\/v2\/media\/567916"}],"wp:attachment":[{"href":"https:\/\/www.europesays.com\/fr\/wp-json\/wp\/v2\/media?parent=567915"}],"wp:term":[{"taxonomy":"category","embeddable":true,"href":"https:\/\/www.europesays.com\/fr\/wp-json\/wp\/v2\/categories?post=567915"},{"taxonomy":"post_tag","embeddable":true,"href":"https:\/\/www.europesays.com\/fr\/wp-json\/wp\/v2\/tags?post=567915"}],"curies":[{"name":"wp","href":"https:\/\/api.w.org\/{rel}","templated":true}]}}