{"id":567919,"date":"2025-11-30T02:30:31","date_gmt":"2025-11-30T02:30:31","guid":{"rendered":"https:\/\/www.europesays.com\/fr\/567919\/"},"modified":"2025-11-30T02:30:31","modified_gmt":"2025-11-30T02:30:31","slug":"lyon-avec-saone-jeff-tetedoie-et-son-equipe-vous-invitent-au-coeur-meme-de-leur-cuisine","status":"publish","type":"post","link":"https:\/\/www.europesays.com\/fr\/567919\/","title":{"rendered":"Lyon . Avec Sa\u00f4ne, Jeff T\u00eatedoie et son \u00e9quipe vous invitent au c\u0153ur m\u00eame de leur cuisine"},"content":{"rendered":"<p>C\u2019est unique \u00e0 Lyon, et il faut bien l\u2019avouer, assez bluffant. Chez Sa\u00f4ne , la toute nouvelle adresse de Jean-Fran\u00e7ois T\u00eatedoie et Lemmy Brou (ils ont ouvert ce lundi 24\u00a0novembre \u00e0 la place du bouchon \u00a0L\u2019Acteur ), il n\u2019y a aucune, mais vraiment aucune fronti\u00e8re entre la salle et la cuisine. Et on a presque l\u2019impression de manger dans leur salon\u00a0! Ou dans leur cuisine. \u00c7a d\u00e9pend de quel c\u00f4t\u00e9 on regarde.\u00a0100\u00a0% transparent donc, tout se fait sous les yeux des clients.<\/p>\n<p>\u00ab\u00a0C\u2019est nouveau pour nous aussi, il faut qu\u2019on s\u2019habitue \u00e0 travailler de cette fa\u00e7on, on n\u2019a pas les codes\u00a0\u00bb, explique Jean-Fran\u00e7ois T\u00eatedoie. Il en est d\u00e9j\u00e0, avec Lemmy Brou, \u00e0 sa sixi\u00e8me adresse (1) , quasiment toutes situ\u00e9es \u00e0 proximit\u00e9 de la place des C\u00e9lestins, mais l\u00e0, il doit bien le reconna\u00eetre, il faut&#8230;<\/p>\n","protected":false},"excerpt":{"rendered":"C\u2019est unique \u00e0 Lyon, et il faut bien l\u2019avouer, assez bluffant. Chez Sa\u00f4ne , la toute nouvelle adresse&hellip;\n","protected":false},"author":2,"featured_media":567920,"comment_status":"","ping_status":"","sticky":false,"template":"","format":"standard","meta":{"footnotes":""},"categories":[1889],"tags":[1111,11,2430,4406,130,33,2757,1777,674,107,1011,27,2428,12354,12353,6016,12,25,2429,273,3151],"class_list":{"0":"post-567919","1":"post","2":"type-post","3":"status-publish","4":"format-standard","5":"has-post-thumbnail","7":"category-lyon","8":"tag-actu","9":"tag-actualites","10":"tag-auvergne-rhone-alpes","11":"tag-commerce-et-services","12":"tag-consommation","13":"tag-economie","14":"tag-edition-lyon-villeurbanne","15":"tag-eu","16":"tag-europe","17":"tag-fil-info","18":"tag-fr","19":"tag-france","20":"tag-lyon","21":"tag-lyon-2e","22":"tag-lyon-2e-arrondissement","23":"tag-magazine-cuisine-et-vins","24":"tag-news","25":"tag-republique-francaise","26":"tag-rhone","27":"tag-selection-de-la-redaction","28":"tag-selection-de-la-redaction-69"},"share_on_mastodon":{"url":"https:\/\/pubeurope.com\/@fr\/115636301256747152","error":""},"_links":{"self":[{"href":"https:\/\/www.europesays.com\/fr\/wp-json\/wp\/v2\/posts\/567919","targetHints":{"allow":["GET"]}}],"collection":[{"href":"https:\/\/www.europesays.com\/fr\/wp-json\/wp\/v2\/posts"}],"about":[{"href":"https:\/\/www.europesays.com\/fr\/wp-json\/wp\/v2\/types\/post"}],"author":[{"embeddable":true,"href":"https:\/\/www.europesays.com\/fr\/wp-json\/wp\/v2\/users\/2"}],"replies":[{"embeddable":true,"href":"https:\/\/www.europesays.com\/fr\/wp-json\/wp\/v2\/comments?post=567919"}],"version-history":[{"count":0,"href":"https:\/\/www.europesays.com\/fr\/wp-json\/wp\/v2\/posts\/567919\/revisions"}],"wp:featuredmedia":[{"embeddable":true,"href":"https:\/\/www.europesays.com\/fr\/wp-json\/wp\/v2\/media\/567920"}],"wp:attachment":[{"href":"https:\/\/www.europesays.com\/fr\/wp-json\/wp\/v2\/media?parent=567919"}],"wp:term":[{"taxonomy":"category","embeddable":true,"href":"https:\/\/www.europesays.com\/fr\/wp-json\/wp\/v2\/categories?post=567919"},{"taxonomy":"post_tag","embeddable":true,"href":"https:\/\/www.europesays.com\/fr\/wp-json\/wp\/v2\/tags?post=567919"}],"curies":[{"name":"wp","href":"https:\/\/api.w.org\/{rel}","templated":true}]}}