{"id":567929,"date":"2025-11-30T02:37:18","date_gmt":"2025-11-30T02:37:18","guid":{"rendered":"https:\/\/www.europesays.com\/fr\/567929\/"},"modified":"2025-11-30T02:37:18","modified_gmt":"2025-11-30T02:37:18","slug":"a-paris-cet-ancien-hotel-particulier-demeure-dun-realisateur","status":"publish","type":"post","link":"https:\/\/www.europesays.com\/fr\/567929\/","title":{"rendered":"\u00c0 Paris, cet ancien h\u00f4tel particulier, demeure d\u2019un r\u00e9alisateur"},"content":{"rendered":"<p>\t\t\t\t\t\t\t\t\t\t\t\t\t\t\t\t\t\t\t\t\t\t<img loading=\"lazy\" decoding=\"async\" src=\"https:\/\/www.europesays.com\/fr\/wp-content\/uploads\/2025\/11\/3-8-1024x683.jpg\" class=\"img-fluid\" alt=\"restaurant Apicius Paris \u00e9toil\u00e9 michelin\" width=\"1024\" height=\"683\"\/><\/p>\n<p>    Save<\/p>\n<p>Le saviez-vous ? En plein c\u0153ur du 8e arrondissement de Paris se cache un restaurant \u00e9toil\u00e9 Michelin, \u00e0 l\u2019histoire digne d\u2019un sc\u00e9nario de cin\u00e9ma ! Dans un sublime h\u00f4tel particulier du XVIIIe si\u00e8cle <strong>qui fut la demeure de Luc Besson<\/strong>, le chef <strong>Mathieu Pacaud r\u00e9invente la gastronomie fran\u00e7aise<\/strong>. En poussant les portes d\u2019Apicius, d\u00e9couvrez un tr\u00e9sor de l\u2019art de vivre \u00e0 la fran\u00e7aise. Un lieu o\u00f9 l\u2019\u00e9l\u00e9gance \u00e0 la parisienne se m\u00eale aux plaisirs de la table. Ici, raffinement, gastronomie et secrets bien gard\u00e9s sont les maitres mots.<\/p>\n<p> <strong>Ce restaurant \u00e9toil\u00e9 cache une infinit\u00e9 de secrets\u2026 <\/strong> <\/p>\n<p><img fetchpriority=\"high\" decoding=\"async\" class=\"aligncenter size-large wp-image-218753\" src=\"https:\/\/www.europesays.com\/fr\/wp-content\/uploads\/2025\/11\/4-3-1024x683.jpg\" alt=\"restaurant Apicius Paris \u00e9toil\u00e9 michelin\" width=\"1024\" height=\"683\"  \/><\/p>\n<p>Paris est magnifique en toute saison, mais avouons que lorsque les journ\u00e9es raccourcissent, il n\u2019y a rien de plus r\u00e9confortant que de se r\u00e9fugier dans un lieu charg\u00e9 d\u2019histoire, loin de l\u2019agitation. Imaginez-vous un instant d\u00e9ambuler dans un <b>jardin luxuriant<\/b> avant de d\u00e9couvrir un \u00e9crin de raffinement o\u00f9 chaque d\u00e9tail architectural raconte une histoire. Aujourd\u2019hui, nous vous ouvrons les portes d\u2019une adresse secr\u00e8te que quelques fins gourmets connaissent bien : le restaurant <b>Apicius<\/b>. Pr\u00e9parez-vous \u00e0 une immersion totale, de la cuisine \u00e9toil\u00e9e jusqu\u2019aux myst\u00e8res d\u2019une cave \u00e0 vin impressionnante, dans ce qui fut autrefois la r\u00e9sidence du c\u00e9l\u00e8bre r\u00e9alisateur Luc Besson.<\/p>\n<p> Un H\u00f4tel Particulier Charg\u00e9 d\u2019Histoire et de Gastronomie <\/p>\n<p><img loading=\"lazy\" decoding=\"async\" class=\"aligncenter size-large wp-image-218754\" src=\"https:\/\/www.europesays.com\/fr\/wp-content\/uploads\/2025\/11\/5-2-1024x683.jpg\" alt=\"\" width=\"1024\" height=\"683\"  \/><\/p>\n<p>L\u2019histoire d\u2019Apicius commence dans une <strong>petite rue discr\u00e8te du 8e arrondissement,<\/strong> derri\u00e8re une grille sobre portant le num\u00e9ro 20. En franchissant le seuil, vous voici comme transport\u00e9s loin de Paris. Avant d\u2019arriver devant sa belle fa\u00e7ade classique, on traverse d\u2019abord un <strong>magnifique jardin. Et il est difficile d\u2019imaginer qu\u2019un parking<\/strong> s\u2019y trouvait encore au d\u00e9but des ann\u00e9es 2000. Cet \u00e9difice, un h\u00f4tel particulier du XVIIIe si\u00e8cle, fut notamment la maison du r\u00e9alisateur Luc Besson. Pousser les portes, c\u2019est d\u00e9couvrir un lieu majestueux o\u00f9 l\u2019histoire se lit dans les fresques class\u00e9es au plafond et dans l\u2019opulence des salons.<\/p>\n<blockquote class=\"instagram-media\" data-instgrm-permalink=\"https:\/\/www.instagram.com\/reel\/DRhxq-CjNAP\/?utm_source=ig_embed&amp;utm_campaign=loading\" data-instgrm-version=\"14\" style=\" background:#FFF; border:0; border-radius:3px; box-shadow:0 0 1px 0 rgba(0,0,0,0.5),0 1px 10px 0 rgba(0,0,0,0.15); margin: 1px; max-width:540px; min-width:326px; padding:0; width:99.375%; width:-webkit-calc(100% - 2px); width:calc(100% - 2px);\"><\/blockquote>\n<p>\u00c0 l\u2019int\u00e9rieur, l\u2019ambiance est \u00e0 la fois classique et r\u00e9solument contemporaine. Vous y trouverez un \u00e9l\u00e9gant bar avec un lustre spectaculaire et surtout, le restaurant gastronomique. Aux commandes de cette adresse \u00e9toil\u00e9e, le talentueux chef <b>Mathieu Pacaud<\/b>. Avec une grande pr\u00e9cision et une gourmandise assum\u00e9e, il c\u00e9l\u00e8bre la cuisine <b>traditionnelle fran\u00e7aise,<\/b> en la r\u00e9inventant. Et sa cuisine est un v\u00e9ritable festival de saveurs. Vous vous r\u00e9galerez, par exemple, d\u2019un <b>velout\u00e9 de butternut<\/b> incroyablement onctueux, d\u2019un <b>d\u00f4me de champignons \u00e0 la sauce Meurette<\/b> ou encore d\u2019un incroyable <b>parmentier de canard<\/b> revisit\u00e9, fa\u00e7on <b>cr\u00e8me br\u00fbl\u00e9e au foie gras<\/b>.<\/p>\n<p> Les Tr\u00e9sors Secrets de la Cave <\/p>\n<p><img loading=\"lazy\" decoding=\"async\" class=\"aligncenter size-large wp-image-218755\" src=\"https:\/\/www.europesays.com\/fr\/wp-content\/uploads\/2025\/11\/6-4-1024x683.jpg\" alt=\"\" width=\"1024\" height=\"683\"  \/><\/p>\n<p>L\u2019exp\u00e9rience au coeur d\u2019<b>Apicius<\/b> ne se limite pas \u00e0 l\u2019assiette. Les passionn\u00e9s de vin seront \u00e9blouis par le travail du chef sommelier, <b>Valentin Cotton<\/b>. Nous avons d\u2019ailleurs eu la chance de descendre dans les profondeurs de l\u2019h\u00f4tel pour d\u00e9couvrir l\u2019une des caves les plus impressionnantes de la capitale. Un endroit confidentiel, qui abrite plus de <b>2 200 r\u00e9f\u00e9rences<\/b> !<\/p>\n<p>Loin des clich\u00e9s, <b>Apicius<\/b> prend le vin tr\u00e8s au s\u00e9rieux, et le sommelier vous guidera avec expertise pour trouver l\u2019accord parfait. Certaines bouteilles, absolument exceptionnelles, sont m\u00eame gard\u00e9es dans un <b>coffre-fort \u00e0 porte biom\u00e9trique<\/b>, preuve que la s\u00e9curit\u00e9 des grands crus n\u2019est pas une mince affaire ! Si, comme nous, vous \u00eates amateurs de bons vins, sachez que <b>Valentin Cotton<\/b> organise tous les mois des <b>d\u00eeners de vignerons<\/b>. C\u2019est une occasion privil\u00e9gi\u00e9e de rencontrer ceux qui se cachent derri\u00e8re chaque \u00e9tiquette et de d\u00e9couvrir leur travail.<\/p>\n<p>Et bien-s\u00fbr, comment parler d\u2019Apicius sans mentionner son bar. Avec ses fresques et son lustres, le bar est \u00e9poustouflant. Un \u00e9crin r\u00eav\u00e9 pour prendre un cocktail avant\u2026 ou apr\u00e8s le d\u00eener !<\/p>\n<p> Informations pratiques <\/p>\n<p>\ud83d\udccd <b>Adresse<\/b> : <b>Apicius<\/b>, <b>20 Rue d\u2019Artois, 75008 Paris<\/b>.<\/p>\n<p>\ud83d\udcc5 <b>\u00c9v\u00e9nements<\/b> : Le chef sommelier <b>Valentin Cotton<\/b> propose des <b>d\u00eeners de vignerons tous les mois<\/b>. Renseignez-vous aupr\u00e8s du restaurant pour conna\u00eetre les prochaines dates<\/p>\n<p>\ud83d\udcb8 <b>Budget<\/b> : Il s\u2019agit d\u2019un <b>restaurant \u00e9toil\u00e9 au guide Michelin<\/b>. Attendez-vous \u00e0 une addition en cons\u00e9quence, mais pour une exp\u00e9rience gastronomique et historique inoubliable.<\/p>\n<p>\t\t\t\t<script async src=\"\/\/www.instagram.com\/embed.js\"><\/script><\/p>\n","protected":false},"excerpt":{"rendered":"Save Le saviez-vous ? En plein c\u0153ur du 8e arrondissement de Paris se cache un restaurant \u00e9toil\u00e9 Michelin,&hellip;\n","protected":false},"author":2,"featured_media":567930,"comment_status":"","ping_status":"","sticky":false,"template":"","format":"standard","meta":{"footnotes":""},"categories":[1888],"tags":[11,17174,1777,674,1011,27,12,626,25],"class_list":{"0":"post-567929","1":"post","2":"type-post","3":"status-publish","4":"format-standard","5":"has-post-thumbnail","7":"category-paris","8":"tag-actualites","9":"tag-cuisine-francaise","10":"tag-eu","11":"tag-europe","12":"tag-fr","13":"tag-france","14":"tag-news","15":"tag-paris","16":"tag-republique-francaise"},"share_on_mastodon":{"url":"https:\/\/pubeurope.com\/@fr\/115636329539869961","error":""},"_links":{"self":[{"href":"https:\/\/www.europesays.com\/fr\/wp-json\/wp\/v2\/posts\/567929","targetHints":{"allow":["GET"]}}],"collection":[{"href":"https:\/\/www.europesays.com\/fr\/wp-json\/wp\/v2\/posts"}],"about":[{"href":"https:\/\/www.europesays.com\/fr\/wp-json\/wp\/v2\/types\/post"}],"author":[{"embeddable":true,"href":"https:\/\/www.europesays.com\/fr\/wp-json\/wp\/v2\/users\/2"}],"replies":[{"embeddable":true,"href":"https:\/\/www.europesays.com\/fr\/wp-json\/wp\/v2\/comments?post=567929"}],"version-history":[{"count":0,"href":"https:\/\/www.europesays.com\/fr\/wp-json\/wp\/v2\/posts\/567929\/revisions"}],"wp:featuredmedia":[{"embeddable":true,"href":"https:\/\/www.europesays.com\/fr\/wp-json\/wp\/v2\/media\/567930"}],"wp:attachment":[{"href":"https:\/\/www.europesays.com\/fr\/wp-json\/wp\/v2\/media?parent=567929"}],"wp:term":[{"taxonomy":"category","embeddable":true,"href":"https:\/\/www.europesays.com\/fr\/wp-json\/wp\/v2\/categories?post=567929"},{"taxonomy":"post_tag","embeddable":true,"href":"https:\/\/www.europesays.com\/fr\/wp-json\/wp\/v2\/tags?post=567929"}],"curies":[{"name":"wp","href":"https:\/\/api.w.org\/{rel}","templated":true}]}}