{"id":567931,"date":"2025-11-30T02:38:28","date_gmt":"2025-11-30T02:38:28","guid":{"rendered":"https:\/\/www.europesays.com\/fr\/567931\/"},"modified":"2025-11-30T02:38:28","modified_gmt":"2025-11-30T02:38:28","slug":"ce-membre-de-la-comedie-musicale-qui-a-participe-a-the-voice","status":"publish","type":"post","link":"https:\/\/www.europesays.com\/fr\/567931\/","title":{"rendered":"ce membre de la com\u00e9die musicale qui a particip\u00e9 \u00e0 The Voice"},"content":{"rendered":"<p>                                    <img decoding=\"async\" src=\"https:\/\/www.europesays.com\/fr\/wp-content\/uploads\/2025\/11\/f4348cd7e56012e9460eed13f849dc80dec05d9debeb4c09df7270fff67eb7b8.png\" alt=\"Ce jeudi 27 novembre dans Gala N\u00b01694, d\u00e9couvrez le sommaire en vid\u00e9o\u00a0!\" class=\"a11y-hidden\" fetchpriority=\"high\"\/><\/p>\n<p class=\"fig-standfirst\">\n    Ce samedi 29 novembre, M6 consacrera un prime aux retrouvailles des membres de la troupe originale de Notre-Dame de Paris. Cette \u00e9mission sera l\u2019occasion de faire le lien avec le nouveau casting, au sein duquel se cache un candidat de The Voice.<\/p>\n<p class=\"fig-paragraph\">L\u2019\u00e9motion sera au rendez-vous pour H\u00e9l\u00e8ne S\u00e9gara, Garou,\u00a0<a href=\"https:\/\/www.gala.fr\/l_actu\/news_de_stars\/lui-il-va-mourir-pourquoi-patrick-fiori-a-failli-ne-jamais-jouer-dans-notre-dame-de-paris-20250212\" target=\"_blank\" data-fig-type=\"Article\" rel=\"nofollow noopener\" data-gtm-custom-categorie=\"navigation\" data-gtm-custom-action=\"crossclick\" data-gtm-custom-label=\"Contextuel\" data-gtm-event=\"customEventSPE\" data-fig-domain=\"GALA\">Patrick Fiori<\/a>, Daniel Lavoie, Julie Zenatti et Bruno Pelletier, qui vont tous se retrouver lors d\u2019un prime \u00e9v\u00e9nement diffus\u00e9 \u00e0 partir de 21h10 sur M6, intitul\u00e9\u00a0<a href=\"https:\/\/www.gala.fr\/l_actu\/news_de_stars\/helene-segara-reunie-avec-ses-acolytes-de-notre-dame-de-paris-elle-emet-un-regret-si-seulement-20250817\" target=\"_blank\" data-fig-type=\"Article\" rel=\"nofollow noopener\" data-gtm-custom-categorie=\"navigation\" data-gtm-custom-action=\"crossclick\" data-gtm-custom-label=\"Contextuel\" data-gtm-event=\"customEventSPE\" data-fig-domain=\"GALA\">Notre-Dame de Paris, les grandes retrouvailles<\/a> . Ce sera l\u2019occasion pour eux de rencontrer aussi la nouvelle g\u00e9n\u00e9ration qui continue \u00e0 porter le spectacle sur sc\u00e8ne. On y retrouvera Damien Sargue, Gian Marco Schiaretti, Jay et Angelo Del Vecchio. \u00abEn 2011, Angelo entre dans le cast de\u00a0<a href=\"https:\/\/www.gala.fr\/l_actu\/news_de_stars\/nicoletta-a-refuse-de-chanter-pour-la-reouverture-de-notre-dame-elle-explique-pourquoi-20241207\" target=\"_blank\" data-fig-type=\"Article\" rel=\"nofollow noopener\" data-gtm-custom-categorie=\"navigation\" data-gtm-custom-action=\"crossclick\" data-gtm-custom-label=\"Contextuel\" data-gtm-event=\"customEventSPE\" data-fig-domain=\"GALA\">\u2018Notre-Dame de Paris\u2019,<\/a> \u00a0o\u00f9 il interpr\u00e8te Quasimodo. Il fait ses d\u00e9buts dans la tourn\u00e9e qui c\u00e9l\u00e8bre les 10 ans de la version italienne du spectacle\u00bb, indique la biographie de l\u2019artiste sur<a href=\"https:\/\/notredamedeparislespectacle.com\/casting\/angelo-del-vecchio\" target=\"_blank\" rel=\"nofollow noopener\" data-gtm-custom-categorie=\"navigation\" data-gtm-custom-action=\"crossclick\" data-gtm-custom-label=\"Contextuel\" data-gtm-event=\"customEventSPE\">\u00a0le site officiel du spectacle qui se jouera du 19 d\u00e9cembre 2025 au 4 janvier 2026 au Palais des Congr\u00e8s, \u00e0 Paris<\/a>. \u00abApr\u00e8s avoir fait le tour de l\u2019Italie, Angelo int\u00e8gre l\u2019\u00e9quipe du spectacle international (version anglaise), et joue en Chine continentale, \u00e0 Ta\u00efwan, au Japon, \u00e0 Singapour, en Russie, au Luxembourg ainsi qu\u2019en Turquie\u00bb, peut-on lire.<\/p>\n<p class=\"fig-paragraph\">\u00abDepuis 2014,\u00a0<a href=\"https:\/\/www.gala.fr\/l_actu\/news_de_stars\/video_gala_les_secrets_du_maquillage_de_quasimodo_dans_notre-dame_de_paris_379693\" target=\"_blank\" data-fig-type=\"Article\" rel=\"nofollow noopener\" data-gtm-custom-categorie=\"navigation\" data-gtm-custom-action=\"crossclick\" data-gtm-custom-label=\"Contextuel\" data-gtm-event=\"customEventSPE\" data-fig-domain=\"GALA\">Angelo interpr\u00e8te Quasimodo dans la version originale fran\u00e7aise<\/a> \u00a0de \u2019Notre-Dame de Paris\u2019 en France, Cor\u00e9e du Sud, Ta\u00efwan, Chine, Liban, Canada, Turquie, Albanie, \u00e0 Londres et \u00e0 New York\u00bb, ajoute la production, indiquant qu\u2019il est \u00abl\u2019unique chanteur au monde \u00e0 interpr\u00e9ter \u2019<a href=\"https:\/\/www.gala.fr\/l_actu\/news_de_stars\/reouverture-de-notre-dame-de-paris-les-artistes-presents-au-concert-sont-ils-payes-20241207\" target=\"_blank\" data-fig-type=\"Article\" rel=\"nofollow noopener\" data-gtm-custom-categorie=\"navigation\" data-gtm-custom-action=\"crossclick\" data-gtm-custom-label=\"Contextuel\" data-gtm-event=\"customEventSPE\" data-fig-domain=\"GALA\">Notre-Dame de Paris\u2019<\/a> \u00a0en trois langues\u00bb. Cet artiste hors pair s\u2019est aussi fait remarquer dans The Voice. C\u2019est un autre point commun qui le lie \u00e0 l\u2019interpr\u00e8te original de Quasimodo. En 2012, Garou faisait partie du jury de la premi\u00e8re saison du nouveau t\u00e9l\u00e9crochet \u00e9v\u00e9nement de TF1 \u00e0 l\u2019\u00e9poque. Quelques ann\u00e9es plus tard, Angelo Del Vecchio s\u2019est pr\u00e9sent\u00e9. C\u2019\u00e9tait<a href=\"https:\/\/www.gala.fr\/l_actu\/news_de_stars\/the_voice_saison_7_angelo_del_vecchio_ancien_quasimodo_comme_garou_parmi_les_candidats_408884\" target=\"_blank\" data-fig-type=\"Article\" rel=\"nofollow noopener\" data-gtm-custom-categorie=\"navigation\" data-gtm-custom-action=\"crossclick\" data-gtm-custom-label=\"Contextuel\" data-gtm-event=\"customEventSPE\" data-fig-domain=\"GALA\">\u00a0lors de la saison 7, en 2018<\/a>. Garou n\u2019\u00e9tait plus dans le jury, mais il a pu compter sur Florent Pagny pour se retourner \u00e0 la toute derni\u00e8re seconde sur\u00a0<a href=\"https:\/\/www.youtube.com\/watch?v=2Zi6Y_s7fcY\" target=\"_blank\" rel=\"nofollow noopener\" data-gtm-custom-categorie=\"navigation\" data-gtm-custom-action=\"crossclick\" data-gtm-custom-label=\"Contextuel\" data-gtm-event=\"customEventSPE\">sa performance\u00a0<\/a>sur The Sound of Silence de Simon &amp; Garfunkel.<\/p>\n<p>                                                                <a href=\"#slideshow-header\"><\/p>\n<p class=\"fig-slideshow__title\">\n                    PHOTOS &#8211; The Voice &#8211; Sophie Tapie, Fanny Leeb&#8230; Ces enfants de stars et ex-c\u00e9l\u00e9brit\u00e9s qui ont particip\u00e9 \u00e0 l\u2019\u00e9mission\n                <\/p>\n<p>    <\/a><\/p>\n<p>                                                                <a class=\"fig-a11y-skip\" href=\"#fig-a11y-skip-main-inarticle\" data-module=\"a11y-skip\" data-context=\"was @visible\"><br \/>\n    Passer la publicit\u00e9<br \/>\n<\/a>            <\/p>\n<p>                                                                Les pr\u00e9cieux conseils de Florent Pagny \u00e0 Angelo Del Vecchio dans The Voice<\/p>\n<p class=\"fig-paragraph\">\u00abJ\u2019entends la panoplie compl\u00e8te. Mais, tu as quelques petits tics&#8230; Je sais comment les gommer\u00bb, avait d\u00e9clar\u00e9 le coach. Lors de l\u2019\u00e9tape de \u00abl\u2019audition finale\u00bb, il s\u2019\u00e9tait \u00abcass\u00e9 la voix\u00bb sur le tube de Patrick Bruel, mais cela n\u2019avait pas suffi pour poursuivre l\u2019aventure. Angelo Del Vecchio avait ensuite retrouv\u00e9 le r\u00f4le de Quasimodo qui lui colle tant \u00e0 la peau. \u00abDepuis mes 13 ans, je suis amoureux de ces chansons. C\u2019est donc un r\u00eave d\u2019enfant qui s\u2019est transform\u00e9 en r\u00e9alit\u00e9 dans ma carri\u00e8re. Depuis 12 ans j\u2019interpr\u00e8te ce r\u00f4le. C\u2019est une chance Quasimodo pour un artiste, car il a tant de nuances dans le chant\u00bb, avait expliqu\u00e9 le chanteur dans une interview accord\u00e9e \u00e0\u00a0<a href=\"https:\/\/www.voici.fr\/musique\/interview-le-spectacle-notre-dame-de-paris-fete-ses-25-ans-le-casting-se-confie-sur-leurs-roles-772494\" target=\"_blank\" rel=\"nofollow noopener\" data-gtm-custom-categorie=\"navigation\" data-gtm-custom-action=\"crossclick\" data-gtm-custom-label=\"Contextuel\" data-gtm-event=\"customEventSPE\">Voici\u00a0<\/a> en d\u00e9cembre 2023.<\/p>\n<p class=\"fig-paragraph\">Article \u00e9crit en collaboration avec 6Medias<\/p>\n","protected":false},"excerpt":{"rendered":"Ce samedi 29 novembre, M6 consacrera un prime aux retrouvailles des membres de la troupe originale de Notre-Dame&hellip;\n","protected":false},"author":2,"featured_media":567932,"comment_status":"","ping_status":"","sticky":false,"template":"","format":"standard","meta":{"footnotes":""},"categories":[1888],"tags":[11,11722,1777,674,1011,27,494,873,12,3341,626,25,3074],"class_list":{"0":"post-567931","1":"post","2":"type-post","3":"status-publish","4":"format-standard","5":"has-post-thumbnail","7":"category-paris","8":"tag-actualites","9":"tag-comedie-musicale","10":"tag-eu","11":"tag-europe","12":"tag-fr","13":"tag-france","14":"tag-m6","15":"tag-musique","16":"tag-news","17":"tag-notre-dame-de-paris","18":"tag-paris","19":"tag-republique-francaise","20":"tag-the-voice"},"share_on_mastodon":{"url":"https:\/\/pubeurope.com\/@fr\/115636332504919709","error":""},"_links":{"self":[{"href":"https:\/\/www.europesays.com\/fr\/wp-json\/wp\/v2\/posts\/567931","targetHints":{"allow":["GET"]}}],"collection":[{"href":"https:\/\/www.europesays.com\/fr\/wp-json\/wp\/v2\/posts"}],"about":[{"href":"https:\/\/www.europesays.com\/fr\/wp-json\/wp\/v2\/types\/post"}],"author":[{"embeddable":true,"href":"https:\/\/www.europesays.com\/fr\/wp-json\/wp\/v2\/users\/2"}],"replies":[{"embeddable":true,"href":"https:\/\/www.europesays.com\/fr\/wp-json\/wp\/v2\/comments?post=567931"}],"version-history":[{"count":0,"href":"https:\/\/www.europesays.com\/fr\/wp-json\/wp\/v2\/posts\/567931\/revisions"}],"wp:featuredmedia":[{"embeddable":true,"href":"https:\/\/www.europesays.com\/fr\/wp-json\/wp\/v2\/media\/567932"}],"wp:attachment":[{"href":"https:\/\/www.europesays.com\/fr\/wp-json\/wp\/v2\/media?parent=567931"}],"wp:term":[{"taxonomy":"category","embeddable":true,"href":"https:\/\/www.europesays.com\/fr\/wp-json\/wp\/v2\/categories?post=567931"},{"taxonomy":"post_tag","embeddable":true,"href":"https:\/\/www.europesays.com\/fr\/wp-json\/wp\/v2\/tags?post=567931"}],"curies":[{"name":"wp","href":"https:\/\/api.w.org\/{rel}","templated":true}]}}