{"id":567953,"date":"2025-11-30T02:50:35","date_gmt":"2025-11-30T02:50:35","guid":{"rendered":"https:\/\/www.europesays.com\/fr\/567953\/"},"modified":"2025-11-30T02:50:35","modified_gmt":"2025-11-30T02:50:35","slug":"le-gfc-ajaccio-sorti-par-chaumont-a-domicile","status":"publish","type":"post","link":"https:\/\/www.europesays.com\/fr\/567953\/","title":{"rendered":"le GFC Ajaccio sorti par Chaumont \u00e0 domicile"},"content":{"rendered":"<p><strong>GFCA &#8211; Chaumont\u00a0: 0-3<\/strong><\/p>\n<p>Il ne s&rsquo;agissait pas du match le plus important de la saison ce mardi 25 novembre au Palatinu. Ni m\u00eame de la semaine puisque la priorit\u00e9 est clairement donn\u00e9e au championnat du c\u00f4t\u00e9 d&rsquo;un GFCA qui recevra le Plessis Robinson d\u00e8s ce samedi.<\/p>\n<p>Alors pour cette rencontre de Coupe de France plac\u00e9e au c\u0153ur d&rsquo;un calendrier extr\u00eamement dense, o\u00f9 les organismes sont sollicit\u00e9s tous les trois jours ou presque, Fr\u00e9d\u00e9ric Ferrandez d\u00e9cidait de faire souffler certains \u00e9l\u00e9ments comme Bala, Patak ou Lacassie. Prime \u00e0 la jeunesse donc, avec un six de d\u00e9part tr\u00e8s remani\u00e9 o\u00f9 apparaissaient notamment Soares Neto, Talon ou encore Bouallegue.<\/p>\n<p>Manque d&rsquo;exp\u00e9rience<\/p>\n<p>En face en revanche, la donne \u00e9tait diff\u00e9rente d&rsquo;il y a un mois, lorsque Chaumont avait \u00e9t\u00e9 battu s\u00e8chement par le GFCA. Depuis, deux joueurs sont revenus de blessure, un a sign\u00e9 et Silvano Prandi alignait son \u00e9quipe type.<\/p>\n<p>Et forc\u00e9ment, l&rsquo;entame \u00e9tait difficile pour des Gaziers manquant clairement d&rsquo;exp\u00e9rience et qui, en plus, faisaient preuve de maladresse. Les visiteurs n&rsquo;en demandaient pas tant et prenaient rapidement le large (5-10\u00a0; 7-12).<\/p>\n<p>Si l&rsquo;excellent passage au service de Salles, auteur notamment de deux aces, permetta&#8230;<\/p>\n","protected":false},"excerpt":{"rendered":"GFCA &#8211; Chaumont\u00a0: 0-3 Il ne s&rsquo;agissait pas du match le plus important de la saison ce mardi&hellip;\n","protected":false},"author":2,"featured_media":567954,"comment_status":"","ping_status":"","sticky":false,"template":"","format":"standard","meta":{"footnotes":""},"categories":[1417],"tags":[17,5622,615,1011,27,3025,5912,8252,60,1470,1469],"class_list":{"0":"post-567953","1":"post","2":"type-post","3":"status-publish","4":"format-standard","5":"has-post-thumbnail","7":"category-volley","8":"tag-17","9":"tag-ajaccio","10":"tag-coupe","11":"tag-fr","12":"tag-france","13":"tag-gfc","14":"tag-par","15":"tag-sorti","16":"tag-sports","17":"tag-volley","18":"tag-volleyball"},"share_on_mastodon":{"url":"https:\/\/pubeurope.com\/@fr\/115636379618049594","error":""},"_links":{"self":[{"href":"https:\/\/www.europesays.com\/fr\/wp-json\/wp\/v2\/posts\/567953","targetHints":{"allow":["GET"]}}],"collection":[{"href":"https:\/\/www.europesays.com\/fr\/wp-json\/wp\/v2\/posts"}],"about":[{"href":"https:\/\/www.europesays.com\/fr\/wp-json\/wp\/v2\/types\/post"}],"author":[{"embeddable":true,"href":"https:\/\/www.europesays.com\/fr\/wp-json\/wp\/v2\/users\/2"}],"replies":[{"embeddable":true,"href":"https:\/\/www.europesays.com\/fr\/wp-json\/wp\/v2\/comments?post=567953"}],"version-history":[{"count":0,"href":"https:\/\/www.europesays.com\/fr\/wp-json\/wp\/v2\/posts\/567953\/revisions"}],"wp:featuredmedia":[{"embeddable":true,"href":"https:\/\/www.europesays.com\/fr\/wp-json\/wp\/v2\/media\/567954"}],"wp:attachment":[{"href":"https:\/\/www.europesays.com\/fr\/wp-json\/wp\/v2\/media?parent=567953"}],"wp:term":[{"taxonomy":"category","embeddable":true,"href":"https:\/\/www.europesays.com\/fr\/wp-json\/wp\/v2\/categories?post=567953"},{"taxonomy":"post_tag","embeddable":true,"href":"https:\/\/www.europesays.com\/fr\/wp-json\/wp\/v2\/tags?post=567953"}],"curies":[{"name":"wp","href":"https:\/\/api.w.org\/{rel}","templated":true}]}}