{"id":567955,"date":"2025-11-30T02:51:12","date_gmt":"2025-11-30T02:51:12","guid":{"rendered":"https:\/\/www.europesays.com\/fr\/567955\/"},"modified":"2025-11-30T02:51:12","modified_gmt":"2025-11-30T02:51:12","slug":"encore-un-carton-rouge-et-tres-lourde-suspension-en-vue-pour-le-springbok","status":"publish","type":"post","link":"https:\/\/www.europesays.com\/fr\/567955\/","title":{"rendered":"encore un carton rouge et tr\u00e8s lourde suspension en vue pour le Springbok"},"content":{"rendered":"<p>                    Par<br \/>\n        <strong><br \/>\n            <a href=\"https:\/\/actu.fr\/auteur\/emilie-dudonfournier\" title=\"Consulter tous les articles de Emilie Dudon-Fournier\" target=\"_blank\" rel=\"noopener\">Emilie Dudon-Fournier<\/a><br \/>\n                    <\/strong><\/p>\n<p>        Publi\u00e9 le<\/p>\n<p>            29 nov. 2025 \u00e0 18h38        <\/p>\n<p>Alors que <a href=\"https:\/\/actu.fr\/sports\/rugby\/xv-de-france\/notre-sport-est-en-peril-le-carton-rouge-sorti-lors-de-france-afrique-du-sud-fait-pester_63415120.html\" target=\"_blank\" rel=\"noopener\">la pol\u00e9mique a fait rage<\/a> durant cette p\u00e9riode de tests automnaux \u00e0 propos de <strong>nombreux cartons rouges<\/strong> distribu\u00e9s par les arbitres, les Sud-Africains sont une nouvelle fois point\u00e9s du doigt ce samedi alors qu\u2019ils disputaient le 6e et dernier match de leur tourn\u00e9e europ\u00e9enne.<\/p>\n<p class=\" wall-content\">En cause : un geste absolument affreux du 2e ligne Eben Etzebeth sur le 3e ligne gallois Alex Mann. On y voit clairement le Sud-Africain mettre un doigt dans l\u2019oeil de son adversaire \u00e0 la 79e minute de la rencontre, alors que son \u00e9quipe menait 73-0 dans une partie \u00e0 sens unique avec 11 essais inscrits par les champions du monde.<\/p>\n<p class=\" wall-content\">\n<p>Le panel des sanctions de World Rugby<\/p>\n<p class=\" wall-content\">Imm\u00e9diatement sanctionn\u00e9 d\u2019un carton rouge, l\u2019ancien joueur de Toulon\u00a0 risque une tr\u00e8s longue suspension pour ce geste.\u00a0La fourchette (contact avec les yeux ou leur zone) est l\u2019une des fautes les plus s\u00e9v\u00e8rement punies par World Rugby. Voici les sanctions pr\u00e9vues par la r\u00e8gle 9.12, selon 3 niveaux de gravit\u00e9 :\u00a0<\/p>\n<ul class=\" wall-content\">\n<li>Contact avec la zone de l\u2019\u0153il : 4 \u00e0 12 semaines et plus de suspension<\/li>\n<li>Contact imprudent avec les yeux : 6 \u00e0 18 semaines et plus de suspension<\/li>\n<li>Contact intentionnel avec les yeux : 12 \u00e0 24 semaines et plus de suspension<\/li>\n<\/ul>\n<p class=\" wall-content\">Le bar\u00e8me est un point d\u2019entr\u00e9e : la commission peut ensuite augmenter (faits aggraver) ou diminuer (circonstances att\u00e9nuantes, casier disciplinaire, reconnaissance de faute) la dur\u00e9e de suspension, dans la limite du maximum pr\u00e9vu : 208 semaines selon le r\u00e8glement World Rugby.<\/p>\n<p class=\" wall-content\">Alors que les Sud-Africains terminent cette tourn\u00e9e europ\u00e9enne sur un impeccable 6\/6, t\u00e9moignage de leur supr\u00e9matie sur la plan\u00e8te ovale actuellement, cette nouvelle affaire ne devrait pas manquer de relancer la pol\u00e9mique sur leur \u00ab\u00a0physicalit\u00e9\u00a0\u00bb.<\/p>\n<p>Votre r\u00e9gion, votre actu !<\/p>\n<p>Recevez chaque jour les infos qui comptent pour vous.<\/p>\n<p>\t<a href=\"https:\/\/actu.fr\/newsletter\" class=\"ac-btn ac-btn--corner ac-btn--medium ac-btn--blue800\" target=\"_blank\" rel=\"noopener\">S&rsquo;incrire<\/a><\/p>\n<p class=\" wall-content\">Personnalisez votre actualit\u00e9 en ajoutant vos villes et m\u00e9dias en favori avec <a href=\"https:\/\/moncompte.actu.fr\" title=\"D\u00e9couvez Mon Actu\" rel=\"nofollow noopener\" data-trk=\"{&quot;cta&quot;:{&quot;action&quot;:&quot;https:\\\/\\\/moncompte.actu.fr&quot;,&quot;category&quot;:&quot;mon compte&quot;,&quot;from&quot;:&quot;article footer&quot;,&quot;name&quot;:&quot;Mon actu&quot;,&quot;type&quot;:&quot;cta&quot;}}\" target=\"_blank\">Mon Actu<\/a>.<\/p>\n","protected":false},"excerpt":{"rendered":"Par Emilie Dudon-Fournier Publi\u00e9 le 29 nov. 2025 \u00e0 18h38 Alors que la pol\u00e9mique a fait rage durant&hellip;\n","protected":false},"author":2,"featured_media":567956,"comment_status":"","ping_status":"","sticky":false,"template":"","format":"standard","meta":{"footnotes":""},"categories":[1416],"tags":[1011,27,479,1468,6107,60],"class_list":{"0":"post-567955","1":"post","2":"type-post","3":"status-publish","4":"format-standard","5":"has-post-thumbnail","7":"category-rugby","8":"tag-fr","9":"tag-france","10":"tag-rugby","11":"tag-rugby-football","12":"tag-rugby-international","13":"tag-sports"},"share_on_mastodon":{"url":"https:\/\/pubeurope.com\/@fr\/115636383433913144","error":""},"_links":{"self":[{"href":"https:\/\/www.europesays.com\/fr\/wp-json\/wp\/v2\/posts\/567955","targetHints":{"allow":["GET"]}}],"collection":[{"href":"https:\/\/www.europesays.com\/fr\/wp-json\/wp\/v2\/posts"}],"about":[{"href":"https:\/\/www.europesays.com\/fr\/wp-json\/wp\/v2\/types\/post"}],"author":[{"embeddable":true,"href":"https:\/\/www.europesays.com\/fr\/wp-json\/wp\/v2\/users\/2"}],"replies":[{"embeddable":true,"href":"https:\/\/www.europesays.com\/fr\/wp-json\/wp\/v2\/comments?post=567955"}],"version-history":[{"count":0,"href":"https:\/\/www.europesays.com\/fr\/wp-json\/wp\/v2\/posts\/567955\/revisions"}],"wp:featuredmedia":[{"embeddable":true,"href":"https:\/\/www.europesays.com\/fr\/wp-json\/wp\/v2\/media\/567956"}],"wp:attachment":[{"href":"https:\/\/www.europesays.com\/fr\/wp-json\/wp\/v2\/media?parent=567955"}],"wp:term":[{"taxonomy":"category","embeddable":true,"href":"https:\/\/www.europesays.com\/fr\/wp-json\/wp\/v2\/categories?post=567955"},{"taxonomy":"post_tag","embeddable":true,"href":"https:\/\/www.europesays.com\/fr\/wp-json\/wp\/v2\/tags?post=567955"}],"curies":[{"name":"wp","href":"https:\/\/api.w.org\/{rel}","templated":true}]}}