{"id":567957,"date":"2025-11-30T02:56:17","date_gmt":"2025-11-30T02:56:17","guid":{"rendered":"https:\/\/www.europesays.com\/fr\/567957\/"},"modified":"2025-11-30T02:56:17","modified_gmt":"2025-11-30T02:56:17","slug":"a-seulement-26-ans-ce-coureur-prend-sa-retraite-et-alerte-sports","status":"publish","type":"post","link":"https:\/\/www.europesays.com\/fr\/567957\/","title":{"rendered":"A seulement 26 ans, ce coureur prend sa retraite et alerte : Sports"},"content":{"rendered":"<p class=\"date\">\n                                                            Thomas Siniecki, Media365 : publi\u00e9 le samedi 29 novembre 2025 \u00e0 19h55\n                                                    <\/p>\n<p>La future formation Lotto &#8211; Intermarch\u00e9 laisse un grand nombre de coureurs sur le carreau. Certains le prennent mieux que d&rsquo;autres.<\/p>\n<p>Tom Paquot fait partie des nombreuses victimes de la fusion entre Intermarch\u00e9 et Lotto pour 2026, qui inqui\u00e8te jusqu&rsquo;au patron du syndicat mondial des coureurs. Le Belge en profite carr\u00e9ment pour arr\u00eater sa carri\u00e8re : \u00ab\u00a0Au moins, cette d\u00e9cision a \u00e9t\u00e9 un peu plus simple \u00e0 prendre que ce que je redoutais. J&rsquo;ai tout tent\u00e9 pour retrouver une \u00e9quipe, j&rsquo;ai mis toutes mes cartes sur la table&#8230; mais malheureusement, il y a \u00e9norm\u00e9ment de coureurs sur le march\u00e9. Nous sommes fin novembre, je ne me fais plus aucune illusion.\u00a0\u00bb<\/p>\n<p>Pour Tom Paquot, l&rsquo;heure est d\u00e9j\u00e0 venue de se reconcentrer sur sa reconversion professionnelle. Et contrairement aux t\u00e9moignages souvent n\u00e9gatifs, il pr\u00e9f\u00e8re \u00ab\u00a0voir le verre \u00e0 moiti\u00e9 plein\u00a0\u00bb (pour la RTBF) : \u00ab\u00a0Qui peut parler de g\u00e2chis, quand il a fait de sa passion son m\u00e9tier ? Mais en octobre et novembre, les questions sur mon avenir sont devenues logiquement plus insistantes et \u00e7a devenait vraiment compliqu\u00e9 de les contourner. Ma vie va donc redevenir plus l\u00e9g\u00e8re !\u00a0\u00bb Il se d\u00e9finit comme \u00ab\u00a0un \u00e9quipier fid\u00e8le\u00a0\u00bb, ce qui lui a fait croire \u00e0 une place dans la nouvelle \u00e9quipe. En vain.<\/p>\n<p>\u00ab\u00a0Les structures les plus importantes ne font que grossir pendant que les plus petites, parfois, meurent\u00a0\u00bb<\/p>\n<p>Il n&rsquo;exprime ni col\u00e8re ni fatalisme, pour reprendre encore ses propres termes : \u00ab\u00a0C&rsquo;est la vie. C&rsquo;est la fin de quelque chose, mais le d\u00e9but d&rsquo;autre chose.\u00a0\u00bb Et on ne parle pas d&rsquo;un total inconnu du peloton, puisque Tom Paquot a tout de m\u00eame particip\u00e9 \u00e0 sept Monuments. Malgr\u00e9 sa vision des choses, il ne voit pas d&rsquo;un bon oeil l&rsquo;avenir du cyclisme, \u00e0 la lumi\u00e8re de cette situation : \u00ab\u00a0En 2025, quand on ne sponsorise pas une des cinq plus grosses \u00e9quipes du circuit World Tour, la visibilit\u00e9 est quasiment nulle ! Les structures les plus importantes ne font que grossir pendant que les plus petites gal\u00e8rent et, parfois, meurent. Je crains que \u00e7a arrive de plus en plus souvent dans un avenir proche.\u00a0\u00bb Il craint un Tour de France avec cinq \u00e9quipes et 50 coureurs, afin de grossir le trait. Le mod\u00e8le \u00e9conomique est \u00e0 revoir. En tant que possible futur repr\u00e9sentant commercial pour des marques li\u00e9es au cyclisme, Tom Paquot pourra peut-\u00eatre se montrer influent.<\/p>\n","protected":false},"excerpt":{"rendered":"Thomas Siniecki, Media365 : publi\u00e9 le samedi 29 novembre 2025 \u00e0 19h55 La future formation Lotto &#8211; Intermarch\u00e9&hellip;\n","protected":false},"author":2,"featured_media":567958,"comment_status":"","ping_status":"","sticky":false,"template":"","format":"standard","meta":{"footnotes":""},"categories":[1411],"tags":[1154,207,1011,27,60],"class_list":{"0":"post-567957","1":"post","2":"type-post","3":"status-publish","4":"format-standard","5":"has-post-thumbnail","7":"category-cyclisme","8":"tag-cycling","9":"tag-cyclisme","10":"tag-fr","11":"tag-france","12":"tag-sports"},"share_on_mastodon":{"url":"https:\/\/pubeurope.com\/@fr\/115636403138387582","error":""},"_links":{"self":[{"href":"https:\/\/www.europesays.com\/fr\/wp-json\/wp\/v2\/posts\/567957","targetHints":{"allow":["GET"]}}],"collection":[{"href":"https:\/\/www.europesays.com\/fr\/wp-json\/wp\/v2\/posts"}],"about":[{"href":"https:\/\/www.europesays.com\/fr\/wp-json\/wp\/v2\/types\/post"}],"author":[{"embeddable":true,"href":"https:\/\/www.europesays.com\/fr\/wp-json\/wp\/v2\/users\/2"}],"replies":[{"embeddable":true,"href":"https:\/\/www.europesays.com\/fr\/wp-json\/wp\/v2\/comments?post=567957"}],"version-history":[{"count":0,"href":"https:\/\/www.europesays.com\/fr\/wp-json\/wp\/v2\/posts\/567957\/revisions"}],"wp:featuredmedia":[{"embeddable":true,"href":"https:\/\/www.europesays.com\/fr\/wp-json\/wp\/v2\/media\/567958"}],"wp:attachment":[{"href":"https:\/\/www.europesays.com\/fr\/wp-json\/wp\/v2\/media?parent=567957"}],"wp:term":[{"taxonomy":"category","embeddable":true,"href":"https:\/\/www.europesays.com\/fr\/wp-json\/wp\/v2\/categories?post=567957"},{"taxonomy":"post_tag","embeddable":true,"href":"https:\/\/www.europesays.com\/fr\/wp-json\/wp\/v2\/tags?post=567957"}],"curies":[{"name":"wp","href":"https:\/\/api.w.org\/{rel}","templated":true}]}}