{"id":567963,"date":"2025-11-30T02:59:36","date_gmt":"2025-11-30T02:59:36","guid":{"rendered":"https:\/\/www.europesays.com\/fr\/567963\/"},"modified":"2025-11-30T02:59:36","modified_gmt":"2025-11-30T02:59:36","slug":"rendez-vous-au-bord-de-leau-apres-les-cours","status":"publish","type":"post","link":"https:\/\/www.europesays.com\/fr\/567963\/","title":{"rendered":"rendez-vous au bord de l\u2019eau apr\u00e8s les cours"},"content":{"rendered":"<p class=\"is-style-body-alt\">Cette semaine, nous vous plongeons dans l\u2019\u0153il de <a href=\"https:\/\/www.instagram.com\/naimalecomte\/\" target=\"_blank\" rel=\"noreferrer noopener\">Na\u00efma Lecomte<\/a>. Jusqu\u2019au 4 janvier 2026, l\u2019artiste pr\u00e9sente\u00a0Ce qui borde\u00a0\u00e0 <a href=\"https:\/\/fisheyemagazine.fr\/article\/planches-contact-festival-2025\/\" target=\"_blank\" rel=\"noreferrer noopener\">Planches Contact Festival<\/a>, o\u00f9 elle a re\u00e7u le prix du jury de la Jeune Cr\u00e9ation photographique. Pour\u00a0Fisheye, elle revient sur l\u2019un de ses tirages qui incarne l\u2019essence m\u00eame de la s\u00e9rie\u00a0: d\u00e9voiler les r\u00e9alit\u00e9s discr\u00e8tes qui se jouent au bord de la Touques, en Normandie.\u00a0<\/p>\n<p>Jusqu\u2019au 4 janvier prochain, Planches Contact Festival investit Deauville. \u00c0 l\u2019instar des pr\u00e9c\u00e9dentes, cette 16e\u00a0\u00e9dition propose une multitude de regards sur le territoire normand. Cette ann\u00e9e, un th\u00e8me ach\u00e8ve de lier les projets pr\u00e9sent\u00e9s\u00a0: l\u2019intimit\u00e9. S\u2019il existe d\u2019innombrables approches du sujet, Na\u00efma Lecomte, l\u2019une des artistes expos\u00e9es aux Franciscaines, a d\u00e9cid\u00e9 de t\u00e9moigner de la vie autour de la Touques dans\u00a0Ce qui borde. Allant de la source du fleuve jusqu\u2019\u00e0 la Manche, o\u00f9 il se jette, la photographe donne \u00e0 voir ses rives et les personnes qui les peuplent. En s\u2019ancrant dans la r\u00e9alit\u00e9 du territoire, ses moyens formats argentiques sondent notre rapport \u00e0 la nature et au temps qui passe. La m\u00e9moire traverse ainsi son \u0153uvre avec une grande douceur qui a su toucher le jury de Planches Contact Festival. En effet, ce dernier lui a d\u00e9cern\u00e9 son <a href=\"https:\/\/fisheyemagazine.fr\/article\/cloe-harent-remporte-le-grand-prix-tremplin-jeunes-talents-2024\/\" target=\"_blank\" rel=\"noreferrer noopener\">prix de la Jeune Cr\u00e9ation photographique<\/a>. En r\u00e9compense, elle participera notamment \u00e0 une r\u00e9sidence \u00e0 la <a href=\"https:\/\/fisheyemagazine.fr\/article\/les-rencontres-de-niort-la-folle-nuit\/\" target=\"_blank\" rel=\"noreferrer noopener\">Villa P\u00e9rochon<\/a>, \u00e0 Niort. Aujourd\u2019hui, elle nous d\u00e9voile les dessous d\u2019une image de sa s\u00e9rie prim\u00e9e.<\/p>\n<p>Entre d\u00e9sir de photographier et peur d\u2019interrompre<\/p>\n<p>\u00ab\u00a0Nous sommes en mai. C\u2019est ma troisi\u00e8me semaine de r\u00e9sidence pour Planches Contact Festival. Depuis le d\u00e9but, je longe la Touques, son trac\u00e9 irr\u00e9gulier entre l\u2019Orne et la Manche. Avant de partir, je passe du temps sur la carte \u00e0 suivre le fleuve, \u00e0 rep\u00e9rer des lieux o\u00f9 me rendre. \u00a0Je prends le train, le v\u00e9lo, parfois on me d\u00e9pose quelque part, puis je marche. Je n\u2019ai pas d\u2019itin\u00e9raire pr\u00e9cis. Ma seule r\u00e8gle est de ne pas trop m\u2019\u00e9loigner de la Touques, c\u2019est elle qui fixe la direction.<\/p>\n<p>Cette image a \u00e9t\u00e9 faite \u00e0 Lisieux. J\u2019y suis revenue plusieurs fois. C\u2019est un des endroits o\u00f9 j\u2019ai crois\u00e9 le plus de monde, au bord du fleuve, l\u00e0 o\u00f9 il traverse la ville avant de reprendre son cours dans les terres.\u2028 La photo a \u00e9t\u00e9 prise au sud de la ville, juste avant la zone commerciale. J\u2019\u00e9tais d\u00e9j\u00e0 pass\u00e9e ici sans rencontrer personne. Ce jour-l\u00e0, j\u2019ai aper\u00e7u deux silhouettes, Ayyade et Abiga\u00ebl. J\u2019ai h\u00e9sit\u00e9 avant d\u2019avancer, toujours ce moment d\u2019attente entre le d\u00e9sir de photographier et la peur d\u2019interrompre. Ils m\u2019ont dit qu\u2019ils venaient souvent l\u00e0 apr\u00e8s les cours. Je les ai photographi\u00e9s comme je les avais vus d\u2019abord, de loin. Puis j\u2019ai continu\u00e9 \u00e0 marcher. Le lendemain, je suis revenue. La lumi\u00e8re avait chang\u00e9, plus lourde, orageuse, le lieu \u00e9tait vide.<\/p>\n<p>Revenir fait partie de ma mani\u00e8re de travailler. J\u2019aime observer un lieu sur la dur\u00e9e, voir comment il se transforme selon l\u2019heure, la saison, les passages. \u00c0 force d\u2019y retourner, je prends mes rep\u00e8res. Et parfois une sc\u00e8ne appara\u00eet simplement, comme le r\u00e9sultat de ce temps pass\u00e9 \u00e0 marcher, \u00e0 attendre, \u00e0 revenir.\u00a0\u00bb<\/p>\n<p><script async src=\"\/\/www.instagram.com\/embed.js\"><\/script><\/p>\n","protected":false},"excerpt":{"rendered":"Cette semaine, nous vous plongeons dans l\u2019\u0153il de Na\u00efma Lecomte. Jusqu\u2019au 4 janvier 2026, l\u2019artiste pr\u00e9sente\u00a0Ce qui borde\u00a0\u00e0&hellip;\n","protected":false},"author":2,"featured_media":567964,"comment_status":"","ping_status":"","sticky":false,"template":"","format":"standard","meta":{"footnotes":""},"categories":[1358],"tags":[1348,1384,1385,1386,58,59,1011,27],"class_list":{"0":"post-567963","1":"post","2":"type-post","3":"status-publish","4":"format-standard","5":"has-post-thumbnail","7":"category-arts-et-design","8":"tag-arts","9":"tag-arts-and-design","10":"tag-arts-et-design","11":"tag-design","12":"tag-divertissement","13":"tag-entertainment","14":"tag-fr","15":"tag-france"},"share_on_mastodon":{"url":"https:\/\/pubeurope.com\/@fr\/115636414866124018","error":""},"_links":{"self":[{"href":"https:\/\/www.europesays.com\/fr\/wp-json\/wp\/v2\/posts\/567963","targetHints":{"allow":["GET"]}}],"collection":[{"href":"https:\/\/www.europesays.com\/fr\/wp-json\/wp\/v2\/posts"}],"about":[{"href":"https:\/\/www.europesays.com\/fr\/wp-json\/wp\/v2\/types\/post"}],"author":[{"embeddable":true,"href":"https:\/\/www.europesays.com\/fr\/wp-json\/wp\/v2\/users\/2"}],"replies":[{"embeddable":true,"href":"https:\/\/www.europesays.com\/fr\/wp-json\/wp\/v2\/comments?post=567963"}],"version-history":[{"count":0,"href":"https:\/\/www.europesays.com\/fr\/wp-json\/wp\/v2\/posts\/567963\/revisions"}],"wp:featuredmedia":[{"embeddable":true,"href":"https:\/\/www.europesays.com\/fr\/wp-json\/wp\/v2\/media\/567964"}],"wp:attachment":[{"href":"https:\/\/www.europesays.com\/fr\/wp-json\/wp\/v2\/media?parent=567963"}],"wp:term":[{"taxonomy":"category","embeddable":true,"href":"https:\/\/www.europesays.com\/fr\/wp-json\/wp\/v2\/categories?post=567963"},{"taxonomy":"post_tag","embeddable":true,"href":"https:\/\/www.europesays.com\/fr\/wp-json\/wp\/v2\/tags?post=567963"}],"curies":[{"name":"wp","href":"https:\/\/api.w.org\/{rel}","templated":true}]}}