{"id":567980,"date":"2025-11-30T03:09:25","date_gmt":"2025-11-30T03:09:25","guid":{"rendered":"https:\/\/www.europesays.com\/fr\/567980\/"},"modified":"2025-11-30T03:09:25","modified_gmt":"2025-11-30T03:09:25","slug":"pourquoi-le-desarmement-du-hezbollah-promis-avant-la-fin-de-lannee-se-revele-plus-incertain-que-prevu","status":"publish","type":"post","link":"https:\/\/www.europesays.com\/fr\/567980\/","title":{"rendered":"pourquoi le d\u00e9sarmement du Hezbollah, promis avant la fin de l&rsquo;ann\u00e9e, se r\u00e9v\u00e8le plus incertain que pr\u00e9vu"},"content":{"rendered":"\n<p class=\"c-chapo \">\n  Le Hezbollah a brandi vendredi \u00ab\u00a0le droit de riposter\u00a0\u00bb apr\u00e8s l&rsquo;assassinat par Isra\u00ebl de son chef militaire. Une d\u00e9claration qui risque de mettre davantage en p\u00e9ril le cessez-le-feu d\u00e9cid\u00e9 en novembre 2024, et plusieurs fois rompu par l&rsquo;Etat h\u00e9breu.\n<\/p>\n<p>      lire plus tard<\/p>\n<p id=\"dialog__title\" class=\"dialog__title\">Pour sauvegarder cet article, connectez-vous ou cr\u00e9ez un compte franceinfo<\/p>\n<p class=\"dialog__description\">Sans paiement. Sans abonnement.<\/p>\n<p>        Fermer la fen\u00eatre d\u2019activation des notifications France Info<\/p>\n<p>      cr\u00e9er votre compte<\/p>\n<p>      se connecter<\/p>\n<p>        Fermer la fen\u00eatre de pr\u00e9sentation<\/p>\n<p>    <img decoding=\"async\" class=\"signature__image\" width=\"44\" height=\"44\"  alt=\"\" src=\"https:\/\/www.franceinfo.fr\/assets\/common\/images\/galaxie-icons\/avatar-e7320e16.svg\" fetchpriority=\"high\"\/><\/p>\n<p>    Publi\u00e9 le 29\/11\/2025 16:05<\/p>\n<p>        Temps de lecture : 2min<\/p>\n<p>    <img decoding=\"async\"  alt=\"Des soldats libanais observent des positions isra\u00e9liennes depuis le village d'Alma el-Chaab, au sud du Liban, le 28 novembre 2025. (MARWAN NAAMANI \/ MAXPPP)\" width=\"432\" height=\"243\" src=\"https:\/\/www.europesays.com\/fr\/wp-content\/uploads\/2025\/11\/maxnewsfrsix141016-692b001a9fd5c639016550.jpg\" fetchpriority=\"high\"\/><\/p>\n<p>      Des soldats libanais observent des positions isra\u00e9liennes depuis le village d&rsquo;Alma el-Chaab, au sud du Liban, le 28 novembre 2025. (MARWAN NAAMANI \/ MAXPPP)<\/p>\n<p>Vendredi 28 novembre, Na\u00efm Qassem, le secr\u00e9taire g\u00e9n\u00e9ral du Hezbollah a pris la parole, six jours apr\u00e8s <a href=\"https:\/\/www.franceinfo.fr\/monde\/israel\/le-hezbollah-dit-avoir-le-droit-de-repondre-a-l-assassinat-de-son-chef-militaire-par-israel_7646021.html\" target=\"_blank\" rel=\"noopener\" data-tooltip-url=\"https:\/\/www.franceinfo.fr\/monde\/israel\/le-hezbollah-dit-avoir-le-droit-de-repondre-a-l-assassinat-de-son-chef-militaire-par-israel_7646021.html\">l&rsquo;assassinat par Isra\u00ebl du chef d&rsquo;Etat major de l&rsquo;organisation<\/a>. Il a affirm\u00e9 que le Hezbollah avait \u00ab\u00a0le droit de riposter\u00a0\u00bb, tout en pr\u00e9cisant qu&rsquo;il \u00ab\u00a0d\u00e9cidera lui-m\u00eame du moment\u00a0\u00bb. Un an jour pour jour apr\u00e8s le cessez-le-feu cens\u00e9 mettre fin \u00e0 une guerre ayant fait plus de 5\u00a0000 morts, dont plus de la moiti\u00e9 \u00e9taient des civils libanais, le pays est \u00e0 nouveau <a href=\"https:\/\/www.franceinfo.fr\/monde\/proche-orient\/liban\/l-armee-israelienne-dit-avoir-mene-une-serie-de-frappes-contre-le-hezbollah-dans-le-sud-du-liban_7643381.html\" target=\"_blank\" rel=\"noopener\" data-tooltip-url=\"https:\/\/www.franceinfo.fr\/monde\/proche-orient\/liban\/l-armee-israelienne-dit-avoir-mene-une-serie-de-frappes-contre-le-hezbollah-dans-le-sud-du-liban_7643381.html\">sous haute tension<\/a>. C&rsquo;est dans ce contexte que le <a href=\"https:\/\/www.franceinfo.fr\/monde\/vatican\/pape-leon-xiv\/en-turquie-le-pape-leon-xiv-visite-en-toute-discretion-la-mosquee-bleue-d-istanbul_7647590.html\" target=\"_blank\" rel=\"noopener\" data-tooltip-url=\"https:\/\/www.franceinfo.fr\/monde\/vatican\/pape-leon-xiv\/en-turquie-le-pape-leon-xiv-visite-en-toute-discretion-la-mosquee-bleue-d-istanbul_7647590.html\">pape L\u00e9on XIV<\/a> est en visite au Liban \u00e0 partir de dimanche apr\u00e8s un d\u00e9placement en Turquie.<\/p>\n<p>Beaucoup de Libanais redoutent aujourd&rsquo;hui un \u00e9chec du cessez-le-feu car, en r\u00e9alit\u00e9, il ne tient pas depuis ses d\u00e9buts. Un chiffre \u00e9loquent : la Force int\u00e9rimaire des Nations unies au Liban (Finul) parle de plus de 10\u00a0000 violations par Isra\u00ebl en seulement un an. On constate ces violations quotidiennement\u00a0: des bombardements \u00e0 Beyrouth et surtout dans le sud du pays, o\u00f9 plus de 108 civils ont \u00e9t\u00e9 tu\u00e9s depuis novembre 2024, des incursions terrestres et surtout l&rsquo;occupation de plusieurs parties du territoire libanais tout autour de la fronti\u00e8re. Et ces violations s&rsquo;intensifient d&rsquo;autant plus que le Hezbollah refuse de rendre ses armes \u00e0 l&rsquo;arm\u00e9e libanaise. Les autorit\u00e9s avaient promis que son d\u00e9sarmement se ferait avant la fin de l&rsquo;ann\u00e9e. Les Am\u00e9ricains ont fait pression pour que ce processus soit acc\u00e9l\u00e9r\u00e9, jusqu&rsquo;\u00e0 adopter un ton plus mena\u00e7ant ces derni\u00e8res semaines.<\/p>\n<p>Le Hezbollah refuse de c\u00e9der pour plusieurs raisons. D&rsquo;abord, il se dit qu&rsquo;avec ou sans les armes, l&rsquo;arm\u00e9e isra\u00e9lienne continuera de vouloir le voir dispara\u00eetre, alors autant garder son arsenal. Ensuite, le Hezbollah souhaite garder son influence sur la sc\u00e8ne politique libanaise et esp\u00e8re en \u00e9change quelque chose des autorit\u00e9s : la reconstruction des villages d\u00e9truits par Isra\u00ebl, le retour des prisonniers libanais\u2026<\/p>\n<p>Franceinfo a pu s&rsquo;entretenir avec l&rsquo;une de ses figures historiques, l&rsquo;ancien ministre Hussein el-Hajj Hassan. Quand on lui parle du risque de guerre si le Hezbollah garde ses armes, il cite Tom Barrack, l&rsquo;\u00e9missaire am\u00e9ricain au Liban : \u00ab\u00a0C&rsquo;est lui qui a dit, ce n&rsquo;est pas moi, que la paix est une illusion. Et c&rsquo;est lui qui a dit qu&rsquo;il y a un conflit o\u00f9 l&rsquo;un va vaincre et l&rsquo;autre se soumettre.\u00a0\u00bb En d&rsquo;autres termes, la position du Hezbollah est claire\u00a0: se pr\u00e9parer \u00e0 la guerre, car elle va arriver t\u00f4t ou tard.<\/p>\n","protected":false},"excerpt":{"rendered":"Le Hezbollah a brandi vendredi \u00ab\u00a0le droit de riposter\u00a0\u00bb apr\u00e8s l&rsquo;assassinat par Isra\u00ebl de son chef militaire. Une&hellip;\n","protected":false},"author":2,"featured_media":567981,"comment_status":"","ping_status":"","sticky":false,"template":"","format":"standard","meta":{"footnotes":""},"categories":[5],"tags":[11,1011,27,14,12,28],"class_list":{"0":"post-567980","1":"post","2":"type-post","3":"status-publish","4":"format-standard","5":"has-post-thumbnail","7":"category-international","8":"tag-actualites","9":"tag-fr","10":"tag-france","11":"tag-international","12":"tag-news","13":"tag-world"},"share_on_mastodon":{"url":"https:\/\/pubeurope.com\/@fr\/115636455080149568","error":""},"_links":{"self":[{"href":"https:\/\/www.europesays.com\/fr\/wp-json\/wp\/v2\/posts\/567980","targetHints":{"allow":["GET"]}}],"collection":[{"href":"https:\/\/www.europesays.com\/fr\/wp-json\/wp\/v2\/posts"}],"about":[{"href":"https:\/\/www.europesays.com\/fr\/wp-json\/wp\/v2\/types\/post"}],"author":[{"embeddable":true,"href":"https:\/\/www.europesays.com\/fr\/wp-json\/wp\/v2\/users\/2"}],"replies":[{"embeddable":true,"href":"https:\/\/www.europesays.com\/fr\/wp-json\/wp\/v2\/comments?post=567980"}],"version-history":[{"count":0,"href":"https:\/\/www.europesays.com\/fr\/wp-json\/wp\/v2\/posts\/567980\/revisions"}],"wp:featuredmedia":[{"embeddable":true,"href":"https:\/\/www.europesays.com\/fr\/wp-json\/wp\/v2\/media\/567981"}],"wp:attachment":[{"href":"https:\/\/www.europesays.com\/fr\/wp-json\/wp\/v2\/media?parent=567980"}],"wp:term":[{"taxonomy":"category","embeddable":true,"href":"https:\/\/www.europesays.com\/fr\/wp-json\/wp\/v2\/categories?post=567980"},{"taxonomy":"post_tag","embeddable":true,"href":"https:\/\/www.europesays.com\/fr\/wp-json\/wp\/v2\/tags?post=567980"}],"curies":[{"name":"wp","href":"https:\/\/api.w.org\/{rel}","templated":true}]}}