{"id":567990,"date":"2025-11-30T03:18:20","date_gmt":"2025-11-30T03:18:20","guid":{"rendered":"https:\/\/www.europesays.com\/fr\/567990\/"},"modified":"2025-11-30T03:18:20","modified_gmt":"2025-11-30T03:18:20","slug":"a-toulon-un-paquebot-architectural-pour-un-institut-de-formation","status":"publish","type":"post","link":"https:\/\/www.europesays.com\/fr\/567990\/","title":{"rendered":"\u00c0 Toulon, un paquebot architectural pour un institut de formation"},"content":{"rendered":"<p>Au c\u0153ur de <a class=\"Link\" href=\"https:\/\/www.lepoint.fr\/tags\/toulon\" data-gtm=\"click:capsule\" data-capsule=\"Lien\" target=\"_blank\" rel=\"noopener\">Toulon<\/a>, entre la gare et la pr\u00e9fecture, l&rsquo;Institut de formation public varois des professions de sant\u00e9 (IFPVPS) r\u00e9unit depuis le mois de septembre les fili\u00e8res p\u00e9dagogiques param\u00e9dicales auparavant r\u00e9parties sur huit sites du d\u00e9partement.<\/p>\n<p>\n\u00c0 D\u00e9couvrir<br \/>\n<strong class=\"discover-kangourou__line\"><br \/>\n<img decoding=\"async\" class=\"discover-kangourou__img\" src=\"https:\/\/static.lpnt.fr\/static\/img\/kangourou\/kangourou_filled.svg\"\/><br \/>\n<strong class=\"discover-kangourou__txt\"><br \/>\n<strong>Le Kangourou du jour<\/strong><br \/>\n<a href=\"https:\/\/kangourou.lepoint.fr\" title=\"kangourou\" data-gtm-cta=\"kangourou_article\" class=\"discover-kangourou__lnk\" target=\"_blank\" rel=\"noopener\"><br \/>\nR\u00e9pondre<br \/>\n<\/a><br \/>\n<\/strong><br \/>\n<\/strong><br \/>\nCapable d&rsquo;accueillir 1\u00a0200\u00a0\u00e9tudiants (infirmiers, aides-soignants, auxiliaires de pu\u00e9riculture, psychomotriciens, ergoth\u00e9rapeutes, ambulanciers\u2026), cet \u00e9quipement public dessin\u00e9 par <a class=\"Link\" href=\"https:\/\/www.lepoint.fr\/immobilier\/architecture-a-cannes-un-campus-cinematographique-30-12-2021-2458581_31.php\" title=\"\" data-gtm=\"click:capsule\" data-capsule=\"Lien\" target=\"_blank\" rel=\"noopener\">l&rsquo;architecte azur\u00e9en Christophe Gulizzi<\/a> capte le regard par son enveloppe dentel\u00e9e immacul\u00e9e, en b\u00e9ton fibr\u00e9. Sa guipure continue de brise-soleil filtre au mieux la franche lumi\u00e8re du jour, tout en pr\u00e9servant totalement l&rsquo;intimit\u00e9 des lieux. Deux amphith\u00e9\u00e2tres (100\u00a0et 170\u00a0places) se d\u00e9ploient derri\u00e8re ce tourbillon de courbes en retrait les unes des autres, rythmant une audacieuse architecture en coh\u00e9rence avec sa fonction d&rsquo;enseignement et de soin.<\/p>\n<p>Toute l\u2019actualit\u00e9 \u00e0 1\u20ac le premier mois<\/p>\n<p><a href=\"https:\/\/abo.lepoint.fr\/?provenance=21EDI020098\" class=\"btn\" title=\"S&#039;abonner\" data-gtm=\"click:abo|display:abo\" data-campaign=\"paywall_maison\" target=\"_blank\" rel=\"noopener\">S&rsquo;abonner<\/a><\/p>\n<p>ou<\/p>\n","protected":false},"excerpt":{"rendered":"Au c\u0153ur de Toulon, entre la gare et la pr\u00e9fecture, l&rsquo;Institut de formation public varois des professions de&hellip;\n","protected":false},"author":2,"featured_media":567991,"comment_status":"","ping_status":"","sticky":false,"template":"","format":"standard","meta":{"footnotes":""},"categories":[9619],"tags":[1111,11,1777,674,1011,27,12,882,25,2310],"class_list":{"0":"post-567990","1":"post","2":"type-post","3":"status-publish","4":"format-standard","5":"has-post-thumbnail","7":"category-toulon","8":"tag-actu","9":"tag-actualites","10":"tag-eu","11":"tag-europe","12":"tag-fr","13":"tag-france","14":"tag-news","15":"tag-provence-alpes-cote-dazur","16":"tag-republique-francaise","17":"tag-toulon"},"share_on_mastodon":{"url":"https:\/\/pubeurope.com\/@fr\/115636490630550460","error":""},"_links":{"self":[{"href":"https:\/\/www.europesays.com\/fr\/wp-json\/wp\/v2\/posts\/567990","targetHints":{"allow":["GET"]}}],"collection":[{"href":"https:\/\/www.europesays.com\/fr\/wp-json\/wp\/v2\/posts"}],"about":[{"href":"https:\/\/www.europesays.com\/fr\/wp-json\/wp\/v2\/types\/post"}],"author":[{"embeddable":true,"href":"https:\/\/www.europesays.com\/fr\/wp-json\/wp\/v2\/users\/2"}],"replies":[{"embeddable":true,"href":"https:\/\/www.europesays.com\/fr\/wp-json\/wp\/v2\/comments?post=567990"}],"version-history":[{"count":0,"href":"https:\/\/www.europesays.com\/fr\/wp-json\/wp\/v2\/posts\/567990\/revisions"}],"wp:featuredmedia":[{"embeddable":true,"href":"https:\/\/www.europesays.com\/fr\/wp-json\/wp\/v2\/media\/567991"}],"wp:attachment":[{"href":"https:\/\/www.europesays.com\/fr\/wp-json\/wp\/v2\/media?parent=567990"}],"wp:term":[{"taxonomy":"category","embeddable":true,"href":"https:\/\/www.europesays.com\/fr\/wp-json\/wp\/v2\/categories?post=567990"},{"taxonomy":"post_tag","embeddable":true,"href":"https:\/\/www.europesays.com\/fr\/wp-json\/wp\/v2\/tags?post=567990"}],"curies":[{"name":"wp","href":"https:\/\/api.w.org\/{rel}","templated":true}]}}