{"id":567997,"date":"2025-11-30T03:28:13","date_gmt":"2025-11-30T03:28:13","guid":{"rendered":"https:\/\/www.europesays.com\/fr\/567997\/"},"modified":"2025-11-30T03:28:13","modified_gmt":"2025-11-30T03:28:13","slug":"a-rennes-deux-hommes-interpelles-apres-avoir-agresse-sexuellement-des-vendeuses-au-centre-alma-2","status":"publish","type":"post","link":"https:\/\/www.europesays.com\/fr\/567997\/","title":{"rendered":"\u00c0 Rennes, deux hommes interpell\u00e9s apr\u00e8s avoir agress\u00e9 sexuellement des vendeuses au centre Alma"},"content":{"rendered":"<p>La police les a pris en flagrant d\u00e9lit d\u2019agression sexuelle. Vendredi 28\u00a0novembre 2025, c\u2019est le jour du Black Friday au centre commercial Rennes (Ille-et-Vilaine) Alma. Vers 13\u00a0h, un appel signale aux forces de l\u2019ordre que des individus touchent les fesses de vendeuses, dans un magasin de v\u00eatements.<\/p>\n<p>Une \u00e9quipe de police secours intervient imm\u00e9diatement, et interpelle les deux hommes.\u00a0Ils sont plac\u00e9s en garde \u00e0 vue pendant vingt-quatre\u00a0heures. En situation irr\u00e9guli\u00e8re, ils ont \u00e9t\u00e9 rel\u00e2ch\u00e9s ce samedi. L\u2019autorit\u00e9 pr\u00e9fectorale a prononc\u00e9 une assignation \u00e0 r\u00e9sidence pour l\u2019un d\u2019eux, \u00e2g\u00e9 de 28\u00a0ans. Ils ne font pas l\u2019objet de poursuites judiciaires.<\/p>\n<p>\u00a0<\/p>\n","protected":false},"excerpt":{"rendered":"La police les a pris en flagrant d\u00e9lit d\u2019agression sexuelle. Vendredi 28\u00a0novembre 2025, c\u2019est le jour du Black&hellip;\n","protected":false},"author":2,"featured_media":567430,"comment_status":"","ping_status":"","sticky":false,"template":"","format":"standard","meta":{"footnotes":""},"categories":[2821],"tags":[1111,11,8058,24105,829,3335,1777,674,1011,27,1101,9690,12,584,25,35832,68247],"class_list":{"0":"post-567997","1":"post","2":"type-post","3":"status-publish","4":"format-standard","5":"has-post-thumbnail","7":"category-rennes","8":"tag-actu","9":"tag-actualites","10":"tag-agresse","11":"tag-alma","12":"tag-bretagne","13":"tag-centre","14":"tag-eu","15":"tag-europe","16":"tag-fr","17":"tag-france","18":"tag-hommes","19":"tag-interpelles","20":"tag-news","21":"tag-rennes","22":"tag-republique-francaise","23":"tag-sexuellement","24":"tag-vendeuses"},"share_on_mastodon":{"url":"https:\/\/pubeurope.com\/@fr\/115636529048820770","error":""},"_links":{"self":[{"href":"https:\/\/www.europesays.com\/fr\/wp-json\/wp\/v2\/posts\/567997","targetHints":{"allow":["GET"]}}],"collection":[{"href":"https:\/\/www.europesays.com\/fr\/wp-json\/wp\/v2\/posts"}],"about":[{"href":"https:\/\/www.europesays.com\/fr\/wp-json\/wp\/v2\/types\/post"}],"author":[{"embeddable":true,"href":"https:\/\/www.europesays.com\/fr\/wp-json\/wp\/v2\/users\/2"}],"replies":[{"embeddable":true,"href":"https:\/\/www.europesays.com\/fr\/wp-json\/wp\/v2\/comments?post=567997"}],"version-history":[{"count":0,"href":"https:\/\/www.europesays.com\/fr\/wp-json\/wp\/v2\/posts\/567997\/revisions"}],"wp:featuredmedia":[{"embeddable":true,"href":"https:\/\/www.europesays.com\/fr\/wp-json\/wp\/v2\/media\/567430"}],"wp:attachment":[{"href":"https:\/\/www.europesays.com\/fr\/wp-json\/wp\/v2\/media?parent=567997"}],"wp:term":[{"taxonomy":"category","embeddable":true,"href":"https:\/\/www.europesays.com\/fr\/wp-json\/wp\/v2\/categories?post=567997"},{"taxonomy":"post_tag","embeddable":true,"href":"https:\/\/www.europesays.com\/fr\/wp-json\/wp\/v2\/tags?post=567997"}],"curies":[{"name":"wp","href":"https:\/\/api.w.org\/{rel}","templated":true}]}}