{"id":567998,"date":"2025-11-30T03:29:28","date_gmt":"2025-11-30T03:29:28","guid":{"rendered":"https:\/\/www.europesays.com\/fr\/567998\/"},"modified":"2025-11-30T03:29:28","modified_gmt":"2025-11-30T03:29:28","slug":"une-cible-de-rennes-a-paris-gros-coup-en-preparation-pour-beye","status":"publish","type":"post","link":"https:\/\/www.europesays.com\/fr\/567998\/","title":{"rendered":"Une cible de Rennes \u00e0 Paris ! Gros coup en pr\u00e9paration pour Beye"},"content":{"rendered":"<p>La dynamique positive de l\u2019\u00e9quipe<br \/>\nrennaise a permis \u00e0 Habib Beye de consolider sa position<br \/>\nd\u2019entra\u00eeneur, ouvrant des perspectives de transferts pour cet<br \/>\nhiver.<\/p>\n<p>Le vent a tourn\u00e9 au Stade Rennais. Gr\u00e2ce aux r\u00e9cents succ\u00e8s de<br \/>\nl\u2019\u00e9quipe, quatre victoires en autant de matchs en novembre, Habib<br \/>\nBeye a regagn\u00e9 du cr\u00e9dit sur son banc.<\/p>\n<p>L\u2019entra\u00eeneur s\u00e9n\u00e9galais avait \u00e9t\u00e9 annonc\u00e9 sur la sellette durant<br \/>\nplusieurs semaines face au manque de r\u00e9sultats de l\u2019\u00e9quipe<br \/>\nbretonne. Mais finalement, il est parvenu \u00e0 relancer la machine,<br \/>\nd\u2019abord avec un premier succ\u00e8s contre le RC Strasbourg (4-1) le 2<br \/>\nnovembre.<\/p>\n<p>Deux d\u00e9parts et une arriv\u00e9e ?<\/p>\n<p>La tr\u00e8s bonne forme des Rouge et Noir leur permet m\u00eame de se<br \/>\nprojeter sur le prochain mercato afin d\u2019envisager quelques<br \/>\nrenforts, mais \u00e9galement certains d\u00e9parts. Dans ce contexte,<br \/>\nl\u2019insider sp\u00e9cialiste du club, Jonathan35001, annonce une \u00ab rumeur<br \/>\nassez persistante depuis quelques semaines \u00bb, \u00e0 savoir que :<br \/>\n\u00ab\u00a0Fofana et Blas seraient sur le d\u00e9part. \u00c7a parlerait<br \/>\nd\u2019une offre d\u2019un club autour de 15M\u20ac pour ce<br \/>\ndernier.\u00a0\u00bb<\/p>\n<p>En parall\u00e8le, la direction du SRFC pourrait d\u00e9cider de faire ses<br \/>\nemplettes du c\u00f4t\u00e9 du Paris FC, en se positionnant sur une cible de<br \/>\nlongue date. \u00ab\u00a0Illan Kebbal serait appr\u00e9ci\u00e9 (il l\u2019\u00e9tait<br \/>\nd\u00e9j\u00e0 cet \u00e9t\u00e9)\u00a0\u00bb, explique la source. Rennes r\u00e9aliserait<br \/>\nalors un joli coup en s\u2019attachant les services du joueur le plus<br \/>\nprolifique du club parisien. Pour rappel, en 13 matchs de Ligue 1,<br \/>\nl\u2019ailier droit alg\u00e9rien a trouv\u00e9 le chemin des filets \u00e0 5 reprises<br \/>\net distill\u00e9 4 passes d\u00e9cisives.<\/p>\n<p>EN BREF<\/p>\n<ul class=\"bloc_resume_post_list\">\n<li>En novembre, le Stade Rennais a remport\u00e9 quatre victoires<br \/>\ncons\u00e9cutives, redonnant du cr\u00e9dit \u00e0 l&rsquo;entra\u00eeneur Habib Beye,<br \/>\npr\u00e9c\u00e9demment menac\u00e9 de licenciement.<\/li>\n<li>Le club envisage des mouvements lors du prochain mercato, avec<br \/>\ndes rumeurs de d\u00e9parts pour Fofana et Blas, et un int\u00e9r\u00eat pour<br \/>\nIllan Kebbal du Paris FC.<\/li>\n<li>La bonne forme de l&rsquo;\u00e9quipe permet de planifier des ajustements<br \/>\nstrat\u00e9giques pour renforcer l&rsquo;effectif.<\/li>\n<\/ul>\n","protected":false},"excerpt":{"rendered":"La dynamique positive de l\u2019\u00e9quipe rennaise a permis \u00e0 Habib Beye de consolider sa position d\u2019entra\u00eeneur, ouvrant des&hellip;\n","protected":false},"author":2,"featured_media":567999,"comment_status":"","ping_status":"","sticky":false,"template":"","format":"standard","meta":{"footnotes":""},"categories":[2821],"tags":[1111,11,829,1777,674,1011,27,12,584,25],"class_list":{"0":"post-567998","1":"post","2":"type-post","3":"status-publish","4":"format-standard","5":"has-post-thumbnail","7":"category-rennes","8":"tag-actu","9":"tag-actualites","10":"tag-bretagne","11":"tag-eu","12":"tag-europe","13":"tag-fr","14":"tag-france","15":"tag-news","16":"tag-rennes","17":"tag-republique-francaise"},"share_on_mastodon":{"url":"https:\/\/pubeurope.com\/@fr\/115636533031525325","error":""},"_links":{"self":[{"href":"https:\/\/www.europesays.com\/fr\/wp-json\/wp\/v2\/posts\/567998","targetHints":{"allow":["GET"]}}],"collection":[{"href":"https:\/\/www.europesays.com\/fr\/wp-json\/wp\/v2\/posts"}],"about":[{"href":"https:\/\/www.europesays.com\/fr\/wp-json\/wp\/v2\/types\/post"}],"author":[{"embeddable":true,"href":"https:\/\/www.europesays.com\/fr\/wp-json\/wp\/v2\/users\/2"}],"replies":[{"embeddable":true,"href":"https:\/\/www.europesays.com\/fr\/wp-json\/wp\/v2\/comments?post=567998"}],"version-history":[{"count":0,"href":"https:\/\/www.europesays.com\/fr\/wp-json\/wp\/v2\/posts\/567998\/revisions"}],"wp:featuredmedia":[{"embeddable":true,"href":"https:\/\/www.europesays.com\/fr\/wp-json\/wp\/v2\/media\/567999"}],"wp:attachment":[{"href":"https:\/\/www.europesays.com\/fr\/wp-json\/wp\/v2\/media?parent=567998"}],"wp:term":[{"taxonomy":"category","embeddable":true,"href":"https:\/\/www.europesays.com\/fr\/wp-json\/wp\/v2\/categories?post=567998"},{"taxonomy":"post_tag","embeddable":true,"href":"https:\/\/www.europesays.com\/fr\/wp-json\/wp\/v2\/tags?post=567998"}],"curies":[{"name":"wp","href":"https:\/\/api.w.org\/{rel}","templated":true}]}}