{"id":568000,"date":"2025-11-30T03:30:52","date_gmt":"2025-11-30T03:30:52","guid":{"rendered":"https:\/\/www.europesays.com\/fr\/568000\/"},"modified":"2025-11-30T03:30:52","modified_gmt":"2025-11-30T03:30:52","slug":"a-76-ans-le-maire-de-bischheim-jean-louis-hoerle-a-decide-de-se-representer","status":"publish","type":"post","link":"https:\/\/www.europesays.com\/fr\/568000\/","title":{"rendered":"\u00e0 76 ans, le maire de Bischheim Jean-Louis Hoerl\u00e9 a d\u00e9cid\u00e9 de se repr\u00e9senter"},"content":{"rendered":"<p>Jean-Louis Hoerl\u00e9, en annon\u00e7ant <a href=\"https:\/\/www.dna.fr\/politique\/2025\/03\/30\/a-bischheim-jean-louis-hoerle-ne-se-representera-pas\" target=\"_blank\" rel=\"noopener\">en mars dans nos pages<\/a> son intention de raccrocher, en avait surpris plus d\u2019un. Apr\u00e8s 42 ann\u00e9es dans l\u2019ex\u00e9cutif de la majorit\u00e9 municipale, comme premier adjoint d\u2019Andr\u00e9 Klein-Mosser, puis, pendant deux mandats, en tant que maire, il estimait devoir tenir compte de son \u00e2ge\u00a0: \u00ab\u00a0le jour des \u00e9lections j\u2019aurai 77 ans\u00a0\u00bb.<\/p>\n<p>Ce vendredi 28\u00a0novembre, lors d\u2019une conf\u00e9rence de presse dans le restaurant Go\u00fbt Garden , Ren\u00e9 Bandol a annonc\u00e9 un changement complet de strat\u00e9gie. S\u2019il avait \u00e9t\u00e9 question un moment que l\u2019adjoint aux finances prenne le relais, le \u00ab\u00a0contexte&#8230;<\/p>\n","protected":false},"excerpt":{"rendered":"Jean-Louis Hoerl\u00e9, en annon\u00e7ant en mars dans nos pages son intention de raccrocher, en avait surpris plus d\u2019un.&hellip;\n","protected":false},"author":2,"featured_media":568001,"comment_status":"","ping_status":"","sticky":false,"template":"","format":"standard","meta":{"footnotes":""},"categories":[2820],"tags":[1111,11,13205,2880,5949,4188,1777,674,107,1011,27,775,6319,12,316,25,640,3265],"class_list":{"0":"post-568000","1":"post","2":"type-post","3":"status-publish","4":"format-standard","5":"has-post-thumbnail","7":"category-strasbourg","8":"tag-actu","9":"tag-actualites","10":"tag-bischheim","11":"tag-edition-strasbourg","12":"tag-elections","13":"tag-elections-municipales","14":"tag-eu","15":"tag-europe","16":"tag-fil-info","17":"tag-fr","18":"tag-france","19":"tag-grand-est","20":"tag-les-republicains","21":"tag-news","22":"tag-politique","23":"tag-republique-francaise","24":"tag-strasbourg","25":"tag-strasbourg-nord"},"share_on_mastodon":{"url":"https:\/\/pubeurope.com\/@fr\/115636540727333712","error":""},"_links":{"self":[{"href":"https:\/\/www.europesays.com\/fr\/wp-json\/wp\/v2\/posts\/568000","targetHints":{"allow":["GET"]}}],"collection":[{"href":"https:\/\/www.europesays.com\/fr\/wp-json\/wp\/v2\/posts"}],"about":[{"href":"https:\/\/www.europesays.com\/fr\/wp-json\/wp\/v2\/types\/post"}],"author":[{"embeddable":true,"href":"https:\/\/www.europesays.com\/fr\/wp-json\/wp\/v2\/users\/2"}],"replies":[{"embeddable":true,"href":"https:\/\/www.europesays.com\/fr\/wp-json\/wp\/v2\/comments?post=568000"}],"version-history":[{"count":0,"href":"https:\/\/www.europesays.com\/fr\/wp-json\/wp\/v2\/posts\/568000\/revisions"}],"wp:featuredmedia":[{"embeddable":true,"href":"https:\/\/www.europesays.com\/fr\/wp-json\/wp\/v2\/media\/568001"}],"wp:attachment":[{"href":"https:\/\/www.europesays.com\/fr\/wp-json\/wp\/v2\/media?parent=568000"}],"wp:term":[{"taxonomy":"category","embeddable":true,"href":"https:\/\/www.europesays.com\/fr\/wp-json\/wp\/v2\/categories?post=568000"},{"taxonomy":"post_tag","embeddable":true,"href":"https:\/\/www.europesays.com\/fr\/wp-json\/wp\/v2\/tags?post=568000"}],"curies":[{"name":"wp","href":"https:\/\/api.w.org\/{rel}","templated":true}]}}