{"id":568002,"date":"2025-11-30T03:32:24","date_gmt":"2025-11-30T03:32:24","guid":{"rendered":"https:\/\/www.europesays.com\/fr\/568002\/"},"modified":"2025-11-30T03:32:24","modified_gmt":"2025-11-30T03:32:24","slug":"strasbourg-un-pistolet-automatique-et-des-munitions-retrouves-pres-du-marche-de-noel","status":"publish","type":"post","link":"https:\/\/www.europesays.com\/fr\/568002\/","title":{"rendered":"Strasbourg : Un pistolet automatique et des munitions retrouv\u00e9s pr\u00e8s du march\u00e9 de No\u00ebl"},"content":{"rendered":"<p class=\"mb-4 text-lg md:leading-8 break-words\"><strong>enqu\u00eate &#8211; L\u2019arme a \u00e9t\u00e9 retrouv\u00e9e dans un bosquet d\u2019un espace d\u00e9di\u00e9 aux enfants<\/strong><\/p>\n<p class=\"mb-4 text-lg md:leading-8 break-words\">Il \u00e9tait pos\u00e9 dans un bosquet. Ce vendredi, des agents d\u2019entretien ont d\u00e9couvert un pistolet automatique et des munitions dans des fourr\u00e9s situ\u00e9s non loin du <a href=\"https:\/\/www.20minutes.fr\/dossier\/marche_de_noel?at_medium=RSS%20feed&amp;at_campaign=ynews&amp;utm_source=yahoo&amp;utm_medium=rss&amp;utm_campaign=news_feed&amp;utm_content=in_article_link\" rel=\"nofollow noopener\" target=\"_blank\" data-ylk=\"slk:march\u00e9 de No\u00ebl;elm:context_link;itc:0;sec:content-canvas\" class=\"link \">march\u00e9 de No\u00ebl<\/a> de Strasbourg (Bas-Rhin). D\u2019apr\u00e8s nos confr\u00e8res ref=\u00a0\u00bbhttps:\/\/www.dna.fr\/faits-divers-justice\/2025\/11\/28\/une-arme-et-ses-munitions-retrouvees-dans-l-enceinte-du-marche-de-noel?at_medium=RSS%20feed&amp;at_campaign=ynews&amp;utm_source=yahoo&amp;utm_medium=rss&amp;utm_campaign=news_feed&amp;utm_content=in_article_link\u00a0\u00bb&gt;des Derni\u00e8res nouvelles d\u2019Alsace, l\u2019arme \u00e9tait cach\u00e9e sur la presqu\u2019\u00eele qui accueille \u00ab\u00a0village de l\u2019avent\u00a0\u00bb, un espace d\u00e9di\u00e9 aux enfants pendant le march\u00e9 de No\u00ebl.<\/p>\n<p class=\"mb-4 text-lg md:leading-8 break-words\">\u00ab\u00a0https:\/\/france3-regions.franceinfo.fr\/grand-est\/bas-rhin\/strasbourg-0\/un-pistolet-automatique-et-des-munitions-decouverts-dans-un-bosquet-a-proximite-du-marche-de-noel-de-strasbourg-3257863.html?at_medium=RSS%20feed&amp;at_campaign=ynews&amp;utm_source=yahoo&amp;utm_medium=rss&amp;utm_campaign=news_feed&amp;utm_content=in_article_link\u00a0\u00bb&gt;D\u2019apr\u00e8s France 3 Grand-Est, l\u2019arme \u00e9tait entrepos\u00e9e dans une mallette de transport avec trois chargeurs. Le pistolet automatique, qui semblait en \u00e9tat de fonctionnement, avait \u00e9t\u00e9 vol\u00e9 en\u00a02022 chez un habitant de la r\u00e9gion qui pratiquait le tir sportif. On ignore pour l\u2019heure si l\u2019arme avait \u00e9t\u00e9 abandonn\u00e9e l\u00e0 avant le lancement des animations du march\u00e9 de No\u00ebl, qui s\u2019est ouvert le 26\u00a0novembre.<\/p>\n<p>Publicit\u00e9<\/p>\n<p>Publicit\u00e9<\/p>\n<p>Publicit\u00e9<\/p>\n<p>Publicit\u00e9<\/p>\n<p class=\"mb-4 text-lg md:leading-8 break-words\">Aucun lien n\u2019a \u00e9t\u00e9 \u00e9tabli entre la pr\u00e9sence de l\u2019arme et les festivit\u00e9s, qui accueillent <a href=\"https:\/\/www.20minutes.fr\/societe\/4185398-20251113-bas-rhin-ceremonie-lancement-illuminations-noel-fait-grand-retour?at_medium=RSS%20feed&amp;at_campaign=ynews&amp;utm_source=yahoo&amp;utm_medium=rss&amp;utm_campaign=news_feed&amp;utm_content=in_article_link\" rel=\"nofollow noopener\" target=\"_blank\" data-ylk=\"slk:chaque ann\u00e9e environ trois millions de visiteurs;elm:context_link;itc:0;sec:content-canvas\" class=\"link \">chaque ann\u00e9e environ trois millions de visiteurs<\/a>.<\/p>\n<p class=\"mb-4 text-lg md:leading-8 break-words\">Pour accueillir un tel public, la ville de Strasbourg <a href=\"https:\/\/www.20minutes.fr\/societe\/4183970-20251106-strasbourg-455e-edition-marche-noel-devoile-nouveautes?at_medium=RSS%20feed&amp;at_campaign=ynews&amp;utm_source=yahoo&amp;utm_medium=rss&amp;utm_campaign=news_feed&amp;utm_content=in_article_link\" rel=\"nofollow noopener\" target=\"_blank\" data-ylk=\"slk:renforce consid\u00e9rablement sa s\u00e9curit\u00e9;elm:context_link;itc:0;sec:content-canvas\" class=\"link \">renforce consid\u00e9rablement sa s\u00e9curit\u00e9<\/a>, notamment depuis l\u2019attentat perp\u00e9tr\u00e9 en\u00a02018 et qui <a href=\"https:\/\/www.20minutes.fr\/strasbourg\/4084971-20240404-attentat-marche-noel-strasbourg-principal-accuse-condamne-trente-ans-reclusion?at_medium=RSS%20feed&amp;at_campaign=ynews&amp;utm_source=yahoo&amp;utm_medium=rss&amp;utm_campaign=news_feed&amp;utm_content=in_article_link\" rel=\"nofollow noopener\" target=\"_blank\" data-ylk=\"slk:avait co\u00fbt\u00e9 la vie \u00e0 cinq personnes;elm:context_link;itc:0;sec:content-canvas\" class=\"link \">avait co\u00fbt\u00e9 la vie \u00e0 cinq personnes<\/a>.<\/p>\n<p class=\"mb-4 text-lg md:leading-8 break-words\"><a href=\"https:\/\/www.20minutes.fr\/faits_divers\/faits-divers-strasbourg\/4188734-20251129-strasbourg-pistolet-automatique-munitions-retrouves-pres-marche-noel?at_medium=RSS%20feed&amp;at_campaign=ynews&amp;utm_source=yahoo&amp;utm_medium=rss&amp;utm_campaign=news_feed&amp;utm_content=read_more_link&quot;\" rel=\"nofollow noopener\" target=\"_blank\" data-ylk=\"slk:Lire la suite sur 20minutes;elm:context_link;itc:0;sec:content-canvas\" class=\"link \">Lire la suite sur 20minutes<\/a><\/p>\n<p>\u00c0 lire aussi :<br \/><a href=\"https:\/\/www.20minutes.fr\/societe\/4183970-20251106-strasbourg-455e-edition-marche-noel-devoile-nouveautes?at_medium=RSS%20feed&amp;at_campaign=ynews&amp;utm_source=yahoo&amp;utm_medium=rss&amp;utm_campaign=news_feed&amp;utm_content=related_content_link\" rel=\"nofollow noopener\" target=\"_blank\" data-ylk=\"slk:Strasbourg\u00a0: La 455e \u00e9dition du march\u00e9 de No\u00ebl d\u00e9voile ses nouveaut\u00e9s;elm:context_link;itc:0;sec:content-canvas\" class=\"link \">Strasbourg\u00a0: La 455e \u00e9dition du march\u00e9 de No\u00ebl d\u00e9voile ses nouveaut\u00e9s<\/a><br \/><a href=\"https:\/\/www.20minutes.fr\/monde\/allemagne\/4184696-20251110-allemagne-proces-assaillant-presume-marche-noel-magdebourg-ouvre?at_medium=RSS%20feed&amp;at_campaign=ynews&amp;utm_source=yahoo&amp;utm_medium=rss&amp;utm_campaign=news_feed&amp;utm_content=related_content_link\" rel=\"nofollow noopener\" target=\"_blank\" data-ylk=\"slk:Allemagne\u00a0: Le proc\u00e8s de l\u2019assaillant pr\u00e9sum\u00e9 du march\u00e9 de No\u00ebl \u00e0 Magdebourg s\u2019ouvre;elm:context_link;itc:0;sec:content-canvas\" class=\"link \">Allemagne\u00a0: Le proc\u00e8s de l\u2019assaillant pr\u00e9sum\u00e9 du march\u00e9 de No\u00ebl \u00e0 Magdebourg s\u2019ouvre<\/a><\/p>\n","protected":false},"excerpt":{"rendered":"enqu\u00eate &#8211; L\u2019arme a \u00e9t\u00e9 retrouv\u00e9e dans un bosquet d\u2019un espace d\u00e9di\u00e9 aux enfants Il \u00e9tait pos\u00e9 dans&hellip;\n","protected":false},"author":2,"featured_media":568003,"comment_status":"","ping_status":"","sticky":false,"template":"","format":"standard","meta":{"footnotes":""},"categories":[2820],"tags":[1111,11,33254,1777,674,1011,27,775,1859,36053,12,25,640],"class_list":{"0":"post-568002","1":"post","2":"type-post","3":"status-publish","4":"format-standard","5":"has-post-thumbnail","7":"category-strasbourg","8":"tag-actu","9":"tag-actualites","10":"tag-dernieres-nouvelles-dalsace","11":"tag-eu","12":"tag-europe","13":"tag-fr","14":"tag-france","15":"tag-grand-est","16":"tag-larme","17":"tag-marche-de-noel","18":"tag-news","19":"tag-republique-francaise","20":"tag-strasbourg"},"share_on_mastodon":{"url":"https:\/\/pubeurope.com\/@fr\/115636544702635103","error":""},"_links":{"self":[{"href":"https:\/\/www.europesays.com\/fr\/wp-json\/wp\/v2\/posts\/568002","targetHints":{"allow":["GET"]}}],"collection":[{"href":"https:\/\/www.europesays.com\/fr\/wp-json\/wp\/v2\/posts"}],"about":[{"href":"https:\/\/www.europesays.com\/fr\/wp-json\/wp\/v2\/types\/post"}],"author":[{"embeddable":true,"href":"https:\/\/www.europesays.com\/fr\/wp-json\/wp\/v2\/users\/2"}],"replies":[{"embeddable":true,"href":"https:\/\/www.europesays.com\/fr\/wp-json\/wp\/v2\/comments?post=568002"}],"version-history":[{"count":0,"href":"https:\/\/www.europesays.com\/fr\/wp-json\/wp\/v2\/posts\/568002\/revisions"}],"wp:featuredmedia":[{"embeddable":true,"href":"https:\/\/www.europesays.com\/fr\/wp-json\/wp\/v2\/media\/568003"}],"wp:attachment":[{"href":"https:\/\/www.europesays.com\/fr\/wp-json\/wp\/v2\/media?parent=568002"}],"wp:term":[{"taxonomy":"category","embeddable":true,"href":"https:\/\/www.europesays.com\/fr\/wp-json\/wp\/v2\/categories?post=568002"},{"taxonomy":"post_tag","embeddable":true,"href":"https:\/\/www.europesays.com\/fr\/wp-json\/wp\/v2\/tags?post=568002"}],"curies":[{"name":"wp","href":"https:\/\/api.w.org\/{rel}","templated":true}]}}