{"id":568011,"date":"2025-11-30T03:39:11","date_gmt":"2025-11-30T03:39:11","guid":{"rendered":"https:\/\/www.europesays.com\/fr\/568011\/"},"modified":"2025-11-30T03:39:11","modified_gmt":"2025-11-30T03:39:11","slug":"mais-que-vient-faire-thomas-pesquet-dans-ce-celebre-theatre-de-toulouse","status":"publish","type":"post","link":"https:\/\/www.europesays.com\/fr\/568011\/","title":{"rendered":"Mais que vient faire Thomas Pesquet dans ce c\u00e9l\u00e8bre th\u00e9\u00e2tre de Toulouse\u00a0?"},"content":{"rendered":"<p>                    Par<br \/>\n        <strong><br \/>\n            <a href=\"https:\/\/actu.fr\/auteur\/gabriel-kenedi\" title=\"Consulter tous les articles de Gabriel Kenedi\" target=\"_blank\" rel=\"noopener\">Gabriel Kenedi<\/a><br \/>\n                    <\/strong><\/p>\n<p>        Publi\u00e9 le<\/p>\n<p>            29 nov. 2025 \u00e0 16h04        <\/p>\n<p>Attention,<strong> rencontre au sommet<\/strong> ! Lundi 15 d\u00e9cembre 2025, l\u2019astronaute<strong> Thomas Pesquet<\/strong> et le physicien et philosophe <strong>Etienne Klein<\/strong> seront pr\u00e9sents \u00e0 <strong>Toulouse<\/strong> pour un \u00e9v\u00e9nement exceptionnel.\u00a0<\/p>\n<p class=\" wall-content\">\u00ab\u00a0Les <strong>\u00e9ditions Flammarion<\/strong> ont le plaisir de vous annoncer <strong>une rencontre exceptionnelle<\/strong>, un dialogue in\u00e9dit entre Thomas Pesquet et \u00c9tienne Klein au Th\u00e9\u00e2tredelaCit\u00e9 de Toulouse\u00a0\u00bb, explique la maison d\u2019\u00e9dition.<\/p>\n<p>Un dialogue sur sc\u00e8ne et en public !\u00a0<\/p>\n<p class=\" wall-content\">\u00ab\u00a0Pour la premi\u00e8re fois \u00e0 Toulouse\u00a0\u00bb, l\u2019astronaute Thomas Pesquet et le physicien et philosophe des sciences \u00c9tienne Klein \u00ab\u00a0se retrouvent sur sc\u00e8ne pour <strong>un dialogue exceptionnel<\/strong> en prolongement de leur ouvrage\u00a0\u00c9loges du d\u00e9passement\u00a0\u00bb, pr\u00e9cise encore l\u2019\u00e9diteur.\u00a0<\/p>\n<p class=\" wall-content\">La rencontre se d\u00e9roulera donc <strong>en public<\/strong>, \u00e0 20 heures, le 15 d\u00e9cembre prochain, au Th\u00e9\u00e2treDeLaCit\u00e9.<\/p>\n<blockquote class=\"ac-article-quote wall-content\">\n<p>\u00ab\u00a0Deux regards compl\u00e9mentaires sur les fronti\u00e8res de l&rsquo;exploration, celui de Thomas Pesquet, qui a repouss\u00e9 les limites de l&rsquo;exp\u00e9rience humaine dans l&rsquo;espace, et celui d&rsquo;\u00c9tienne Klein, qui interroge les fronti\u00e8res de notre connaissance de l&rsquo;univers. Ensemble, ils partageront leurs r\u00e9flexions autour de questions universelles : comment d\u00e9passer nos propres limites ? Comment la science nous pousse-t-elle \u00e0 nous surpasser ?\u00a0Que signifie repousser ses limites \u00e0 l&rsquo;\u00e8re du changement climatique ? Quelle est la part du r\u00eave dans l&rsquo;aventure scientifique ?\u00a0\u00bb<\/p>\n<p>    <strong>Les \u00e9ditions Flammarion<\/strong>\n            <\/p><\/blockquote>\n<p>Vid\u00e9os : en ce moment sur Actu<\/p>\n<p class=\" wall-content\">\u00ab\u00a0Entre r\u00e9cits d\u2019exploits spatiaux et r\u00e9flexions passionn\u00e9es sur le temps, la science, le progr\u00e8s, l\u2019infini et notre rapport au monde, cette rencontre promet <strong>un voyage intellectuel joyeux et captivant<\/strong>\u00ab\u00a0.<\/p>\n<p class=\" wall-content\">\n<p>Une rencontre suivie d\u2019une s\u00e9ance de d\u00e9dicaces<\/p>\n<p class=\" wall-content\">Une soir\u00e9e unique en pr\u00e9sence des deux auteurs, qui sera suivie<strong> d\u2019une s\u00e9ance de d\u00e9dicaces<\/strong> de\u00a0\u00c9loges du d\u00e9passement, en collaboration avec la librairie Ombres Blanches. Si vous souhaitez assister \u00e0 cette rencontre, c\u2019est possible ! La billetterie est ouverte depuis le 28 novembre 2025.<\/p>\n<p>Votre r\u00e9gion, votre actu !<\/p>\n<p>Recevez chaque jour les infos qui comptent pour vous.<\/p>\n<p>\t<a href=\"https:\/\/actu.fr\/newsletter\" class=\"ac-btn ac-btn--corner ac-btn--medium ac-btn--blue800\" target=\"_blank\" rel=\"noopener\">S&rsquo;incrire<\/a><\/p>\n<p class=\" wall-content\">Comptez<strong> 15 euros<\/strong> pour assister \u00e0 ce dialogue entre Thomas Pesquet et Etienne Klein.\u00a0<\/p>\n<p>Thomas Pesquet \u00e0 Toulouse\u00a0<\/p>\n<p class=\" wall-content\">Si Thomas Pesquet passe beaucoup de temps dans sa ch\u00e8re Ville rose en ce moment, c\u2019est aussi et surtout parce qu\u2019il a rejoint\u2026 la promotion 2026 de<strong> l\u2019\u00e9cole d\u2019essais en vol d\u2019Airbus<\/strong>. Avec pour objectif de d\u00e9crocher son brevet de pilote d\u2019essai\u2026 avant, peut-\u00eatre, de <strong>repartir vers la Lune<\/strong>.<\/p>\n<p class=\" wall-content\">\u00ab\u00a0En obtenant son brevet de pilote d\u2019essai, Thomas Pesquet se positionne, ainsi que l\u2019Europe, pour obtenir <strong>une place dans l\u2019une de ces missions lunaires<\/strong>\u00ab\u00a0, rappelait <strong>Airbus<\/strong> dans un communiqu\u00e9, d\u00e9but novembre.\u00a0<\/p>\n<p>\u00ab\u00a0On continue \u00e0 se pr\u00e9parer pour la Lune\u00a0\u00bb<\/p>\n<p class=\" wall-content\">Tandis que Thomas Pesquet assurait : \u00ab\u00a0On continue de se pr\u00e9parer pour la Lune ! Contrairement aux vols ISS qui, depuis 25 ans, sont presque devenus une sorte de routine, m\u00eame s\u2019il est difficile de parler de routine quand on se catapulte dans l\u2019espace sur une fus\u00e9e de 50 m\u00e8tres ou plus\u2026 ! Les missions Artemis pour la Lune utiliseront de nouveaux vaisseaux et capsules, dans un environnement plus lointain et encore plus extr\u00eame. L\u2019accent est mis sur les <strong>comp\u00e9tences de pilote<\/strong> ou d\u2019ing\u00e9nieur d\u2019essai, pour <strong>faire face \u00e0 l\u2019impr\u00e9vu<\/strong>. M\u00eame si l\u2019exp\u00e9rience de deux vols dans l\u2019espace fait aussi l\u2019affaire, pourquoi ne pas ajouter une nouvelle corde \u00e0 mon arc ? Gr\u00e2ce \u00e0 l\u2019accord en place entre Airbus et l\u2019ESA, qui me permet depuis 2018 de voler au sein du d\u00e9partement des essais en vol, l\u2019opportunit\u00e9 se pr\u00e9sente aujourd\u2019hui de passer<strong> la qualification formelle<\/strong> associ\u00e9e\u00a0\u00bb, pr\u00e9cisait l\u2019astronaute star.<\/p>\n<p class=\" wall-content\">\n<p class=\" wall-content\">Ce grand fan du Stade Toulousain ajoutait encore : \u00ab\u00a0Beaucoup de travail en perspective pour cette nouvelle (\u00e9ni\u00e8me ?\u2026) rentr\u00e9e des classes, aux c\u00f4t\u00e9s de mes <strong>cinq camarades<\/strong> de la promotion 2026\u2026 mais une belle histoire o\u00f9 le public et le priv\u00e9 s\u2019allient pour donner \u00e0 l\u2019Europe les meilleures chances de bien figurer dans l\u2019aventure qui nous attend\u00a0\u00bb. Affaire \u00e0 suivre !\u00a0<\/p>\n<p>Rencontre en Thomas Pesquet et Etienne Klein, le 15 d\u00e9cembre 2025, au Th\u00e9\u00e2tredelaCit\u00e9. Billetterie <a href=\"https:\/\/theatre-cite.notre-billetterie.com\/billets?kld=Rencontre_Flammarion\" target=\"_blank\" rel=\"noopener\">disponible ici<\/a>.<\/p>\n<p class=\" wall-content\">Personnalisez votre actualit\u00e9 en ajoutant vos villes et m\u00e9dias en favori avec <a href=\"https:\/\/moncompte.actu.fr\" title=\"D\u00e9couvez Mon Actu\" rel=\"nofollow noopener\" data-trk=\"{&quot;cta&quot;:{&quot;action&quot;:&quot;https:\\\/\\\/moncompte.actu.fr&quot;,&quot;category&quot;:&quot;mon compte&quot;,&quot;from&quot;:&quot;article footer&quot;,&quot;name&quot;:&quot;Mon actu&quot;,&quot;type&quot;:&quot;cta&quot;}}\" target=\"_blank\">Mon Actu<\/a>.<\/p>\n","protected":false},"excerpt":{"rendered":"Par Gabriel Kenedi Publi\u00e9 le 29 nov. 2025 \u00e0 16h04 Attention, rencontre au sommet ! Lundi 15 d\u00e9cembre&hellip;\n","protected":false},"author":2,"featured_media":568012,"comment_status":"","ping_status":"","sticky":false,"template":"","format":"standard","meta":{"footnotes":""},"categories":[2816],"tags":[1111,11,36,1777,674,1011,27,12,2680,25,104,1341,7470,2312],"class_list":{"0":"post-568011","1":"post","2":"type-post","3":"status-publish","4":"format-standard","5":"has-post-thumbnail","7":"category-toulouse","8":"tag-actu","9":"tag-actualites","10":"tag-airbus","11":"tag-eu","12":"tag-europe","13":"tag-fr","14":"tag-france","15":"tag-news","16":"tag-occitanie","17":"tag-republique-francaise","18":"tag-societe","19":"tag-sortir-a-toulouse","20":"tag-thomas-pesquet","21":"tag-toulouse"},"share_on_mastodon":{"url":"https:\/\/pubeurope.com\/@fr\/115636572325415179","error":""},"_links":{"self":[{"href":"https:\/\/www.europesays.com\/fr\/wp-json\/wp\/v2\/posts\/568011","targetHints":{"allow":["GET"]}}],"collection":[{"href":"https:\/\/www.europesays.com\/fr\/wp-json\/wp\/v2\/posts"}],"about":[{"href":"https:\/\/www.europesays.com\/fr\/wp-json\/wp\/v2\/types\/post"}],"author":[{"embeddable":true,"href":"https:\/\/www.europesays.com\/fr\/wp-json\/wp\/v2\/users\/2"}],"replies":[{"embeddable":true,"href":"https:\/\/www.europesays.com\/fr\/wp-json\/wp\/v2\/comments?post=568011"}],"version-history":[{"count":0,"href":"https:\/\/www.europesays.com\/fr\/wp-json\/wp\/v2\/posts\/568011\/revisions"}],"wp:featuredmedia":[{"embeddable":true,"href":"https:\/\/www.europesays.com\/fr\/wp-json\/wp\/v2\/media\/568012"}],"wp:attachment":[{"href":"https:\/\/www.europesays.com\/fr\/wp-json\/wp\/v2\/media?parent=568011"}],"wp:term":[{"taxonomy":"category","embeddable":true,"href":"https:\/\/www.europesays.com\/fr\/wp-json\/wp\/v2\/categories?post=568011"},{"taxonomy":"post_tag","embeddable":true,"href":"https:\/\/www.europesays.com\/fr\/wp-json\/wp\/v2\/tags?post=568011"}],"curies":[{"name":"wp","href":"https:\/\/api.w.org\/{rel}","templated":true}]}}