{"id":568013,"date":"2025-11-30T03:40:32","date_gmt":"2025-11-30T03:40:32","guid":{"rendered":"https:\/\/www.europesays.com\/fr\/568013\/"},"modified":"2025-11-30T03:40:32","modified_gmt":"2025-11-30T03:40:32","slug":"encore-deux-points-perdus-pour-les-olympiens-qui-ratent-loccasion-de-prendre-les-commandes-de-la-ligue-1","status":"publish","type":"post","link":"https:\/\/www.europesays.com\/fr\/568013\/","title":{"rendered":"encore deux points perdus pour les Olympiens qui ratent l\u2019occasion de prendre les commandes de la Ligue 1"},"content":{"rendered":"<p><a href=\"https:\/\/www.laprovence.com\/article\/om\/12474915792773\/direct-laprovence-direct-om-toulouse-apres-la-defaite-du-psg-les-olympiens-peuvent-passer-leaders-suivez-lavant-match\" target=\"_blank\" rel=\"noopener\">L\u2019ascenseur \u00e9motionnel<\/a>. Fort de ses deux succ\u00e8s cons\u00e9cutifs <a href=\"https:\/\/www.laprovence.com\/article\/om\/3759090713255514\/direct-laprovence-direct-nice-om-les-olympiens-peuvent-recuperer-le-fauteuil-de-leader-suivez-l-avant-match\" target=\"_blank\" rel=\"noopener\">\u00e0 Nice<\/a> (1-5) le week-end pass\u00e9 et face \u00e0 <a href=\"https:\/\/www.laprovence.com\/article\/om\/21722162009720\/om-newcastle-une-victoire-qui-sera-importante-pour-la-qualification-confie-pablo-longoria\" target=\"_blank\" rel=\"noopener\">Newcastle<\/a> (2-1) mardi, l\u2019OM a vu Toulouse contrecarrer ses plans (2-2), hier soir, dans un V\u00e9lodrome une nouvelle fois bond\u00e9.Et autant dire que si le suspense a fonctionn\u00e9 \u00e0 plein r\u00e9gime dans l\u2019\u00e9crin marseillais, c\u2019est clairement une mauvaise op\u00e9ration pour les prot\u00e9g\u00e9s de Roberto De Zerbi et deux points perdus dans la course \u00e0 la qualification en C1.<\/p>\n<p>L\u2019OM pensait d\u2019ailleurs avoir fait le plus dur en \u00e9galisant par l\u2019interm\u00e9diaire de Paixao (66), id\u00e9alement servi par Bilal Nadir, puis en reprenant l\u2019avantage \u00e0 la faveur d\u2019une t\u00eate de Pierre-Emile Hojbjerg \u00e0 la r\u00e9ception d\u2019un centre impeccable de Pierre-Emerick Aubameyang (74).<\/p>\n<p><img alt=\"Hojbjerg pensait avoir offert la victoire.\" loading=\"lazy\" decoding=\"async\" data-nimg=\"fill\" class=\" TwicCore_img__i9TC1 undefined  undefined\" style=\"position:absolute;height:100%;width:100%;left:0;top:0;right:0;bottom:0;color:transparent;background-size:cover;background-position:50% 50%;background-repeat:no-repeat;background-image:url(&quot;data:image\/svg+xml;charset=utf-8,%3Csvg xmlns='http:\/\/www.w3.org\/2000\/svg' %3E%3Cfilter id='b' color-interpolation-filters='sRGB'%3E%3CfeGaussianBlur stdDeviation='20'\/%3E%3CfeColorMatrix values='1 0 0 0 0 0 1 0 0 0 0 0 1 0 0 0 0 0 100 -1' result='s'\/%3E%3CfeFlood x='0' y='0' width='100%25' height='100%25'\/%3E%3CfeComposite operator='out' in='s'\/%3E%3CfeComposite in2='SourceGraphic'\/%3E%3CfeGaussianBlur stdDeviation='20'\/%3E%3C\/filter%3E%3Cimage width='100%25' height='100%25' x='0' y='0' preserveAspectRatio='none' style='filter: url(%23b);' href='https:\/\/pictures.laprovence.com\/cdn-cgi\/image\/blur=250\/media\/melody\/2025\/11\/29\/hojbjerg-pensait-avoir-offert-la-victoire-1764456763_822a76257b296d62a76257b290b2a7v_.jpg'\/%3E%3C\/svg%3E&quot;)\"   src=\"https:\/\/www.europesays.com\/fr\/wp-content\/uploads\/2025\/11\/hojbjerg-pensait-avoir-offert-la-victoire-1764456763_822a76257b296d62a76257b290b2a7v_.jpg\"\/>Hojbjerg pensait avoir offert la victoire. \/ Photo G.B.<\/p>\n<p>Mais comme <a href=\"https:\/\/www.laprovence.com\/article\/om\/1125673782507314\/om-angers-2-2-auteur-dun-double-vaz-ne-pouvait-pas-tout-faire\" target=\"_blank\" rel=\"noopener\">face \u00e0 Angers (2-2)<\/a> fin octobre, les Marseillais ont laiss\u00e9 filer leur p\u00e9cule pour se faire rejoindre au tableau d\u2019affichage dans le temps additionnel sur une t\u00eate d\u2019Hidalgo apr\u00e8s une touche longue du TFC (90 +\u00a02).<\/p>\n<p><img alt=\"Les Olympiens sont repartis t\u00eate basse du V\u00e9lodrome.\" loading=\"lazy\" decoding=\"async\" data-nimg=\"fill\" class=\" TwicCore_img__i9TC1 undefined  undefined\" style=\"position:absolute;height:100%;width:100%;left:0;top:0;right:0;bottom:0;color:transparent;background-size:cover;background-position:50% 50%;background-repeat:no-repeat;background-image:url(&quot;data:image\/svg+xml;charset=utf-8,%3Csvg xmlns='http:\/\/www.w3.org\/2000\/svg' %3E%3Cfilter id='b' color-interpolation-filters='sRGB'%3E%3CfeGaussianBlur stdDeviation='20'\/%3E%3CfeColorMatrix values='1 0 0 0 0 0 1 0 0 0 0 0 1 0 0 0 0 0 100 -1' result='s'\/%3E%3CfeFlood x='0' y='0' width='100%25' height='100%25'\/%3E%3CfeComposite operator='out' in='s'\/%3E%3CfeComposite in2='SourceGraphic'\/%3E%3CfeGaussianBlur stdDeviation='20'\/%3E%3C\/filter%3E%3Cimage width='100%25' height='100%25' x='0' y='0' preserveAspectRatio='none' style='filter: url(%23b);' href='https:\/\/pictures.laprovence.com\/cdn-cgi\/image\/blur=250\/media\/melody\/2025\/11\/29\/om-vs-toulouse-fc-championnat-de-france-de-football-ligue-1-291125gbr03-1764456763_6866eb157b2965c66eb157b292076ev_.jpg'\/%3E%3C\/svg%3E&quot;)\"   src=\"https:\/\/www.europesays.com\/fr\/wp-content\/uploads\/2025\/11\/om-vs-toulouse-fc-championnat-de-france-de-football-ligue-1-291125gbr03-1764456763_6866eb157b2965c66.jpeg\"\/>Les Olympiens sont repartis t\u00eate basse du V\u00e9lodrome. \/ Photo Gilles BADER<\/p>\n<p>Un comble\u2026 C\u2019est sans doute un r\u00e9sultat m\u00e9rit\u00e9 pour les Violets, qui s\u2019\u00e9taient mis dans les meilleures dispositions pour ouvrir rapidement le score sur un but d\u2019Emersonn (14), qui s\u2019est jou\u00e9 de Nayef Aguerd, de retour dans le onze, pour tromp&#8230;<\/p>\n","protected":false},"excerpt":{"rendered":"L\u2019ascenseur \u00e9motionnel. Fort de ses deux succ\u00e8s cons\u00e9cutifs \u00e0 Nice (1-5) le week-end pass\u00e9 et face \u00e0 Newcastle&hellip;\n","protected":false},"author":2,"featured_media":568014,"comment_status":"","ping_status":"","sticky":false,"template":"","format":"standard","meta":{"footnotes":""},"categories":[2816],"tags":[62174,17,1111,11,4070,1440,1777,674,1011,27,12,2680,149,3836,68333,1460,25,2312,133],"class_list":{"0":"post-568013","1":"post","2":"type-post","3":"status-publish","4":"format-standard","5":"has-post-thumbnail","7":"category-toulouse","8":"tag-2-2","9":"tag-17","10":"tag-actu","11":"tag-actualites","12":"tag-deux","13":"tag-encore","14":"tag-eu","15":"tag-europe","16":"tag-fr","17":"tag-france","18":"tag-news","19":"tag-occitanie","20":"tag-om","21":"tag-om-toulouse","22":"tag-perdus","23":"tag-points","24":"tag-republique-francaise","25":"tag-toulouse","26":"tag-video"},"share_on_mastodon":{"url":"https:\/\/pubeurope.com\/@fr\/115636576797743448","error":""},"_links":{"self":[{"href":"https:\/\/www.europesays.com\/fr\/wp-json\/wp\/v2\/posts\/568013","targetHints":{"allow":["GET"]}}],"collection":[{"href":"https:\/\/www.europesays.com\/fr\/wp-json\/wp\/v2\/posts"}],"about":[{"href":"https:\/\/www.europesays.com\/fr\/wp-json\/wp\/v2\/types\/post"}],"author":[{"embeddable":true,"href":"https:\/\/www.europesays.com\/fr\/wp-json\/wp\/v2\/users\/2"}],"replies":[{"embeddable":true,"href":"https:\/\/www.europesays.com\/fr\/wp-json\/wp\/v2\/comments?post=568013"}],"version-history":[{"count":0,"href":"https:\/\/www.europesays.com\/fr\/wp-json\/wp\/v2\/posts\/568013\/revisions"}],"wp:featuredmedia":[{"embeddable":true,"href":"https:\/\/www.europesays.com\/fr\/wp-json\/wp\/v2\/media\/568014"}],"wp:attachment":[{"href":"https:\/\/www.europesays.com\/fr\/wp-json\/wp\/v2\/media?parent=568013"}],"wp:term":[{"taxonomy":"category","embeddable":true,"href":"https:\/\/www.europesays.com\/fr\/wp-json\/wp\/v2\/categories?post=568013"},{"taxonomy":"post_tag","embeddable":true,"href":"https:\/\/www.europesays.com\/fr\/wp-json\/wp\/v2\/tags?post=568013"}],"curies":[{"name":"wp","href":"https:\/\/api.w.org\/{rel}","templated":true}]}}