{"id":568015,"date":"2025-11-30T03:43:16","date_gmt":"2025-11-30T03:43:16","guid":{"rendered":"https:\/\/www.europesays.com\/fr\/568015\/"},"modified":"2025-11-30T03:43:16","modified_gmt":"2025-11-30T03:43:16","slug":"la-police-municipale-sinstalle-sur-lavenue-de-saint-jerome","status":"publish","type":"post","link":"https:\/\/www.europesays.com\/fr\/568015\/","title":{"rendered":"La police municipale s\u2019installe sur l\u2019avenue de Saint-J\u00e9r\u00f4me"},"content":{"rendered":"\n<p>C\u2019est une ancienne boucherie qu\u2019une dizaine d\u2019agents de la police municipale a officiellement investie ce vendredi 28\u00a0novembre, avenue de Saint-J\u00e9r\u00f4me (13e). Un effectif qui devrait doubler d\u2019ici quelques mois. Apr\u00e8s le 42, la Canebi\u00e8re, et avant que n\u2019ouvre \u00ab\u00a0tr\u00e8s bient\u00f4t\u00a0\u00bb la rue Loubon (3e), cette nouvelle antenne de proximit\u00e9 devrait permettre de mieux r\u00e9pondre aux demandes des habitants, a estim\u00e9 le maire de Marseille, Beno\u00eet Payan (DVG) venu d\u00e9voiler la plaque d\u2019entr\u00e9e.<\/p>\n<p>L\u2019id\u00e9e\u00a0: que la police municipale investisse tous les quartiers, \u00ab\u00a0d\u2019ici 5 \u00e0 6 ans\u00a0\u00bb. \u00ab\u00a0Une police qui conna\u00eet la topographie des lieux est essentielle dans le continuum de s\u00e9curit\u00e9\u00a0\u00bb, d\u00e9clare-t-il, fier de cette police \u00ab\u00a0la mieux arm\u00e9e de France dans tous les sens du terme\u00a0\u00bb. Elle \u00ab\u00a0a \u00e9t\u00e9 d\u00e9terminante, essentielle, dans les enqu\u00eates en cours\u00a0\u00bb, assure Beno\u00eet Payan. Un r\u00f4le accru que le maire de Marseille assume sans ambages, d\u00e9plorant le manque d\u2019effectif de la police nationale.<\/p>\n<p>\u00ab\u00a0On est une grande ville, cinq fois Lyon et deux fois et demie Paris, est-ce que vous savez combien de policiers nationaux tournaient cette nuit\u00a0? 35\u00a0\u00bb, affirme-t-il pour qui \u00ab\u00a0ce n\u2019est pas sur la s\u00e9curit\u00e9 que nous devons faire des \u00e9conomies\u00a0\u00bb pas plus que sur \u00ab\u00a0tout ce qui repr\u00e9sente la R\u00e9publique\u00a0\u00bb. Entendre la police, la gendarmerie, les h\u00f4pitaux, la Poste, les associations, bref \u00ab\u00a0celles et ceux qui font qu\u2019on est debout\u00a0\u00bb. Marseille a besoin \u00ab\u00a0d\u2019une police nationale qui soit calibr\u00e9e\u00a0\u00bb, insiste Beno\u00eet Payan, s\u2019indignant que l\u2019ann\u00e9e derni\u00e8re, \u00ab\u00a0le ministre de l\u2019Int\u00e9rieur ait d\u00e9cid\u00e9 de supprimer une pr\u00e9fecture de police de plein exercice\u00a0\u00bb. Intol\u00e9rable pour l\u2019\u00e9lu dans une ville confront\u00e9e de plein fouet au narcotrafic&#8230;<\/p>\n","protected":false},"excerpt":{"rendered":"C\u2019est une ancienne boucherie qu\u2019une dizaine d\u2019agents de la police municipale a officiellement investie ce vendredi 28\u00a0novembre, avenue&hellip;\n","protected":false},"author":2,"featured_media":568016,"comment_status":"","ping_status":"","sticky":false,"template":"","format":"standard","meta":{"footnotes":""},"categories":[2814],"tags":[1111,11,1777,674,1011,27,884,12,293,882,25],"class_list":{"0":"post-568015","1":"post","2":"type-post","3":"status-publish","4":"format-standard","5":"has-post-thumbnail","7":"category-marseille","8":"tag-actu","9":"tag-actualites","10":"tag-eu","11":"tag-europe","12":"tag-fr","13":"tag-france","14":"tag-marseille","15":"tag-news","16":"tag-nuit","17":"tag-provence-alpes-cote-dazur","18":"tag-republique-francaise"},"share_on_mastodon":{"url":"https:\/\/pubeurope.com\/@fr\/115636587997861552","error":""},"_links":{"self":[{"href":"https:\/\/www.europesays.com\/fr\/wp-json\/wp\/v2\/posts\/568015","targetHints":{"allow":["GET"]}}],"collection":[{"href":"https:\/\/www.europesays.com\/fr\/wp-json\/wp\/v2\/posts"}],"about":[{"href":"https:\/\/www.europesays.com\/fr\/wp-json\/wp\/v2\/types\/post"}],"author":[{"embeddable":true,"href":"https:\/\/www.europesays.com\/fr\/wp-json\/wp\/v2\/users\/2"}],"replies":[{"embeddable":true,"href":"https:\/\/www.europesays.com\/fr\/wp-json\/wp\/v2\/comments?post=568015"}],"version-history":[{"count":0,"href":"https:\/\/www.europesays.com\/fr\/wp-json\/wp\/v2\/posts\/568015\/revisions"}],"wp:featuredmedia":[{"embeddable":true,"href":"https:\/\/www.europesays.com\/fr\/wp-json\/wp\/v2\/media\/568016"}],"wp:attachment":[{"href":"https:\/\/www.europesays.com\/fr\/wp-json\/wp\/v2\/media?parent=568015"}],"wp:term":[{"taxonomy":"category","embeddable":true,"href":"https:\/\/www.europesays.com\/fr\/wp-json\/wp\/v2\/categories?post=568015"},{"taxonomy":"post_tag","embeddable":true,"href":"https:\/\/www.europesays.com\/fr\/wp-json\/wp\/v2\/tags?post=568015"}],"curies":[{"name":"wp","href":"https:\/\/api.w.org\/{rel}","templated":true}]}}