{"id":568029,"date":"2025-11-30T03:54:20","date_gmt":"2025-11-30T03:54:20","guid":{"rendered":"https:\/\/www.europesays.com\/fr\/568029\/"},"modified":"2025-11-30T03:54:20","modified_gmt":"2025-11-30T03:54:20","slug":"100-ans-delegance-et-de-legendes-au-plus-pres-des-champs-elysees","status":"publish","type":"post","link":"https:\/\/www.europesays.com\/fr\/568029\/","title":{"rendered":"100 ans d\u2019\u00e9l\u00e9gance et de l\u00e9gendes au plus pr\u00e8s des Champs-\u00c9lys\u00e9es"},"content":{"rendered":"<p><strong>Depuis 1925, l\u2019H\u00f4tel Lancaster incarne l\u2019essence du luxe discret \u00e0 la fran\u00e7aise, nich\u00e9 dans un h\u00f4tel particulier de la rue de Berri, \u00e0 quelques pas des Champs-\u00c9lys\u00e9es. Ce joyau confidentiel, \u00e0 la fois maison de famille et refuge d\u2019initi\u00e9s, a vu d\u00e9filer un si\u00e8cle de stars et de t\u00eates couronn\u00e9es. Marl\u00e8ne Dietrich en fit sa r\u00e9sidence pendant trois ans, la Reine m\u00e8re Elizabeth y s\u00e9journa, tout comme Humphrey Bogart, Elizabeth Taylor, Richard Burton ou Lauren Bacall. \u00c0 l\u2019occasion de son centenaire, l\u2019h\u00f4tel rend hommage \u00e0 ces figures illustres \u00e0 travers une s\u00e9rie d\u2019exp\u00e9riences immersives qui c\u00e9l\u00e8brent son h\u00e9ritage.<\/strong><\/p>\n<p>Les \u00ab\u00a0100 Mur-Mures\u00a0\u00bb : une installation po\u00e9tique<\/p>\n<p><img loading=\"lazy\" decoding=\"async\" width=\"880\" height=\"631\" src=\"data:image\/svg+xml,%3Csvg%20xmlns=\" http:=\"\" alt=\"\" class=\"wp-image-198896\" data-lazy- data-lazy- data-lazy-src=\"https:\/\/www.europesays.com\/fr\/wp-content\/uploads\/2025\/11\/1325500-htel-lancaster-paris-scaled-1-880x631.jpg\"\/><\/p>\n<p>Pour ses 100 ans, <strong>le Lancaster<\/strong> d\u00e9voile une installation sensorielle in\u00e9dite dans le lobby : Les 100 Mur-Mures. Derri\u00e8re 100 petites portes num\u00e9rot\u00e9es se cachent autant d\u2019anecdotes, souvenirs, voix et confidences, des fragments de m\u00e9moire \u00e0 d\u00e9couvrir au gr\u00e9 de sa curiosit\u00e9. Chaque case r\u00e9v\u00e8le un clin d\u2019\u0153il au pass\u00e9 : l\u2019\u00e9cho <strong>d\u2019un tournage mythique<\/strong>, l\u2019ombre d\u2019un invit\u00e9 iconique ou <strong>le parfum d\u2019une \u00e9poque<\/strong>. C\u2019est une immersion douce et intime dans l\u2019\u00e2me de l\u2019h\u00f4tel, \u00e0 la fois touchante, \u00e9l\u00e9gante et pleine de malice.<\/p>\n<p>Le CopperBay Lancaster : cocktails en h\u00e9ritage<\/p>\n<p><img loading=\"lazy\" decoding=\"async\" width=\"2048\" height=\"1152\" src=\"data:image\/svg+xml,%3Csvg%20xmlns=\" http:=\"\" alt=\"\" class=\"wp-image-198902\" data-lazy- data-lazy- data-lazy-src=\"https:\/\/www.europesays.com\/fr\/wp-content\/uploads\/2025\/11\/1600537-edited-scaled.jpg\"\/><\/p>\n<p>Autre c\u00e9l\u00e9bration : le bar CopperBay Lancaster d\u00e9voile une carte de cocktails hommage, v\u00e9ritable fresque gustative retra\u00e7ant les grands noms qui ont marqu\u00e9 l\u2019h\u00f4tel. Le \u201cEmile Wolf\u201d, inspir\u00e9 du French 75 des ann\u00e9es folles, rappelle l\u2019audace de son fondateur. Le \u201cMarl\u00e8ne Dietrich\u201d, variation autour de l\u2019Old Fashioned, honore l\u2019ic\u00f4ne hollywoodienne. Le couple Liz Taylor &amp; Richard Burton se voit offrir un duo glamour : Chocolate Martini pour elle, Martini Dry pour lui. Chaque cr\u00e9ation, \u00e9labor\u00e9e avec pr\u00e9cision, est un r\u00e9cit liquide de l\u2019histoire du lieu.<\/p>\n<p>Trois livrets pour traverser le si\u00e8cle<\/p>\n<p>Enfin, l\u2019H\u00f4tel Lancaster propose une collection exclusive de trois carnets : Les Histoires du Lancaster. Cin\u00e9ma, art et gastronomie y sont mis \u00e0 l\u2019honneur dans un \u00e9l\u00e9gant triptyque litt\u00e9raire. Des portraits, anecdotes, \u0153uvres et recettes composent ces fragments de m\u00e9moire, \u00e0 feuilleter comme on red\u00e9couvre un tr\u00e9sor familial. Une initiative \u00e0 la hauteur de l\u2019esprit Lancaster : transmettre avec gr\u00e2ce et sinc\u00e9rit\u00e9 un patrimoine vivant.<\/p>\n<p>Un si\u00e8cle de murmures, d\u2019\u00e9l\u00e9gance et un futur inspir\u00e9<\/p>\n<p><img loading=\"lazy\" decoding=\"async\" width=\"880\" height=\"559\" src=\"data:image\/svg+xml,%3Csvg%20xmlns=\" http:=\"\" alt=\"\" class=\"wp-image-198904\" data-lazy- data-lazy- data-lazy-src=\"https:\/\/www.europesays.com\/fr\/wp-content\/uploads\/2025\/11\/337501103-880x559.jpg\"\/><\/p>\n<p>Loin des palaces tapageurs, le <strong>Lancaster<\/strong> offre un luxe feutr\u00e9, un accueil sinc\u00e8re et un go\u00fbt in\u00e9gal\u00e9 pour le d\u00e9tail. En 2025, plus que jamais, cette adresse mythique r\u00e9affirme sa place dans le c\u0153ur de Paris : un h\u00f4tel d\u2019histoires, d\u2019art et d\u2019\u00e9motions, pr\u00eat \u00e0 \u00e9crire les 100 prochaines ann\u00e9es avec autant d\u2019\u00e9l\u00e9gance que les pr\u00e9c\u00e9dentes.<\/p>\n<p>Informations pratiques<\/p>\n<ul class=\"wp-block-list\">\n<li><a href=\"https:\/\/www.hotel-lancaster.com\/fr\/galerie.html\" target=\"_blank\" rel=\"noreferrer noopener\">H\u00f4tel Lancaste<\/a><a href=\"https:\/\/www.hotel-lancaster.com\/fr\/galerie.html\" target=\"_blank\" rel=\"noopener\">r<\/a> Paris Champs-\u00c9lys\u00e9es, 7 rue de Berri, 75008 Paris<\/li>\n<li><strong>Les 100 Mur-Mures<\/strong> : installation visible dans le lobby<\/li>\n<li><strong>Bar CopperBay Lancaster<\/strong> : ouvert tous les jours, cocktails hommage \u00e0 partir de 25 \u20ac<\/li>\n<li><strong>Les Histoires du Lancaster<\/strong> : disponibles \u00e0 la r\u00e9ception de l\u2019h\u00f4tel<\/li>\n<\/ul>\n<p>Aussi dans<strong><a href=\"https:\/\/www.parisselectbook.com\/paris-par-quartier\/?quartier=paris-8\" target=\"_blank\" rel=\"noopener\"> ce quartier du 8\u00e8me <\/a><\/strong><\/p>\n","protected":false},"excerpt":{"rendered":"Depuis 1925, l\u2019H\u00f4tel Lancaster incarne l\u2019essence du luxe discret \u00e0 la fran\u00e7aise, nich\u00e9 dans un h\u00f4tel particulier de&hellip;\n","protected":false},"author":2,"featured_media":568030,"comment_status":"","ping_status":"","sticky":false,"template":"","format":"standard","meta":{"footnotes":""},"categories":[1888],"tags":[11,30992,1777,674,1011,27,2425,12,626,25],"class_list":{"0":"post-568029","1":"post","2":"type-post","3":"status-publish","4":"format-standard","5":"has-post-thumbnail","7":"category-paris","8":"tag-actualites","9":"tag-adresse","10":"tag-eu","11":"tag-europe","12":"tag-fr","13":"tag-france","14":"tag-luxe","15":"tag-news","16":"tag-paris","17":"tag-republique-francaise"},"share_on_mastodon":{"url":"https:\/\/pubeurope.com\/@fr\/115636631310927554","error":""},"_links":{"self":[{"href":"https:\/\/www.europesays.com\/fr\/wp-json\/wp\/v2\/posts\/568029","targetHints":{"allow":["GET"]}}],"collection":[{"href":"https:\/\/www.europesays.com\/fr\/wp-json\/wp\/v2\/posts"}],"about":[{"href":"https:\/\/www.europesays.com\/fr\/wp-json\/wp\/v2\/types\/post"}],"author":[{"embeddable":true,"href":"https:\/\/www.europesays.com\/fr\/wp-json\/wp\/v2\/users\/2"}],"replies":[{"embeddable":true,"href":"https:\/\/www.europesays.com\/fr\/wp-json\/wp\/v2\/comments?post=568029"}],"version-history":[{"count":0,"href":"https:\/\/www.europesays.com\/fr\/wp-json\/wp\/v2\/posts\/568029\/revisions"}],"wp:featuredmedia":[{"embeddable":true,"href":"https:\/\/www.europesays.com\/fr\/wp-json\/wp\/v2\/media\/568030"}],"wp:attachment":[{"href":"https:\/\/www.europesays.com\/fr\/wp-json\/wp\/v2\/media?parent=568029"}],"wp:term":[{"taxonomy":"category","embeddable":true,"href":"https:\/\/www.europesays.com\/fr\/wp-json\/wp\/v2\/categories?post=568029"},{"taxonomy":"post_tag","embeddable":true,"href":"https:\/\/www.europesays.com\/fr\/wp-json\/wp\/v2\/tags?post=568029"}],"curies":[{"name":"wp","href":"https:\/\/api.w.org\/{rel}","templated":true}]}}