{"id":568035,"date":"2025-11-30T03:57:26","date_gmt":"2025-11-30T03:57:26","guid":{"rendered":"https:\/\/www.europesays.com\/fr\/568035\/"},"modified":"2025-11-30T03:57:26","modified_gmt":"2025-11-30T03:57:26","slug":"emmanuel-macron-recevra-volodymyr-zelensky-lundi-a-paris-lexpress","status":"publish","type":"post","link":"https:\/\/www.europesays.com\/fr\/568035\/","title":{"rendered":"Emmanuel Macron recevra Volodymyr Zelensky lundi \u00e0 Paris \u2013 L&rsquo;Express"},"content":{"rendered":"<p class=\"paragraph article-body-paragraph article__item article-body-paragraph--live  \">Le pr\u00e9sident fran\u00e7ais Emmanuel Macron recevra lundi \u00e0 Paris son homologue ukrainien Volodymyr Zelensky, a annonc\u00e9 samedi l&rsquo;Elys\u00e9e, alors qu&rsquo;une \u00e9quipe de n\u00e9gociateurs ukrainiens est partie pour les Etats-Unis afin de discuter du <a href=\"https:\/\/www.lexpress.fr\/monde\/europe\/plan-de-paix-de-donald-trump-comment-la-maison-blanche-trahit-lukraine-HXS52THUTJGJRLKLXB5XZTIGQQ\/\" target=\"_self\" rel=\"noopener\" title=\"https:\/\/www.lexpress.fr\/monde\/europe\/plan-de-paix-de-donald-trump-comment-la-maison-blanche-trahit-lukraine-HXS52THUTJGJRLKLXB5XZTIGQQ\/\">plan am\u00e9ricain<\/a> visant \u00e0 mettre fin au <a href=\"https:\/\/www.lexpress.fr\/monde\/europe\/russie-huit-personnes-condamnees-a-la-perpetuite-pour-lexplosion-du-pont-de-crimee-en-2022-2KBGJGVO5ZD4HHOQLLO6OF235Q\/\" target=\"_self\" rel=\"noopener\" title=\"https:\/\/www.lexpress.fr\/monde\/europe\/russie-huit-personnes-condamnees-a-la-perpetuite-pour-lexplosion-du-pont-de-crimee-en-2022-2KBGJGVO5ZD4HHOQLLO6OF235Q\/\">conflit avec la Russie<\/a>.<\/p>\n<p class=\"paragraph article-body-paragraph article__item article-body-paragraph--live  \">Des attaques de drones navals ont fortement endommag\u00e9 samedi une infrastructure p\u00e9troli\u00e8re dans un port russe en mer Noire, ont annonc\u00e9 les autorit\u00e9s, tandis que Kiev a revendiqu\u00e9 des frappes contre deux p\u00e9troliers de la flotte fant\u00f4me qui permet au Kremlin de contourner les sanctions occidentales.<\/p>\n<p class=\"paragraph article-body-paragraph article__item  article-body-paragraph--live-short  \">16h38<\/p>\n<p>Macron recevra Zelensky lundi \u00e0 Paris<\/p>\n<p class=\"paragraph article-body-paragraph article__item article-body-paragraph--live  \">Le pr\u00e9sident fran\u00e7ais Emmanuel Macron recevra lundi \u00e0 Paris son homologue ukrainien Volodymyr Zelensky, a annonc\u00e9 samedi l&rsquo;Elys\u00e9e, alors qu&rsquo;une \u00e9quipe de n\u00e9gociateurs ukrainiens est partie pour les Etats-Unis afin de discuter du <a href=\"https:\/\/www.lexpress.fr\/monde\/europe\/guerre-en-ukraine-un-plan-de-paix-signe-donald-trump-ou-vladimir-poutine-DP7SHP2WZBCG7OU32IEHSYEZZA\/\" target=\"_self\" rel=\"noopener\" title=\"https:\/\/www.lexpress.fr\/monde\/europe\/guerre-en-ukraine-un-plan-de-paix-signe-donald-trump-ou-vladimir-poutine-DP7SHP2WZBCG7OU32IEHSYEZZA\/\">plan am\u00e9ricain<\/a> visant \u00e0 mettre fin au conflit avec la Russie.<\/p>\n<p class=\"paragraph article-body-paragraph article__item article-body-paragraph--live  \">\u00ab\u00a0Les deux dirigeants \u00e9changeront sur la situation et sur les conditions d\u2019une paix juste et durable, dans la continuit\u00e9 des discussions de Gen\u00e8ve et du plan am\u00e9ricain et d\u2019une concertation \u00e9troite avec nos partenaires europ\u00e9ens. Ils feront \u00e9galement le point sur le travail engag\u00e9 sur les garanties de s\u00e9curit\u00e9 dans le cadre de la coalition des volontaires\u00a0\u00bb, a indiqu\u00e9 la pr\u00e9sidence fran\u00e7aise.<\/p>\n<p><strong class=\"article-body-link-list__item text-gray-800 article-body-link-list__item--one-item\">LIRE AUSSI : <a class=\"article-body-link-list__item-link\" href=\"https:\/\/www.lexpress.fr\/idees-et-debats\/leurope-vit-sa-derniere-annee-de-paix-lavertissement-dandrei-kozovoi-specialiste-de-la-russie-7XXLA7SFMZALTMIJ2B2EI52EGM\/\" target=\"_blank\" rel=\"noopener\">\u00ab\u00a0Poutine a d\u00e9j\u00e0 sa nouvelle guerre en Europe \u00e0 l\u2019esprit\u00a0\u00bb : l&rsquo;avertissement d&rsquo;Andre\u00ef Kozovo\u00ef, sp\u00e9cialiste de la Russie<\/a><\/strong><\/p>\n<p class=\"paragraph article-body-paragraph article__item article-body-paragraph--live  \">Kiev a \u00e9t\u00e9 la cible dans la nuit de vendredi \u00e0 samedi d&rsquo;une nouvelle attaque de drones russes, quelques heures apr\u00e8s que M. Zelensky eut limog\u00e9 son chef de cabinet, Andri\u00ef Iermak, bras droit extr\u00eamement influent, \u00e0 la suite d&rsquo;une enqu\u00eate anticorruption.<\/p>\n<p class=\"paragraph article-body-paragraph article__item  article-body-paragraph--live-short  \">15h01<\/p>\n<p>Des attaques de drones navals endommagent un important terminal p\u00e9trolier russe en mer Noire<\/p>\n<p class=\"paragraph article-body-paragraph article__item article-body-paragraph--live  \">L&rsquo;<a href=\"https:\/\/www.lexpress.fr\/economie\/guerre-en-ukraine-leurope-est-au-pied-du-mur-par-eric-chol-JNEE3TCRTBFJJMFGFVIF6SLKMU\/\" target=\"_self\" rel=\"noopener\" title=\"https:\/\/www.lexpress.fr\/economie\/guerre-en-ukraine-leurope-est-au-pied-du-mur-par-eric-chol-JNEE3TCRTBFJJMFGFVIF6SLKMU\/\">Ukraine<\/a>\u00a0a revendiqu\u00e9 samedi l&rsquo;attaque de deux p\u00e9troliers en mer Noire, disant avoir frapp\u00e9 avec des drones navals des navires de la \u00ab\u00a0flotte fant\u00f4me russe\u00a0\u00bb utilis\u00e9e par Moscou pour contourner les sanctions occidentales.<\/p>\n<p class=\"paragraph article-body-paragraph article__item article-body-paragraph--live  \">Une source au sein des services de s\u00e9curit\u00e9 ukrainiens (SBU) a affirm\u00e9 \u00e0 l&rsquo;AFP que ces p\u00e9troliers, le Kairo et le Virat, avaient \u00e9t\u00e9 frapp\u00e9s par des drones \u00ab\u00a0Sea Baby\u00a0\u00bb lors d&rsquo;une op\u00e9ration conjointe entre le SBU et la marine ukrainienne. Selon cette source, ils \u00e9taient vides au moment de l&rsquo;attaque et \u00ab\u00a0se rendaient au port russe de Novorossi\u00efsk\u00a0\u00bb pour \u00eatre r\u00e9aliment\u00e9s en hydrocarbures.<\/p>\n<p><strong class=\"article-body-link-list__item text-gray-800 article-body-link-list__item--one-item\">LIRE AUSSI : <a class=\"article-body-link-list__item-link\" href=\"https:\/\/www.lexpress.fr\/monde\/europe\/corruption-en-ukraine-leurope-doit-envisager-lapres-zelensky-BNBIAT2RTNDXNCINXG44ZU4QFU\/\" target=\"_blank\" rel=\"noopener\">Corruption en Ukraine : l\u2019Europe doit envisager l\u2019apr\u00e8s-Zelensky<\/a><\/strong><\/p>\n<p class=\"paragraph article-body-paragraph article__item article-body-paragraph--live  \">Les attaques du Virat et du Kairos, deux p\u00e9troliers battant pavillon gambien, ont eu lieu \u00e0 l&rsquo;int\u00e9rieur d&rsquo;une zone \u00e9conomique sp\u00e9ciale (ZES) de la mer Noire, et non dans les eaux territoriales turques, a indiqu\u00e9 samedi le ministre turc des Transports, Abdulkadir Uraloglu. Le Virat, attaqu\u00e9 \u00e0 quelque 35 milles nautiques (environ 65 kilom\u00e8tres) des c\u00f4tes turques, \u00ab\u00a0a subi des dommages mineurs sur son flanc tribord, au-dessus de la ligne de flottaison\u00a0\u00bb, a pr\u00e9cis\u00e9 son minist\u00e8re. \u00ab\u00a0Aucun incendie ne s&rsquo;est d\u00e9clar\u00e9 \u00e0 bord et l&rsquo;\u00e9quipage est sain et sauf\u00a0\u00bb, a-t-il ajout\u00e9, soulignant que \u00ab\u00a0les \u00e9quipes de secours (turques) maintiennent une distance de s\u00e9curit\u00e9 avec le navire, faute d&rsquo;appels d&rsquo;urgence\u00a0\u00bb.<\/p>\n<p class=\"paragraph article-body-paragraph article__item  article-body-paragraph--live-short  \">12h13<\/p>\n<p>Des n\u00e9gociateurs ukrainiens en route vers les Etats-Unis pour discuter du plan am\u00e9ricain<\/p>\n<p class=\"paragraph article-body-paragraph article__item article-body-paragraph--live  \">Une \u00e9quipe de n\u00e9gociateurs ukrainiens est partie samedi pour les Etats-Unis afin de discuter du plan am\u00e9ricain visant \u00e0 mettre fin au conflit en\u00a0Ukraine, a annonc\u00e9 le pr\u00e9sident Volodymyr Zelensky.<\/p>\n<p class=\"paragraph article-body-paragraph article__item article-body-paragraph--live  \">\u00ab\u00a0Le Secr\u00e9taire du Conseil national de s\u00e9curit\u00e9 et de d\u00e9fense de l&rsquo;Ukraine\u00a0et chef de la d\u00e9l\u00e9gation ukrainienne, Rustem Oumerov est d\u00e9j\u00e0 en route vers les Etats-Unis avec l&rsquo;\u00e9quipe\u00a0\u00bb, a indiqu\u00e9 M. Zelensy dans un message post\u00e9 sur X.<\/p>\n<p class=\"paragraph article-body-paragraph article__item article-body-paragraph--live  \">9h40<\/p>\n<p>Frappes russes en Ukraine: plus de 600.000 personnes priv\u00e9es d\u2019\u00e9lectricit\u00e9<\/p>\n<p class=\"paragraph article-body-paragraph article__item article-body-paragraph--live  \">Des frappes russes de missiles et de drones en\u00a0Ukraine, qui ont commenc\u00e9 vendredi soir et se sont poursuivies samedi matin, ont priv\u00e9 de courant plus de 600.000 personnes, a annonc\u00e9 le minist\u00e8re ukrainien de l\u2019Energie.<\/p>\n<p><strong class=\"article-body-link-list__item text-gray-800 article-body-link-list__item--one-item\">LIRE AUSSI : <a class=\"article-body-link-list__item-link\" href=\"https:\/\/www.lexpress.fr\/monde\/europe\/daria-kaleniuk-ong-ukrainienne-anti-corruption-yermak-aurait-du-etre-demis-de-son-poste-bien-plus-HDNCKUTEP5GM3BYDGHHXWG5Z6E\/\" target=\"_blank\" rel=\"noopener\">Daria Kaleniuk, ONG ukrainienne anti-corruption : \u00ab\u00a0Yermak aurait d\u00fb \u00eatre d\u00e9mis de son poste bien plus t\u00f4t\u00a0\u00bb<\/a><\/strong><\/p>\n<p class=\"paragraph article-body-paragraph article__item article-body-paragraph--live  \">\u00ab\u00a0A la suite de l\u2019attaque, plus de 500.000 usagers \u00e0 Kiev, plus de 100.000 dans la r\u00e9gion de Kiev et pr\u00e8s de 8.000 dans la r\u00e9gion de Kharkiv se sont retrouv\u00e9s sans \u00e9lectricit\u00e9 ce matin\u00a0\u00bb, a indiqu\u00e9 le minist\u00e8re.<\/p>\n<p class=\"paragraph article-body-paragraph article__item  article-body-paragraph--live-short  \">06h57<\/p>\n<p>Une attaque \u00ab\u00a0terroriste\u00a0\u00bb russe de drones sur la capitale ukrainienne fait un mort et 11 bless\u00e9s, selon Kiev<\/p>\n<p class=\"paragraph article-body-paragraph article__item article-body-paragraph--live  \">Une attaque \u00ab\u00a0terroriste\u00a0\u00bb russe de drones sur Kiev et sa banlieue tout au long de la nuit de vendredi \u00e0 samedi a fait au moins un mort et 11 bless\u00e9s, dont des femmes et un enfant, selon les autorit\u00e9s. <\/p>\n<p class=\"paragraph article-body-paragraph article__item article-body-paragraph--live  \">Samedi \u00e0 l&rsquo;aube, l&rsquo;administration militaire de la ville de Kiev a averti \u00e9galement la population d&rsquo;une \u00ab\u00a0menace\u00a0\u00bb d&rsquo;attaque par un missile balistique tir\u00e9 par un avion \u00ab\u00a0MIG-31\u00a0\u00bb russe sur la capitale ukrainienne, o\u00f9 des journalistes de l&rsquo;AFP ont entendu de fortes explosions. \u00ab\u00a0Il y a une menace de recours \u00e0 un missile ennemi. Restez aux abris!\u00a0\u00bb, a somm\u00e9 l&rsquo;administration militaire de Kiev dans un communiqu\u00e9 sur Telegram.<\/p>\n<p><strong class=\"article-body-link-list__item text-gray-800 article-body-link-list__item--one-item\">LIRE AUSSI : <a class=\"article-body-link-list__item-link\" href=\"https:\/\/www.lexpress.fr\/idees-et-debats\/loccident-doit-se-preparer-a-la-mort-de-vladimir-poutine-lanalyse-choc-de-john-kennedy-2VZH77NYSBFPDM3SBTTDG7SW6A\/\" target=\"_blank\" rel=\"noopener\">\u00ab\u00a0L\u2019Occident doit se pr\u00e9parer \u00e0 la mort de Vladimir Poutine\u00a0\u00bb : l\u2019analyse choc de John Kennedy<\/a><\/strong><\/p>\n<p class=\"paragraph article-body-paragraph article__item article-body-paragraph--live   article__text__endpicto\">Des premi\u00e8res puissantes d\u00e9tonations avaient secou\u00e9 le centre de Kiev vers minuit et le maire de la ville, Vitali Klitschko, les avait aussit\u00f4t attribu\u00e9es \u00e0 une attaque de drones men\u00e9e par les forces arm\u00e9es de Moscou. Le chef de l&rsquo;administration militaire de Kiev, Tymur Tkachenko, a pr\u00e9cis\u00e9 qu&rsquo;un \u00ab\u00a0homme\u00a0\u00bb avait perdu la vie dans un quartier de la gigantesque capitale urkrainienne. Il a dress\u00e9 un bilan en constante \u00e9volution de \u00ab\u00a0huit r\u00e9sidents de Kiev bless\u00e9s et d&rsquo;un tu\u00e9\u00a0\u00bb. Pour l&rsquo;administration militaire de Kiev, la ville a subi \u00ab\u00a0une attaque terroriste cynique de la F\u00e9d\u00e9ration de Russie\u00a0\u00bb, au moyen de drones, ayant frapp\u00e9 neuf endroits diff\u00e9rents de cinq quartiers.<\/p>\n","protected":false},"excerpt":{"rendered":"Le pr\u00e9sident fran\u00e7ais Emmanuel Macron recevra lundi \u00e0 Paris son homologue ukrainien Volodymyr Zelensky, a annonc\u00e9 samedi l&rsquo;Elys\u00e9e,&hellip;\n","protected":false},"author":2,"featured_media":568036,"comment_status":"","ping_status":"","sticky":false,"template":"","format":"standard","meta":{"footnotes":""},"categories":[1590],"tags":[11,1777,674,74,12,220],"class_list":{"0":"post-568035","1":"post","2":"type-post","3":"status-publish","4":"format-standard","5":"has-post-thumbnail","7":"category-ukraine","8":"tag-actualites","9":"tag-eu","10":"tag-europe","11":"tag-monde","12":"tag-news","13":"tag-ukraine"},"share_on_mastodon":{"url":"https:\/\/pubeurope.com\/@fr\/115636643034386076","error":""},"_links":{"self":[{"href":"https:\/\/www.europesays.com\/fr\/wp-json\/wp\/v2\/posts\/568035","targetHints":{"allow":["GET"]}}],"collection":[{"href":"https:\/\/www.europesays.com\/fr\/wp-json\/wp\/v2\/posts"}],"about":[{"href":"https:\/\/www.europesays.com\/fr\/wp-json\/wp\/v2\/types\/post"}],"author":[{"embeddable":true,"href":"https:\/\/www.europesays.com\/fr\/wp-json\/wp\/v2\/users\/2"}],"replies":[{"embeddable":true,"href":"https:\/\/www.europesays.com\/fr\/wp-json\/wp\/v2\/comments?post=568035"}],"version-history":[{"count":0,"href":"https:\/\/www.europesays.com\/fr\/wp-json\/wp\/v2\/posts\/568035\/revisions"}],"wp:featuredmedia":[{"embeddable":true,"href":"https:\/\/www.europesays.com\/fr\/wp-json\/wp\/v2\/media\/568036"}],"wp:attachment":[{"href":"https:\/\/www.europesays.com\/fr\/wp-json\/wp\/v2\/media?parent=568035"}],"wp:term":[{"taxonomy":"category","embeddable":true,"href":"https:\/\/www.europesays.com\/fr\/wp-json\/wp\/v2\/categories?post=568035"},{"taxonomy":"post_tag","embeddable":true,"href":"https:\/\/www.europesays.com\/fr\/wp-json\/wp\/v2\/tags?post=568035"}],"curies":[{"name":"wp","href":"https:\/\/api.w.org\/{rel}","templated":true}]}}