{"id":568037,"date":"2025-11-30T03:58:31","date_gmt":"2025-11-30T03:58:31","guid":{"rendered":"https:\/\/www.europesays.com\/fr\/568037\/"},"modified":"2025-11-30T03:58:31","modified_gmt":"2025-11-30T03:58:31","slug":"usa-record-des-ventes-en-ligne-pour-le-black-friday-a-118-mds-selon-adobe-analytics-29-11-2025-a-1609","status":"publish","type":"post","link":"https:\/\/www.europesays.com\/fr\/568037\/","title":{"rendered":"USA-Record des ventes en ligne pour le \u00ab\u00a0Black Friday\u00a0\u00bb \u00e0 $11,8 mds, selon Adobe Analytics &#8211; 29\/11\/2025 \u00e0 16:09"},"content":{"rendered":"<p>\n Les consommateurs am\u00e9ricains ont<br \/>\nd\u00e9pens\u00e9 un montant record de 11,8 milliards de dollars (10,18<br \/>\nmilliards d&rsquo;euros) en ligne lors du \u00ab\u00a0Black Friday\u00a0\u00bb, soit une<br \/>\nhausse de 9,1% par rapport \u00e0 l&rsquo;ann\u00e9e derni\u00e8re, selon les donn\u00e9es<br \/>\nd\u00e9finitives d&rsquo;Adobe Analytics.\n<\/p>\n<p>\n Selon Adobe Analytics, qui se base sur plus de 1.000<br \/>\nmilliards de visites sur les sites de vente en ligne aux<br \/>\n\u00c9tats-Unis, les consommateurs devraient par ailleurs d\u00e9penser<br \/>\n5,5 milliards de dollars samedi et 5,9 milliards de dollars<br \/>\ndimanche, soit des hausse de 3,8% et 5,4%, respectivement, sur<br \/>\nun an.\n<\/p>\n<p>\n De son c\u00f4t\u00e9, l&rsquo;\u00e9diteur de logiciels Salesforce estime que<br \/>\nles consommateurs am\u00e9ricains ont d\u00e9pens\u00e9 18 milliards de dollars<br \/>\nlors du \u00ab\u00a0Black Friday\u00a0\u00bb, soit une hausse de 3% par rapport \u00e0<br \/>\nl&rsquo;ann\u00e9e pr\u00e9c\u00e9dente, les v\u00eatements et accessoires de luxe<br \/>\nfigurant parmi les cat\u00e9gories les plus populaires.\n<\/p>\n<p>\n Si les consommateurs am\u00e9ricains ont d\u00e9pens\u00e9 davantage sur la<br \/>\np\u00e9riode cette ann\u00e9e, les hausses de prix ont frein\u00e9 la demande<br \/>\nen ligne avec moins d&rsquo;articles achet\u00e9s, selon Salesforce.\n<\/p>\n<p>\n Dans les magasins physiques, la chasse aux bonnes affaires a<br \/>\n\u00e9t\u00e9 relativement mod\u00e9r\u00e9e vendredi, qui suit la f\u00eate de<br \/>\nThanksgiving, certains acheteurs disant craindre de trop<br \/>\nd\u00e9penser dans un contexte d&rsquo;inflation persistante, d&rsquo;incertitude<br \/>\nli\u00e9e \u00e0 la politique commerciale et de faiblesse du march\u00e9 de<br \/>\nl&#8217;emploi.\n<\/p>\n<p>\n Selon les pr\u00e9visions d&rsquo;Adobe, les consommateurs devraient<br \/>\nd\u00e9penser 14,2 milliards de dollars lors du \u00ab\u00a0Cyber Monday\u00a0\u00bb &#8211; une<br \/>\nautre journ\u00e9e de soldes qui intervient le lundi qui suit le<br \/>\n\u00ab\u00a0Black Friday\u00a0\u00bb -, soit une hausse de 6,3% sur un an.\n<\/p>\n<p>\n (R\u00e9dig\u00e9 par Chandni Shah \u00e0 Bagalore, version fran\u00e7aise Kate<br \/>\nEntringer)<\/p>\n","protected":false},"excerpt":{"rendered":"Les consommateurs am\u00e9ricains ont d\u00e9pens\u00e9 un montant record de 11,8 milliards de dollars (10,18 milliards d&rsquo;euros) en ligne&hellip;\n","protected":false},"author":2,"featured_media":568038,"comment_status":"","ping_status":"","sticky":false,"template":"","format":"standard","meta":{"footnotes":""},"categories":[1589],"tags":[400,11,398,408,405,73,1866,403,402,399,404,12,401,406,1864,1865,1863,308,407],"class_list":{"0":"post-568037","1":"post","2":"type-post","3":"status-publish","4":"format-standard","5":"has-post-thumbnail","7":"category-etats-unis","8":"tag-action-cac-40","9":"tag-actualites","10":"tag-bourse-de-paris","11":"tag-boursorama","12":"tag-cotations","13":"tag-etats-unis","14":"tag-etats-unis-damerique","15":"tag-indices-devises","16":"tag-investir","17":"tag-investissement","18":"tag-marche-boursier","19":"tag-news","20":"tag-sicav","21":"tag-trackers","22":"tag-united-states","23":"tag-united-states-of-america","24":"tag-us","25":"tag-usa","26":"tag-warrants"},"share_on_mastodon":{"url":"https:\/\/pubeurope.com\/@fr\/115636647141935190","error":""},"_links":{"self":[{"href":"https:\/\/www.europesays.com\/fr\/wp-json\/wp\/v2\/posts\/568037","targetHints":{"allow":["GET"]}}],"collection":[{"href":"https:\/\/www.europesays.com\/fr\/wp-json\/wp\/v2\/posts"}],"about":[{"href":"https:\/\/www.europesays.com\/fr\/wp-json\/wp\/v2\/types\/post"}],"author":[{"embeddable":true,"href":"https:\/\/www.europesays.com\/fr\/wp-json\/wp\/v2\/users\/2"}],"replies":[{"embeddable":true,"href":"https:\/\/www.europesays.com\/fr\/wp-json\/wp\/v2\/comments?post=568037"}],"version-history":[{"count":0,"href":"https:\/\/www.europesays.com\/fr\/wp-json\/wp\/v2\/posts\/568037\/revisions"}],"wp:featuredmedia":[{"embeddable":true,"href":"https:\/\/www.europesays.com\/fr\/wp-json\/wp\/v2\/media\/568038"}],"wp:attachment":[{"href":"https:\/\/www.europesays.com\/fr\/wp-json\/wp\/v2\/media?parent=568037"}],"wp:term":[{"taxonomy":"category","embeddable":true,"href":"https:\/\/www.europesays.com\/fr\/wp-json\/wp\/v2\/categories?post=568037"},{"taxonomy":"post_tag","embeddable":true,"href":"https:\/\/www.europesays.com\/fr\/wp-json\/wp\/v2\/tags?post=568037"}],"curies":[{"name":"wp","href":"https:\/\/api.w.org\/{rel}","templated":true}]}}