{"id":568039,"date":"2025-11-30T03:59:20","date_gmt":"2025-11-30T03:59:20","guid":{"rendered":"https:\/\/www.europesays.com\/fr\/568039\/"},"modified":"2025-11-30T03:59:20","modified_gmt":"2025-11-30T03:59:20","slug":"rencontre-entre-le-chef-de-la-diplomatie-chinoise-et-le-conseiller-du-pm-britannique","status":"publish","type":"post","link":"https:\/\/www.europesays.com\/fr\/568039\/","title":{"rendered":"rencontre entre le chef de la diplomatie chinoise et le conseiller du PM britannique"},"content":{"rendered":"<p>&#13;<br \/>\n                        S\u00e9curit\u00e9 nationale : rencontre entre le chef de la diplomatie chinoise et le conseiller du PM britannique&#13;\n                    <\/p>\n<p style=\"text-align:\">Le plus haut diplomate chinois, Wang Yi, a rencontr\u00e9, vendredi 28 novembre \u00e0 P\u00e9kin, Jonathan Powell, conseiller \u00e0 la s\u00e9curit\u00e9 nationale du Premier ministre britannique.<\/p>\n<p><a href=\"https:\/\/lecourrier.vn\/le-ministre-chinois-des-ae-sentretient-avec-le-conseiller-a-la-securite-nationale-du-pm-britannique\/1286799.html\" title=\"Le ministre chinois des AE  s&#039;entretient avec le conseiller \u00e0 la s\u00e9curit\u00e9 nationale du PM britannique\" target=\"_blank\" rel=\"noopener\">&gt;&gt; Le ministre chinois des AE  s&rsquo;entretient avec le conseiller \u00e0 la s\u00e9curit\u00e9 nationale du PM britannique<\/a><\/p>\n<p><a href=\"https:\/\/lecourrier.vn\/le-ministre-chinois-des-ae-rencontre-un-envoye-special-du-president-de-la-r-de-coree\/1289498.html\" title=\"Le ministre chinois des AE rencontre un envoy\u00e9 sp\u00e9cial du pr\u00e9sident de la R. de Cor\u00e9e\" target=\"_blank\" rel=\"noopener\">&gt;&gt; Le ministre chinois des AE rencontre un envoy\u00e9 sp\u00e9cial du pr\u00e9sident de la R. de Cor\u00e9e<\/a><\/p>\n<p><a href=\"https:\/\/lecourrier.vn\/la-chine-et-la-france-tiennent-leur-27e-dialogue-strategique\/1293085.html\" title=\"La Chine et la France tiennent leur 27&lt;sup&gt;e&lt;\/sup&gt; dialogue strat\u00e9gique\" target=\"_blank\" rel=\"noopener\">&gt;&gt; La Chine et la France tiennent leur 27e dialogue strat\u00e9gique<\/a><\/p>\n<tr>\n<td class=\"pic\"><img decoding=\"async\" class=\"lazyload\" src=\"https:\/\/www.europesays.com\/fr\/wp-content\/uploads\/2025\/11\/153816-112746-unnamed.jpg\" alt=\"\"\/><\/td>\n<\/tr>\n<tr>\n<td class=\"caption\">Le ministre chinois des Affaires \u00e9trang\u00e8res, Wang Yi (droite), et Jonathan Powell, conseiller \u00e0 la s\u00e9curit\u00e9 nationale du Premier ministre britannique, \u00e0 P\u00e9kin.\u00a0<\/td>\n<\/tr>\n<tr align=\"right\">\n<td class=\"author\">Photo : Xinhua\/VNA\/CVN<\/td>\n<\/tr>\n<p style=\"text-align:left\">M. Wang, membre du Bureau politique du Comit\u00e9 central du Parti communiste chinois et directeur du Bureau de la Commission centrale des affaires \u00e9trang\u00e8res, a d\u00e9clar\u00e9 que la Chine et le Royaume-Uni devaient maintenir une communication strat\u00e9gique, renforcer leur confiance mutuelle et accro\u00eetre la coordination n\u00e9cessaire.<\/p>\n<p style=\"text-align:left\">La Chine esp\u00e8re que le Royaume-Uni consid\u00e9rera ses relations avec la Chine dans une perspective \u00e0 long terme, adoptera une approche rationnelle et amicale \u00e0 l&rsquo;\u00e9gard du d\u00e9veloppement de la Chine, suivra une politique positive et pragmatique vis-\u00e0-vis de la Chine et travaillera avec la Chine pour faire un pas l&rsquo;un vers l&rsquo;autre, aborder les questions directement et maintenir la coop\u00e9ration comme th\u00e8me principal des relations bilat\u00e9rales, a not\u00e9 M. Wang.<\/p>\n<p style=\"text-align:left\">Il a pr\u00e9sent\u00e9 en d\u00e9tail le principe et la position de la Chine sur les questions li\u00e9es au Japon et a exprim\u00e9 l&rsquo;espoir de voir le Royaume-Uni continuer \u00e0 adh\u00e9rer au principe d&rsquo;une seule Chine et \u00e0 travailler avec la Chine pour pr\u00e9server conjointement les r\u00e9sultats de la victoire de la Seconde Guerre mondiale.<\/p>\n<p style=\"text-align:left\">M. Powell a pour sa part d\u00e9clar\u00e9 que le gouvernement travailliste britannique \u00e9tait dispos\u00e9 \u00e0 d\u00e9velopper une relation coh\u00e9rente, \u00e0 long terme et strat\u00e9gique avec la Chine, et \u00e0 renforcer encore davantage les dialogues r\u00e9guliers avec la Chine \u00e0 tous les niveaux.<\/p>\n<p style=\"text-align:left\">Les deux parties ont \u00e9galement \u00e9chang\u00e9 leurs points de vue sur la crise ukrainienne et d&rsquo;autres questions.\u00a0<\/p>\n<p style=\"text-align:right\"><b>Xinhua\/VNA\/CVN<\/b><\/p>\n","protected":false},"excerpt":{"rendered":"&#13; S\u00e9curit\u00e9 nationale : rencontre entre le chef de la diplomatie chinoise et le conseiller du PM britannique&#13;&hellip;\n","protected":false},"author":2,"featured_media":568040,"comment_status":"","ping_status":"","sticky":false,"template":"","format":"standard","meta":{"footnotes":""},"categories":[1588],"tags":[11,1777,674,68334,12,5486,473,1853,1851,1850,1852,52343],"class_list":{"0":"post-568039","1":"post","2":"type-post","3":"status-publish","4":"format-standard","5":"has-post-thumbnail","7":"category-royaume-uni","8":"tag-actualites","9":"tag-eu","10":"tag-europe","11":"tag-jonathan-powell","12":"tag-news","13":"tag-rencontre","14":"tag-royaume-uni","15":"tag-royaume-uni-de-grande-bretagne-et-dirlande-du-nord","16":"tag-uk","17":"tag-united-kingdom","18":"tag-united-kingdom-of-great-britain-and-northern-ireland","19":"tag-wang-yi"},"share_on_mastodon":{"url":"https:\/\/pubeurope.com\/@fr\/115636652188822946","error":""},"_links":{"self":[{"href":"https:\/\/www.europesays.com\/fr\/wp-json\/wp\/v2\/posts\/568039","targetHints":{"allow":["GET"]}}],"collection":[{"href":"https:\/\/www.europesays.com\/fr\/wp-json\/wp\/v2\/posts"}],"about":[{"href":"https:\/\/www.europesays.com\/fr\/wp-json\/wp\/v2\/types\/post"}],"author":[{"embeddable":true,"href":"https:\/\/www.europesays.com\/fr\/wp-json\/wp\/v2\/users\/2"}],"replies":[{"embeddable":true,"href":"https:\/\/www.europesays.com\/fr\/wp-json\/wp\/v2\/comments?post=568039"}],"version-history":[{"count":0,"href":"https:\/\/www.europesays.com\/fr\/wp-json\/wp\/v2\/posts\/568039\/revisions"}],"wp:featuredmedia":[{"embeddable":true,"href":"https:\/\/www.europesays.com\/fr\/wp-json\/wp\/v2\/media\/568040"}],"wp:attachment":[{"href":"https:\/\/www.europesays.com\/fr\/wp-json\/wp\/v2\/media?parent=568039"}],"wp:term":[{"taxonomy":"category","embeddable":true,"href":"https:\/\/www.europesays.com\/fr\/wp-json\/wp\/v2\/categories?post=568039"},{"taxonomy":"post_tag","embeddable":true,"href":"https:\/\/www.europesays.com\/fr\/wp-json\/wp\/v2\/tags?post=568039"}],"curies":[{"name":"wp","href":"https:\/\/api.w.org\/{rel}","templated":true}]}}