{"id":568042,"date":"2025-11-30T04:01:13","date_gmt":"2025-11-30T04:01:13","guid":{"rendered":"https:\/\/www.europesays.com\/fr\/568042\/"},"modified":"2025-11-30T04:01:13","modified_gmt":"2025-11-30T04:01:13","slug":"la-chaine-parlementaire-replay-du-29-11-2025-ici-leurope","status":"publish","type":"post","link":"https:\/\/www.europesays.com\/fr\/568042\/","title":{"rendered":"La Cha\u00eene parlementaire replay du 29\/11\/2025 : Ici l&rsquo;Europe"},"content":{"rendered":"<p>  29\/11\/2025  35min  7 vues<\/p>\n<p class=\"lead2 p-1 bg-body-tertiary rounded mt-2\">Le foss\u00e9 des in\u00e9galit\u00e9s se creuse sur le Vieux Continent. Selon la Banque centrale europ\u00e9enne, 5 % des plus riches d\u00e9tiennent 45 % de la richesse totale en Europe. A l&rsquo;exception de l&rsquo;Espagne, la tendance ces derni\u00e8res ann\u00e9es dans les pays de l&rsquo;Union europ\u00e9enne est plut\u00f4t \u00e0 la disparition de l&rsquo;imp\u00f4t sur les grandes fortunes.Faut-il plus taxer les multinationales qui font des b\u00e9n\u00e9fices ? Comment r\u00e9guler la comp\u00e9tition fiscale que se livrent les 27 pour attirer les si\u00e8ges des grandes entreprises sur leurs territoires ? La taxe Zucman, qui pourrait rapporter 67 milliards d&rsquo;euros au budget si elle \u00e9tait \u00e9tendue \u00e0 l&rsquo;ensemble de l&rsquo;Union europ\u00e9enne, peut-elle \u00eatre une solution ?Ici l&rsquo;Europe ouvre le d\u00e9bat avec les eurod\u00e9put\u00e9s Marina MESURE du groupe de la gauche au Parlement europ\u00e9en et Yvan VEROUGSTRAETE eurod\u00e9put\u00e9 du Groupe Renew Europe. En premi\u00e8re partie, Caroline de Camaret re\u00e7oit : Maxime Pr\u00e9vot, ministre belge des Affaires \u00e9trang\u00e8res. En seconde partie, Caroline de Camaret et Alexandre Poussart re\u00e7oivent les eurod\u00e9put\u00e9s :- Marina MESURE eurod\u00e9put\u00e9e fran\u00e7aise du Groupe de la gauche au Parlement europ\u00e9en,- Yvan VEROUGSTRAETE eurod\u00e9put\u00e9 belge du Groupe Renew Europe.Ici, l&rsquo;EuropeChaque semaine, LCP Assembl\u00e9e nationale, Public S\u00e9nat et France24 vous plongent au coeur des questions qui secouent l&rsquo;Europe : Covid-19, questions migratoires, \u00ab Green deal \u00bb, Brexit ou encore souverainet\u00e9 digitale. Quel avenir pour l&rsquo;Union et ses 450 millions d&rsquo;habitants ? Une demi-heure d&rsquo;information pour mieux comprendre les enjeux europ\u00e9ens.<\/p>\n","protected":false},"excerpt":{"rendered":"29\/11\/2025 35min 7 vues Le foss\u00e9 des in\u00e9galit\u00e9s se creuse sur le Vieux Continent. Selon la Banque centrale&hellip;\n","protected":false},"author":2,"featured_media":568043,"comment_status":"","ping_status":"","sticky":false,"template":"","format":"standard","meta":{"footnotes":""},"categories":[1586],"tags":[39020,11,6394,39019,1777,674,1011,27,39014,39013,12,39016,39017,39018,503,39015,502,39022,39021,362,58157,58158,25,39012],"class_list":{"0":"post-568042","1":"post","2":"type-post","3":"status-publish","4":"format-standard","5":"has-post-thumbnail","7":"category-europe","8":"tag-a-la-tv","9":"tag-actualites","10":"tag-ce-soir-tv","11":"tag-en-ce-moment-tv","12":"tag-eu","13":"tag-europe","14":"tag-fr","15":"tag-france","16":"tag-guide-tele","17":"tag-guide-tv","18":"tag-news","19":"tag-programme-canalsat","20":"tag-programme-freebox","21":"tag-programme-orange","22":"tag-programme-tele","23":"tag-programme-tnt","24":"tag-programme-tv","25":"tag-que-regarder-a-la-tv","26":"tag-regarder-la-tv","27":"tag-replay","28":"tag-replay-tv","29":"tag-replaytv","30":"tag-republique-francaise","31":"tag-soiree-tv"},"share_on_mastodon":{"url":"https:\/\/pubeurope.com\/@fr\/115636658733502300","error":""},"_links":{"self":[{"href":"https:\/\/www.europesays.com\/fr\/wp-json\/wp\/v2\/posts\/568042","targetHints":{"allow":["GET"]}}],"collection":[{"href":"https:\/\/www.europesays.com\/fr\/wp-json\/wp\/v2\/posts"}],"about":[{"href":"https:\/\/www.europesays.com\/fr\/wp-json\/wp\/v2\/types\/post"}],"author":[{"embeddable":true,"href":"https:\/\/www.europesays.com\/fr\/wp-json\/wp\/v2\/users\/2"}],"replies":[{"embeddable":true,"href":"https:\/\/www.europesays.com\/fr\/wp-json\/wp\/v2\/comments?post=568042"}],"version-history":[{"count":0,"href":"https:\/\/www.europesays.com\/fr\/wp-json\/wp\/v2\/posts\/568042\/revisions"}],"wp:featuredmedia":[{"embeddable":true,"href":"https:\/\/www.europesays.com\/fr\/wp-json\/wp\/v2\/media\/568043"}],"wp:attachment":[{"href":"https:\/\/www.europesays.com\/fr\/wp-json\/wp\/v2\/media?parent=568042"}],"wp:term":[{"taxonomy":"category","embeddable":true,"href":"https:\/\/www.europesays.com\/fr\/wp-json\/wp\/v2\/categories?post=568042"},{"taxonomy":"post_tag","embeddable":true,"href":"https:\/\/www.europesays.com\/fr\/wp-json\/wp\/v2\/tags?post=568042"}],"curies":[{"name":"wp","href":"https:\/\/api.w.org\/{rel}","templated":true}]}}