{"id":568044,"date":"2025-11-30T04:02:12","date_gmt":"2025-11-30T04:02:12","guid":{"rendered":"https:\/\/www.europesays.com\/fr\/568044\/"},"modified":"2025-11-30T04:02:12","modified_gmt":"2025-11-30T04:02:12","slug":"les-safaris-humains-de-sarajevo-une-horreur-qui-a-probablement-eu-lieu","status":"publish","type":"post","link":"https:\/\/www.europesays.com\/fr\/568044\/","title":{"rendered":"Les \u201csafaris humains\u201d de Sarajevo, une horreur qui a probablement eu lieu"},"content":{"rendered":"\n<p>Personne n\u2019a \u00e9t\u00e9 surpris quand, arrivant d\u2019un pass\u00e9 lointain, l\u2019information est tomb\u00e9e\u00a0: \u201cIl y avait des snipers italiens \u00e0 Sarajevo, venus faire des safaris humains.\u201d La nouvelle avait comme un air de d\u00e9j\u00e0-vu, ou plut\u00f4t de \u201cd\u00e9j\u00e0-entendu\u201d. \u00c0 ceci pr\u00e8s, toutefois, que les snipers en question \u00e9taient \u201citaliens\u201d, ce qui \u00e9tait plus pr\u00e9cis que l\u2019\u00e9pith\u00e8te \u201ceurop\u00e9ens\u201d, plus g\u00e9n\u00e9rique, \u00e0 laquelle on avait \u00e9t\u00e9 habitu\u00e9s. Mon t\u00e9l\u00e9phone sonne \u00e0 tout bout de champ depuis lundi [10\u00a0novembre], jour o\u00f9 l\u2019information a \u00e9t\u00e9 diffus\u00e9e. \u201cGigi, toi qui \u00e9tais \u00e0 Sarajevo, c\u2019est vrai, cette histoire\u00a0?\u201d Pour couper court, je ne sais pas si elle est vraie, mais elle est en revanche plausible \u2013 on est plus ici dans le domaine du probable que du possible.<\/p>\n<p>Les guerres des Balkans des ann\u00e9es 1990 \u00e9taient si proches de nous, et les arm\u00e9es si d\u00e9caties, qu\u2019il \u00e9tait possible de se rendre sur le front en voiture, sans les contr\u00f4les syst\u00e9matiques que les arm\u00e9es plus structur\u00e9es mettent en place pour isoler les th\u00e9\u00e2tres d\u2019op\u00e9rations et les sc\u00e8nes de leurs exactions. Ce qui donnait lieu, presque partout et m\u00eame dans les zones les plus sensibles, \u00e0 un chass\u00e9-crois\u00e9 de personnages de tout acabit\u00a0: des mercenaires, des aventuriers, des fugueurs, des margoulins, des profiteurs, des pacifistes qui voulaient mettre des fle<\/p>\n","protected":false},"excerpt":{"rendered":"Personne n\u2019a \u00e9t\u00e9 surpris quand, arrivant d\u2019un pass\u00e9 lointain, l\u2019information est tomb\u00e9e\u00a0: \u201cIl y avait des snipers italiens&hellip;\n","protected":false},"author":2,"featured_media":568045,"comment_status":"","ping_status":"","sticky":false,"template":"","format":"standard","meta":{"footnotes":""},"categories":[1586],"tags":[11,36632,1777,674,1779,1011,27,452,12,316,25,1778,364],"class_list":{"0":"post-568044","1":"post","2":"type-post","3":"status-publish","4":"format-standard","5":"has-post-thumbnail","7":"category-europe","8":"tag-actualites","9":"tag-bosnie-herzu00e9govine","10":"tag-eu","11":"tag-europe","12":"tag-european-union","13":"tag-fr","14":"tag-france","15":"tag-italie","16":"tag-news","17":"tag-politique","18":"tag-republique-francaise","19":"tag-ue","20":"tag-union-europeenne"},"share_on_mastodon":{"url":"https:\/\/pubeurope.com\/@fr\/115636662709754705","error":""},"_links":{"self":[{"href":"https:\/\/www.europesays.com\/fr\/wp-json\/wp\/v2\/posts\/568044","targetHints":{"allow":["GET"]}}],"collection":[{"href":"https:\/\/www.europesays.com\/fr\/wp-json\/wp\/v2\/posts"}],"about":[{"href":"https:\/\/www.europesays.com\/fr\/wp-json\/wp\/v2\/types\/post"}],"author":[{"embeddable":true,"href":"https:\/\/www.europesays.com\/fr\/wp-json\/wp\/v2\/users\/2"}],"replies":[{"embeddable":true,"href":"https:\/\/www.europesays.com\/fr\/wp-json\/wp\/v2\/comments?post=568044"}],"version-history":[{"count":0,"href":"https:\/\/www.europesays.com\/fr\/wp-json\/wp\/v2\/posts\/568044\/revisions"}],"wp:featuredmedia":[{"embeddable":true,"href":"https:\/\/www.europesays.com\/fr\/wp-json\/wp\/v2\/media\/568045"}],"wp:attachment":[{"href":"https:\/\/www.europesays.com\/fr\/wp-json\/wp\/v2\/media?parent=568044"}],"wp:term":[{"taxonomy":"category","embeddable":true,"href":"https:\/\/www.europesays.com\/fr\/wp-json\/wp\/v2\/categories?post=568044"},{"taxonomy":"post_tag","embeddable":true,"href":"https:\/\/www.europesays.com\/fr\/wp-json\/wp\/v2\/tags?post=568044"}],"curies":[{"name":"wp","href":"https:\/\/api.w.org\/{rel}","templated":true}]}}