{"id":568048,"date":"2025-11-30T04:04:20","date_gmt":"2025-11-30T04:04:20","guid":{"rendered":"https:\/\/www.europesays.com\/fr\/568048\/"},"modified":"2025-11-30T04:04:20","modified_gmt":"2025-11-30T04:04:20","slug":"une-alerte-a-la-bombe-declenchee-a-france-televisions-les-locaux-du-siege-parisien-evacues","status":"publish","type":"post","link":"https:\/\/www.europesays.com\/fr\/568048\/","title":{"rendered":"Une alerte \u00e0 la bombe d\u00e9clench\u00e9e \u00e0 France T\u00e9l\u00e9visions, les locaux du si\u00e8ge parisien \u00e9vacu\u00e9s"},"content":{"rendered":"<p class=\"article-p mdl\">Les programmes de France T\u00e9l\u00e9visions ont \u00e9t\u00e9 interrompus en plein direct dans l&rsquo;apr\u00e8s-midi de ce samedi 29 novembre apr\u00e8s une alerte \u00e0 la bombe. \u00ab\u00a0On va \u00eatre oblig\u00e9 d&rsquo;interrompre notre antenne en raison d&rsquo;une alerte \u00e0 la bombe\u00a0\u00bb, ont dit les pr\u00e9sentateurs vers 17h30, alors que l&rsquo;alarme incendie venait de se d\u00e9clencher. Les locaux ont \u00e9t\u00e9 \u00e9vacu\u00e9s.<\/p>\n<p class=\"article-p mdl\">D&rsquo;apr\u00e8s\u00a0<a class=\"link\" href=\"https:\/\/www.franceinfo.fr\/en-direct\/\" target=\"_blank\" rel=\"noopener\">Franceinfo<\/a>, ce sont les services de l&rsquo;\u00c9tat qui ont pr\u00e9venu de cette alerte. \u00ab\u00a0La police et une \u00e9quipe cynophile sont actuellement sur place pour une lev\u00e9e de doute\u00a0\u00bb, est-il pr\u00e9cis\u00e9. \u00ab\u00a0Aux alentours de 17h00, un signalement a \u00e9t\u00e9 effectu\u00e9 concernant un engin explosif au si\u00e8ge de la chaine France T\u00e9l\u00e9visions. Par mesure de s\u00e9curit\u00e9, le responsable du m\u00e9dia a souhait\u00e9 l\u2019\u00e9vacuation du site\u00a0\u00bb, a de son c\u00f4t\u00e9 indiqu\u00e9 une source polici\u00e8re \u00e0 l&rsquo;AFP.<\/p>\n<p class=\"article-p mdl\">L&rsquo;\u00e9vacuation a eu lieu peu apr\u00e8s 17h30 et aux alentours de 19h00, la lev\u00e9e de doute \u00e9tait termin\u00e9e, d&rsquo;apr\u00e8s une porte-parole du groupe. Les \u00e9quipes ont alors pu r\u00e9int\u00e9grer le b\u00e2timent.<\/p>\n<p class=\"article-p mdl\">Il y a deux semaines,\u00a0<a class=\"link\" href=\"https:\/\/www.rtl.fr\/actu\/justice-faits-divers\/message-menacant-alerte-a-la-bombe-pourquoi-bfm-et-rmc-ont-ete-evacues-7900566842\" target=\"_blank\" rel=\"noopener\">le si\u00e8ge de BFMTV avait aussi d\u00fb \u00e9vacuer ses locaux<\/a>\u00a0pour la m\u00eame raison. Le 15 novembre dernier, l&rsquo;ensemble des employ\u00e9s de BFM et de RMC avaient d\u00fb quitter leurs bureaux pendant plus de deux heures. Une d\u00e9cision prise \u00ab\u00a0apr\u00e8s la r\u00e9ception par la police parisienne d&rsquo;un message mena\u00e7ant dans lequel un individu anonyme affirme avoir d\u00e9pos\u00e9 des engins explosifs dans les locaux et menac\u00e9 de faire sauter le b\u00e2timent\u00a0\u00bb.<\/p>\n<p class=\"s-newsletter__title\">\n                L\u2019actualit\u00e9 par la r\u00e9daction de RTL dans votre bo\u00eete mail.\n            <\/p>\n<p class=\"s-newsletter__subtitle\">\n                Gr\u00e2ce \u00e0 votre compte RTL abonnez-vous \u00e0 la newsletter RTL info pour suivre toute l&rsquo;actualit\u00e9 au quotidien\n            <\/p>\n<p>\n                                    Lire la suite\n                                <\/p>\n","protected":false},"excerpt":{"rendered":"Les programmes de France T\u00e9l\u00e9visions ont \u00e9t\u00e9 interrompus en plein direct dans l&rsquo;apr\u00e8s-midi de ce samedi 29 novembre&hellip;\n","protected":false},"author":2,"featured_media":568049,"comment_status":"","ping_status":"","sticky":false,"template":"","format":"standard","meta":{"footnotes":""},"categories":[2],"tags":[11,10489,118,107,1011,27,2400,12,25],"class_list":{"0":"post-568048","1":"post","2":"type-post","3":"status-publish","4":"format-standard","5":"has-post-thumbnail","7":"category-actualites","8":"tag-actualites","9":"tag-bombe","10":"tag-faits-divers","11":"tag-fil-info","12":"tag-fr","13":"tag-france","14":"tag-france-televisions","15":"tag-news","16":"tag-republique-francaise"},"share_on_mastodon":{"url":"https:\/\/pubeurope.com\/@fr\/115636670640881065","error":""},"_links":{"self":[{"href":"https:\/\/www.europesays.com\/fr\/wp-json\/wp\/v2\/posts\/568048","targetHints":{"allow":["GET"]}}],"collection":[{"href":"https:\/\/www.europesays.com\/fr\/wp-json\/wp\/v2\/posts"}],"about":[{"href":"https:\/\/www.europesays.com\/fr\/wp-json\/wp\/v2\/types\/post"}],"author":[{"embeddable":true,"href":"https:\/\/www.europesays.com\/fr\/wp-json\/wp\/v2\/users\/2"}],"replies":[{"embeddable":true,"href":"https:\/\/www.europesays.com\/fr\/wp-json\/wp\/v2\/comments?post=568048"}],"version-history":[{"count":0,"href":"https:\/\/www.europesays.com\/fr\/wp-json\/wp\/v2\/posts\/568048\/revisions"}],"wp:featuredmedia":[{"embeddable":true,"href":"https:\/\/www.europesays.com\/fr\/wp-json\/wp\/v2\/media\/568049"}],"wp:attachment":[{"href":"https:\/\/www.europesays.com\/fr\/wp-json\/wp\/v2\/media?parent=568048"}],"wp:term":[{"taxonomy":"category","embeddable":true,"href":"https:\/\/www.europesays.com\/fr\/wp-json\/wp\/v2\/categories?post=568048"},{"taxonomy":"post_tag","embeddable":true,"href":"https:\/\/www.europesays.com\/fr\/wp-json\/wp\/v2\/tags?post=568048"}],"curies":[{"name":"wp","href":"https:\/\/api.w.org\/{rel}","templated":true}]}}