{"id":568060,"date":"2025-11-30T04:16:13","date_gmt":"2025-11-30T04:16:13","guid":{"rendered":"https:\/\/www.europesays.com\/fr\/568060\/"},"modified":"2025-11-30T04:16:13","modified_gmt":"2025-11-30T04:16:13","slug":"miss-france-2026-quelles-sont-les-miss-les-plus-suivies-sur-instagram-le-top-3-va-vous-surprendre","status":"publish","type":"post","link":"https:\/\/www.europesays.com\/fr\/568060\/","title":{"rendered":"Miss France 2026 : quelles sont les Miss les plus suivies sur Instagram ? Le top 3 va vous surprendre"},"content":{"rendered":"<p>La nouvelle Miss France va-t-elle conna\u00eetre le m\u00eame insucc\u00e8s qu&rsquo;Ang\u00e9lique Angarni-Filopon ? <strong>La Miss France la plus \u00e2g\u00e9e de l&rsquo;histoire de l&rsquo;\u00e9lection<\/strong> a connu une ann\u00e9e difficile. <a href=\"https:\/\/vsd.fr\/90773-miss-france-2026-angelique-angarni-filopon-est-reapparue-apres-les-terribles-revelations-dun-quotidien\/\" target=\"_blank\" rel=\"noopener\">Menac\u00e9e de mort<\/a> quelques semaines apr\u00e8s avoir remport\u00e9 le concours, la trentenaire s&rsquo;est mise en retrait. Pendant des mois, elle a refus\u00e9 les interviews, et r\u00e9duit ses sorties officielles. R\u00e9v\u00e9lant aupr\u00e8s de T\u00e9l\u00e9-Loisirs ce samedi avoir pens\u00e9 \u00e0 d\u00e9missionner, <strong>elle a finalement accept\u00e9 de continuer<\/strong>, mais sans plus s&rsquo;exposer&#8230;<\/p>\n<p>\u00catre une Miss France ouvre des portes \u00e9videntes, et donne acc\u00e8s <strong>\u00e0 une visibilit\u00e9 et une notori\u00e9t\u00e9 sans pareil<\/strong>. Les Miss le savent mieux que personne. Mais lesquelles sont les plus suivies sur Instagram ? <strong>Public.fr a fait le calcul<\/strong>. Et si la Miss la plus suivie n&rsquo;est pas tellement une surprise, la suite peut surprendre. Ang\u00e9lique Angarni-Filopon, derni\u00e8re r\u00e9cipiendaire par exemple, n&rsquo;est que 19e !<\/p>\n<p>Iris Mittenaere brille, Elodie Gossuin n&rsquo;est pas en reste<\/p>\n<p>En effet, sans surprise, <strong>Iris Mittenaere<\/strong> \u00e9crase la concurrence. Avec 3,49 millions d&rsquo;abonn\u00e9s, elle devance toutes ses camarades. Seules trois autres Miss sont millionnaires : on retrouve <strong>Camille Cerf<\/strong> en seconde position avec 1,22 million de followers, puis respectivement 1,10 million et 1,09 million pour <strong>Marine Lorphelin<\/strong> et <strong>Laury Thilleman<\/strong>.<\/p>\n<p>En cinqui\u00e8me position, c&rsquo;est une belle surprise : <strong>Elodie Gossuin<\/strong>. Avec 729 000 abonn\u00e9s, la m\u00e8re de famille est rest\u00e9e une valeur s\u00fbre du monde des Miss France. <a href=\"https:\/\/www.public.fr\/elodie-gossuin-prend-position-sa-grande-favorite-a-miss-france-devoilee\" target=\"_blank\" rel=\"noopener\">Sacr\u00e9e il y a d\u00e9j\u00e0 25 ans<\/a>, elle reste un nom inoubliable. Elle est suivie par <strong>Amandine Petit<\/strong>, qui bien que discr\u00e8te, cumule 668 000 abonn\u00e9s. <strong>Delphine Wespiser<\/strong>, tr\u00e8s pr\u00e9sente en t\u00e9l\u00e9vision depuis quelques ann\u00e9es, est septi\u00e8me avec 644 000 abonn\u00e9s. Elle est suivie de pr\u00e8s par <strong>Flora Coquerel<\/strong> et ses 605 000 abonn\u00e9s.<\/p>\n<p>Deux autres Miss sont aussi au-dessus du demi-million d&rsquo;abonn\u00e9s. On retrouve ainsi <strong>Diane Leyre<\/strong> en neuvi\u00e8me position avec 548 000 abonn\u00e9s, et <strong>Vaimalama Chaves<\/strong> cl\u00f4ture le top 10 avec 530 000 abonn\u00e9s. <strong>Sylvie Tellier<\/strong>, <a href=\"https:\/\/www.public.fr\/le-monsieur-est-fou-sylvie-tellier-charge-le-directeur-de-miss-univers-apres-ses-propos-polemiques-sur-miss-cote-divoire\" target=\"_blank\" rel=\"noopener\">ancienne papesse des Miss<\/a>, \u00e9lue il y a d\u00e9j\u00e0 23 ans, la suit de pr\u00e8s, avec 487 000 suiveurs.<\/p>\n<p>Ang\u00e9lique est tr\u00e8s loin derri\u00e8re les autres Miss<\/p>\n<p><strong>Ang\u00e9lique Angarni-Filopon est loin derri\u00e8re<\/strong>&#8230; La trentenaire n&rsquo;est que 19e, avec 328 000 abonn\u00e9s. Elle est ainsi devanc\u00e9e par la totalit\u00e9 des derni\u00e8res Miss France, et m\u00eame des plus anciennes. On retrouve devant elle <strong>Alicia Aylies<\/strong> (429 000 abonn\u00e9s), <strong>Eve Gilles<\/strong> (419 000 abonn\u00e9s), <strong>Indira Ampiot<\/strong> (405 000 abonn\u00e9s), <strong>Cl\u00e9mence Botino<\/strong> (389 000 abonn\u00e9s), <strong>Ma\u00ebva Coucke<\/strong> (386 000 abonn\u00e9s), <strong>Malika M\u00e9nard<\/strong> (384 000 abonn\u00e9s) et <strong>Rachel Legrain-Trapani<\/strong> (358 000 abonn\u00e9s). <strong>Alexandra Rosenfeld<\/strong>, fort de 307 000 abonn\u00e9s, cl\u00f4ture honorablement le top 20.<\/p>\n<p>Quatre autres Miss, plus anciennes, ont elles aussi plus de 100 000 abonn\u00e9s. C&rsquo;est le cas de <strong>Linda Hardy<\/strong> (179 000 abonn\u00e9s), <strong>Nathalie Marquay-Pernaut<\/strong> (175 000 abonn\u00e9s), <strong>Sonia Rolland<\/strong> (167 000 abonn\u00e9s) et <strong>Mareva Galanter<\/strong> (115 000 abonn\u00e9s). Bien que tr\u00e8s pr\u00e9sente en t\u00e9l\u00e9vision, et notamment sur le service public, <strong>Val\u00e9rie B\u00e8gue <\/strong>ne cumule que 97 000 abonn\u00e9s. <strong>Cindy Fabre<\/strong>, patronne des Miss jusqu&rsquo;en janvier dernier, est \u00e0 89 000 abonn\u00e9s. <strong>Chlo\u00e9 Mortaud<\/strong>, Miss France 2009, est quelque peu oubli\u00e9e, avec seulement 59 000 abonn\u00e9s. Enfin, <strong>Sophie Thalmann<\/strong> est tr\u00e8s loin derri\u00e8re, suivie par seulement 19 000 personnes.<\/p>\n<p>\n          Hits &amp; People en continu\n        <\/p>\n<p>\n          Public Radio\n        <\/p>\n<p>      Mentionn\u00e9s dans cet article<\/p>\n<p>      Sur le m\u00eame sujet<\/p>\n","protected":false},"excerpt":{"rendered":"La nouvelle Miss France va-t-elle conna\u00eetre le m\u00eame insucc\u00e8s qu&rsquo;Ang\u00e9lique Angarni-Filopon ? La Miss France la plus \u00e2g\u00e9e&hellip;\n","protected":false},"author":2,"featured_media":568061,"comment_status":"","ping_status":"","sticky":false,"template":"","format":"standard","meta":{"footnotes":""},"categories":[1359],"tags":[13558,68335,62098,43364,17055,12359,26831,33841,34820,58,16861,59,62973,56936,1011,27,68336,7308,35154,60292,68337,14525,43695,40459,3034,3351,973,26191,2391,35787,17035,35334],"class_list":{"0":"post-568060","1":"post","2":"type-post","3":"status-publish","4":"format-standard","5":"has-post-thumbnail","7":"category-people","8":"tag-alexandra-rosenfeld","9":"tag-alicia-aylies","10":"tag-amandine-petit","11":"tag-angelique-angarni-filopon","12":"tag-camille-cerf","13":"tag-chloe-mortaud","14":"tag-clemence-botino","15":"tag-delphine-wespiser","16":"tag-diane-leyre","17":"tag-divertissement","18":"tag-elodie-gossuin","19":"tag-entertainment","20":"tag-eve-gilles","21":"tag-flora-coquerel","22":"tag-fr","23":"tag-france","24":"tag-indira-ampiot","25":"tag-iris-mittenaere","26":"tag-laury-thilleman","27":"tag-linda-hardy","28":"tag-maeva-coucke","29":"tag-malika-menard","30":"tag-mareva-galanter","31":"tag-marine-lorphelin","32":"tag-miss-france","33":"tag-nathalie-marquay","34":"tag-people","35":"tag-rachel-legrain-trapani","36":"tag-sonia-rolland","37":"tag-sylvie-tellier","38":"tag-vaimalama-chaves","39":"tag-valerie-begue"},"share_on_mastodon":{"url":"","error":"Validation failed: Text character limit of 500 exceeded"},"_links":{"self":[{"href":"https:\/\/www.europesays.com\/fr\/wp-json\/wp\/v2\/posts\/568060","targetHints":{"allow":["GET"]}}],"collection":[{"href":"https:\/\/www.europesays.com\/fr\/wp-json\/wp\/v2\/posts"}],"about":[{"href":"https:\/\/www.europesays.com\/fr\/wp-json\/wp\/v2\/types\/post"}],"author":[{"embeddable":true,"href":"https:\/\/www.europesays.com\/fr\/wp-json\/wp\/v2\/users\/2"}],"replies":[{"embeddable":true,"href":"https:\/\/www.europesays.com\/fr\/wp-json\/wp\/v2\/comments?post=568060"}],"version-history":[{"count":0,"href":"https:\/\/www.europesays.com\/fr\/wp-json\/wp\/v2\/posts\/568060\/revisions"}],"wp:featuredmedia":[{"embeddable":true,"href":"https:\/\/www.europesays.com\/fr\/wp-json\/wp\/v2\/media\/568061"}],"wp:attachment":[{"href":"https:\/\/www.europesays.com\/fr\/wp-json\/wp\/v2\/media?parent=568060"}],"wp:term":[{"taxonomy":"category","embeddable":true,"href":"https:\/\/www.europesays.com\/fr\/wp-json\/wp\/v2\/categories?post=568060"},{"taxonomy":"post_tag","embeddable":true,"href":"https:\/\/www.europesays.com\/fr\/wp-json\/wp\/v2\/tags?post=568060"}],"curies":[{"name":"wp","href":"https:\/\/api.w.org\/{rel}","templated":true}]}}