{"id":568062,"date":"2025-11-30T04:17:11","date_gmt":"2025-11-30T04:17:11","guid":{"rendered":"https:\/\/www.europesays.com\/fr\/568062\/"},"modified":"2025-11-30T04:17:11","modified_gmt":"2025-11-30T04:17:11","slug":"votre-salon-est-encore-tout-beige-voici-les-14-tendances-deco-qui-vont-bousculer-nos-interieurs-en-2026-et-comment-les-adopter-chez-vous","status":"publish","type":"post","link":"https:\/\/www.europesays.com\/fr\/568062\/","title":{"rendered":"Votre salon est encore tout beige ? Voici les 14 tendances d\u00e9co qui vont bousculer nos int\u00e9rieurs en 2026 (et comment les adopter chez vous)"},"content":{"rendered":"<p>Finis les salons fig\u00e9s comme des showrooms, calibr\u00e9s pour<br \/>\nInstagram. 2026 s\u2019annonce comme l\u2019ann\u00e9e o\u00f9 l\u2019on assume enfin des<br \/>\nint\u00e9rieurs plus chaleureux, plus denses, presque racont\u00e9s, loin des<br \/>\ngris froids et du beige passe-partout qui ont satur\u00e9 les r\u00e9seaux<br \/>\nces derni\u00e8res ann\u00e9es.<\/p>\n<p>Des designers de tous horizons dessinent d\u00e9j\u00e0 les grandes<br \/>\n<strong>tendances design int\u00e9rieur 2026<\/strong> : couleurs<br \/>\ngourmandes, mat\u00e9riaux vibrants, lumi\u00e8res sculpturales et petites<br \/>\npi\u00e8ces \u201cmanifeste\u201d o\u00f9 l\u2019on ose tout. La promesse est claire, les<br \/>\nmaisons doivent r\u00e9conforter autant qu\u2019inspirer, quitte \u00e0 bousculer<br \/>\nquelques habitudes bien ancr\u00e9es. Et certaines id\u00e9es risquent de<br \/>\nsurprendre m\u00eame les plus prudents.<\/p>\n<p>14 tendances design int\u00e9rieur 2026 : couleurs, mati\u00e8res et<br \/>\nlumi\u00e8res qui r\u00e9chauffent la maison<\/p>\n<p>Premier virage fort des <strong>tendances d\u00e9co 2026<\/strong> :<br \/>\nla couleur se r\u00e9chauffe franchement. Les designers annoncent la fin<br \/>\ndes gris froids omnipr\u00e9sents au profit de palettes brunes et<br \/>\nterreuses, faites de terracotta profonde, verts mousse, bruns<br \/>\nchocolat, rouges vin et ocres dor\u00e9s. Ces teintes plus enveloppantes<br \/>\ndonnent du relief aux pi\u00e8ces tout en restant assez classiques pour<br \/>\ntraverser les ann\u00e9es sans lasser.<\/p>\n<p>Autre signe fort, les mat\u00e9riaux prennent le pouvoir : pierres<br \/>\ntr\u00e8s vein\u00e9es, bois textur\u00e9, verre travaill\u00e9, tissus \u00e9pais. Marbre<br \/>\ncolor\u00e9 sur les plans de travail, travertin ou quartzite en tables<br \/>\nbasses, cr\u00e9dence expressive dans la cuisine, tout sert de support<br \/>\naux couleurs profondes. Autour de ce socle couleurs-mati\u00e8res se<br \/>\nd\u00e9clinent quatorze courants qui structurent d\u00e9j\u00e0 2026 :<\/p>\n<ul>\n<li>Palette brune gourmande<\/li>\n<li>Pierres et marbres spectaculaires<\/li>\n<li>Courbes et formes organiques<\/li>\n<li>Sols et plafonds expressifs<\/li>\n<li>Mini retraites bien-\u00eatre<\/li>\n<li>Romantisme Regency et Rococo<\/li>\n<li>Verres d\u00e9coratifs et vitraux<\/li>\n<li>Luxe lived-in assum\u00e9<\/li>\n<li>\u00c9clairage sculptural tactile<\/li>\n<li>Pattern drenching audacieux<\/li>\n<li>Chrome et m\u00e9taux polis<\/li>\n<li>Open space en petits moments<\/li>\n<li>Cuisines douces fa\u00e7on salon<\/li>\n<li>Confidence zones tr\u00e8s audacieuses<\/li>\n<\/ul>\n<p>Comment adapter les tendances d\u00e9coration 2026 sans refaire tout<br \/>\nson interrieur<\/p>\n<p>Dans le salon ou la chambre, l\u2019id\u00e9e n\u2019est pas de tout changer,<br \/>\nmais de r\u00e9chauffer l\u2019ambiance avec quelques gestes cibl\u00e9s. Un mur<br \/>\nterracotta ou chocolat, un tapis graphique, des coussins \u00e0 fleurs<br \/>\nou \u00e0 rayures suffisent \u00e0 installer la tendance. Les formes suivent<br \/>\nle mouvement : canap\u00e9s courbes, fauteuils arrondis, t\u00eates de lit et<br \/>\nmiroirs en arche adoucissent les angles et fluidifient la<br \/>\ncirculation.<\/p>\n<p>C\u00f4t\u00e9 cuisine, la tendance \u00ab\u00a0soft kitchen\u00a0\u00bb adoucit l\u2019image du<br \/>\nlaboratoire ultra blanc au profit d\u2019un espace presque salon.<br \/>\nMat\u00e9riaux naturels rustiques, \u00e9clairage doux, rideaux ou stores en<br \/>\ntissu et tabourets tapiss\u00e9s rendent la pi\u00e8ce plus chaleureuse. Sans<br \/>\nchanger de meubles, on peut d\u00e9j\u00e0 mixer bois chaud, vaisselle<br \/>\ncontrast\u00e9e sur la table et petite <strong>applique murale<br \/>\nrechargeable<\/strong> \u00e0 8,95 \u20ac rep\u00e9r\u00e9e chez Action, lumi\u00e8re blanche<br \/>\nchaude r\u00e9glable sur six modes et recharge en USB-C, \u00e0 d\u00e9placer au<br \/>\ngr\u00e9 des envies.<\/p>\n<p>Formes courbes, \u00ab\u00a0confidence zones\u00a0\u00bb et<br \/>\nnature int\u00e9rieure : l\u2019esprit des maisons 2026<\/p>\n<p>En 2026, le grand open space laisse place \u00e0 des coins bien<br \/>\ndessin\u00e9s : alc\u00f4ve lecture, petit bureau, vestibule color\u00e9 ou<br \/>\ntoilettes invit\u00e9s devenus v\u00e9ritable \u00ab\u00a0confidence zone\u00a0\u00bb. Color<br \/>\ndrenching et pattern drenching y servent de terrain de jeu, avec<br \/>\nplafonds peints, sols graphiques et vitrages color\u00e9s fa\u00e7on vitrail<br \/>\npour donner du relief sans bouger les cloisons.<\/p>\n<p>Dans ces micro-espaces comme dans les grandes pi\u00e8ces, la lumi\u00e8re<br \/>\ndevient un vrai outil de mise en sc\u00e8ne. \u00ab\u00a0En 2026, l\u2019\u00e9clairage sera<br \/>\nplus doux et plus ludique, avec des lampes de table, appliques et<br \/>\nluminaires sculpturaux qui projettent des nappes de chaleur plut\u00f4t<br \/>\nqu\u2019une luminosit\u00e9 uniforme. Ce sont ces petits d\u00e9calages de lumi\u00e8re<br \/>\net d\u2019ombre qui rendent un espace accueillant et int\u00e9ressant\u00a0\u00bb,<br \/>\nd\u00e9crit la designer Franky Rousell, cit\u00e9e par Homes and Gardens. Le<br \/>\nbien-\u00eatre suit la m\u00eame logique, avec des recoins d\u00e9di\u00e9s \u00e0 la<br \/>\nd\u00e9tente ou au sport \u00e0 domicile et, pour une version plus simple, un<br \/>\ncoin m\u00e9ditation agr\u00e9ment\u00e9 de quelques <strong>plantes de<br \/>\nl\u00a0\u00bbair<\/strong> suspendues : ces tillandsias sans terre \u00e0 brumiser<br \/>\ntoutes les deux \u00e0 trois semaines cr\u00e9ent une vraie jungle a\u00e9rienne<br \/>\ntr\u00e8s 2026.<\/p>\n","protected":false},"excerpt":{"rendered":"Finis les salons fig\u00e9s comme des showrooms, calibr\u00e9s pour Instagram. 2026 s\u2019annonce comme l\u2019ann\u00e9e o\u00f9 l\u2019on assume enfin&hellip;\n","protected":false},"author":2,"featured_media":568063,"comment_status":"","ping_status":"","sticky":false,"template":"","format":"standard","meta":{"footnotes":""},"categories":[1358],"tags":[5659,5734,18731,1348,1384,1385,68338,68339,3530,20,8117,1386,58,3026,1440,59,932,12219,1011,27,68340,151,852,3583,6290,18830,3585,6013,3974,15161,4568],"class_list":{"0":"post-568062","1":"post","2":"type-post","3":"status-publish","4":"format-standard","5":"has-post-thumbnail","7":"category-arts-et-design","8":"tag-5659","9":"tag-5734","10":"tag-adopter","11":"tag-arts","12":"tag-arts-and-design","13":"tag-arts-et-design","14":"tag-beige","15":"tag-bousculer","16":"tag-chez","17":"tag-comment","18":"tag-deco","19":"tag-design","20":"tag-divertissement","21":"tag-en","22":"tag-encore","23":"tag-entertainment","24":"tag-est","25":"tag-et","26":"tag-fr","27":"tag-france","28":"tag-interieurs","29":"tag-les","30":"tag-nos","31":"tag-qui","32":"tag-salon","33":"tag-tendances","34":"tag-tout","35":"tag-voici","36":"tag-vont","37":"tag-votre","38":"tag-vous"},"share_on_mastodon":{"url":"https:\/\/pubeurope.com\/@fr\/115636721818738603","error":""},"_links":{"self":[{"href":"https:\/\/www.europesays.com\/fr\/wp-json\/wp\/v2\/posts\/568062","targetHints":{"allow":["GET"]}}],"collection":[{"href":"https:\/\/www.europesays.com\/fr\/wp-json\/wp\/v2\/posts"}],"about":[{"href":"https:\/\/www.europesays.com\/fr\/wp-json\/wp\/v2\/types\/post"}],"author":[{"embeddable":true,"href":"https:\/\/www.europesays.com\/fr\/wp-json\/wp\/v2\/users\/2"}],"replies":[{"embeddable":true,"href":"https:\/\/www.europesays.com\/fr\/wp-json\/wp\/v2\/comments?post=568062"}],"version-history":[{"count":0,"href":"https:\/\/www.europesays.com\/fr\/wp-json\/wp\/v2\/posts\/568062\/revisions"}],"wp:featuredmedia":[{"embeddable":true,"href":"https:\/\/www.europesays.com\/fr\/wp-json\/wp\/v2\/media\/568063"}],"wp:attachment":[{"href":"https:\/\/www.europesays.com\/fr\/wp-json\/wp\/v2\/media?parent=568062"}],"wp:term":[{"taxonomy":"category","embeddable":true,"href":"https:\/\/www.europesays.com\/fr\/wp-json\/wp\/v2\/categories?post=568062"},{"taxonomy":"post_tag","embeddable":true,"href":"https:\/\/www.europesays.com\/fr\/wp-json\/wp\/v2\/tags?post=568062"}],"curies":[{"name":"wp","href":"https:\/\/api.w.org\/{rel}","templated":true}]}}