{"id":568064,"date":"2025-11-30T04:19:16","date_gmt":"2025-11-30T04:19:16","guid":{"rendered":"https:\/\/www.europesays.com\/fr\/568064\/"},"modified":"2025-11-30T04:19:16","modified_gmt":"2025-11-30T04:19:16","slug":"emission-du-samedi-29-novembre-2025-en-replay-quelle-epoque","status":"publish","type":"post","link":"https:\/\/www.europesays.com\/fr\/568064\/","title":{"rendered":"\u00c9mission du samedi 29 novembre 2025 en replay &#8211; Quelle \u00e9poque !"},"content":{"rendered":"<p class=\"kPgwkc gYsEFt\">L\u00e9a Salam\u00e9 re\u00e7oit\u00a0Artus, Jean-Louis Aubert, Matthias Lambert, Justine L\u00e9vy, Beno\u00eet Saint-Denis et Antoine Izambard &amp; Pierre Gastineau.<\/p>\n<p class=\"kPgwkc gYsEFt\">Au programme :<\/p>\n<p class=\"kPgwkc gYsEFt\">&#8211; Artus pr\u00e9sente son One Man Show les 27 et 28 mars \u00e0 la D\u00e9fense Arena. <br \/>&#8211; Jean-Louis Aubert propose \u00ab\u00a050 ans avec vous\u00a0\u00bb le 13 d\u00e9cembre \u00e0 la D\u00e9fense Arena. <br \/>&#8211; Matthias Lambert, atteint d\u2019une myopathie rare, a identifi\u00e9 lui-m\u00eame le g\u00e8ne responsable de sa maladie et est devenu chercheur \u00e0 Harvard. Il publie \u00ab\u00a0Le Combat d\u2019une vie\u00a0\u00bb et raconte son parcours inspirant, de patient \u00e0 scientifique.<br \/>&#8211; Justine L\u00e9vy publie \u00ab\u00a0Une dr\u00f4le de peine\u00a0\u00bb, roman intime sur sa m\u00e8re, ancienne mannequin fragile et toxico.<br \/>&#8211; Beno\u00eet Saint-Denis, nouvelle star fran\u00e7aise du MMA, a int\u00e9gr\u00e9 le top 10 mondial UFC (-70 kg) en seulement 16 secondes. <br \/>&#8211; Antoine Izambard &amp; Pierre Gastineau pr\u00e9sentent \u00ab\u00a0Les Espions du Pr\u00e9sident\u00a0\u00bb, enqu\u00eate sur la mani\u00e8re dont Emmanuel Macron a fa\u00e7onn\u00e9 son emprise sur les services secrets fran\u00e7ais.<\/p>\n","protected":false},"excerpt":{"rendered":"L\u00e9a Salam\u00e9 re\u00e7oit\u00a0Artus, Jean-Louis Aubert, Matthias Lambert, Justine L\u00e9vy, Beno\u00eet Saint-Denis et Antoine Izambard &amp; Pierre Gastineau. Au&hellip;\n","protected":false},"author":2,"featured_media":568065,"comment_status":"","ping_status":"","sticky":false,"template":"","format":"standard","meta":{"footnotes":""},"categories":[1356],"tags":[58,59,1011,27,252,1364],"class_list":{"0":"post-568064","1":"post","2":"type-post","3":"status-publish","4":"format-standard","5":"has-post-thumbnail","7":"category-television","8":"tag-divertissement","9":"tag-entertainment","10":"tag-fr","11":"tag-france","12":"tag-television","13":"tag-tv"},"share_on_mastodon":{"url":"https:\/\/pubeurope.com\/@fr\/115636729510606687","error":""},"_links":{"self":[{"href":"https:\/\/www.europesays.com\/fr\/wp-json\/wp\/v2\/posts\/568064","targetHints":{"allow":["GET"]}}],"collection":[{"href":"https:\/\/www.europesays.com\/fr\/wp-json\/wp\/v2\/posts"}],"about":[{"href":"https:\/\/www.europesays.com\/fr\/wp-json\/wp\/v2\/types\/post"}],"author":[{"embeddable":true,"href":"https:\/\/www.europesays.com\/fr\/wp-json\/wp\/v2\/users\/2"}],"replies":[{"embeddable":true,"href":"https:\/\/www.europesays.com\/fr\/wp-json\/wp\/v2\/comments?post=568064"}],"version-history":[{"count":0,"href":"https:\/\/www.europesays.com\/fr\/wp-json\/wp\/v2\/posts\/568064\/revisions"}],"wp:featuredmedia":[{"embeddable":true,"href":"https:\/\/www.europesays.com\/fr\/wp-json\/wp\/v2\/media\/568065"}],"wp:attachment":[{"href":"https:\/\/www.europesays.com\/fr\/wp-json\/wp\/v2\/media?parent=568064"}],"wp:term":[{"taxonomy":"category","embeddable":true,"href":"https:\/\/www.europesays.com\/fr\/wp-json\/wp\/v2\/categories?post=568064"},{"taxonomy":"post_tag","embeddable":true,"href":"https:\/\/www.europesays.com\/fr\/wp-json\/wp\/v2\/tags?post=568064"}],"curies":[{"name":"wp","href":"https:\/\/api.w.org\/{rel}","templated":true}]}}