{"id":568066,"date":"2025-11-30T04:20:17","date_gmt":"2025-11-30T04:20:17","guid":{"rendered":"https:\/\/www.europesays.com\/fr\/568066\/"},"modified":"2025-11-30T04:20:17","modified_gmt":"2025-11-30T04:20:17","slug":"florent-pagny-fait-son-taratata-en-replay-taratata","status":"publish","type":"post","link":"https:\/\/www.europesays.com\/fr\/568066\/","title":{"rendered":"Florent Pagny fait son Taratata en replay &#8211; Taratata"},"content":{"rendered":"<p>Diffus\u00e9 le 29\/11\/2025 \u00e0 21h02 &#8211; Disponible jusqu&rsquo;au 06\/12\/2025<\/p>\n<p>Il y a plus de trente ans, en janvier 1993, Florent Pagny faisait partie de l&rsquo;aventure du tout premier \u00ab\u00a0Taratata\u00a0\u00bb. Depuis, sa voix, sa libert\u00e9 et sa force d&rsquo;interpr\u00e9tation ont accompagn\u00e9 l&rsquo;histoire de l&rsquo;\u00e9mission. A La Seine Musicale, Nagui laisse carte blanche \u00e0 Florent Pagny. Entour\u00e9 de ses musiciens et de ses amis artistes, il offre une parenth\u00e8se exceptionnelle, \u00e0 la fois intime, g\u00e9n\u00e9reux et charg\u00e9 d&rsquo;\u00e9motion. Ce concert in\u00e9dit c\u00e9l\u00e8bre la sortie de son nouvel album, \u00ab\u00a0Grandeur Nature\u00a0\u00bb, un disque personnel, lumineux, o\u00f9 le chanteur \u00e9voque le courage, la r\u00e9silience et l&rsquo;espoir. Fid\u00e8le \u00e0 l&rsquo;esprit de l&rsquo;\u00e9mission, ce prime est aussi ponctu\u00e9 d&rsquo;improvisations autour du piano d&rsquo;Alain Lanty et d&rsquo;\u00e9changes avec Nagui pour des moments sinc\u00e8res et intimes.<\/p>\n","protected":false},"excerpt":{"rendered":"Diffus\u00e9 le 29\/11\/2025 \u00e0 21h02 &#8211; Disponible jusqu&rsquo;au 06\/12\/2025 Il y a plus de trente ans, en janvier&hellip;\n","protected":false},"author":2,"featured_media":568067,"comment_status":"","ping_status":"","sticky":false,"template":"","format":"standard","meta":{"footnotes":""},"categories":[1355],"tags":[58,59,1011,27,1361,873],"class_list":{"0":"post-568066","1":"post","2":"type-post","3":"status-publish","4":"format-standard","5":"has-post-thumbnail","7":"category-musique","8":"tag-divertissement","9":"tag-entertainment","10":"tag-fr","11":"tag-france","12":"tag-music","13":"tag-musique"},"share_on_mastodon":{"url":"https:\/\/pubeurope.com\/@fr\/115636733767293349","error":""},"_links":{"self":[{"href":"https:\/\/www.europesays.com\/fr\/wp-json\/wp\/v2\/posts\/568066","targetHints":{"allow":["GET"]}}],"collection":[{"href":"https:\/\/www.europesays.com\/fr\/wp-json\/wp\/v2\/posts"}],"about":[{"href":"https:\/\/www.europesays.com\/fr\/wp-json\/wp\/v2\/types\/post"}],"author":[{"embeddable":true,"href":"https:\/\/www.europesays.com\/fr\/wp-json\/wp\/v2\/users\/2"}],"replies":[{"embeddable":true,"href":"https:\/\/www.europesays.com\/fr\/wp-json\/wp\/v2\/comments?post=568066"}],"version-history":[{"count":0,"href":"https:\/\/www.europesays.com\/fr\/wp-json\/wp\/v2\/posts\/568066\/revisions"}],"wp:featuredmedia":[{"embeddable":true,"href":"https:\/\/www.europesays.com\/fr\/wp-json\/wp\/v2\/media\/568067"}],"wp:attachment":[{"href":"https:\/\/www.europesays.com\/fr\/wp-json\/wp\/v2\/media?parent=568066"}],"wp:term":[{"taxonomy":"category","embeddable":true,"href":"https:\/\/www.europesays.com\/fr\/wp-json\/wp\/v2\/categories?post=568066"},{"taxonomy":"post_tag","embeddable":true,"href":"https:\/\/www.europesays.com\/fr\/wp-json\/wp\/v2\/tags?post=568066"}],"curies":[{"name":"wp","href":"https:\/\/api.w.org\/{rel}","templated":true}]}}