{"id":568070,"date":"2025-11-30T04:22:17","date_gmt":"2025-11-30T04:22:17","guid":{"rendered":"https:\/\/www.europesays.com\/fr\/568070\/"},"modified":"2025-11-30T04:22:17","modified_gmt":"2025-11-30T04:22:17","slug":"le-vaccin-contre-la-grippe-au-bord-de-la-rupture-de-stock-le-gouvernement-debloque-des-doses-supplementaires","status":"publish","type":"post","link":"https:\/\/www.europesays.com\/fr\/568070\/","title":{"rendered":"Le vaccin contre la grippe au bord de la rupture de stock, le gouvernement d\u00e9bloque des doses suppl\u00e9mentaires"},"content":{"rendered":"<p>        <img decoding=\"async\" loading=\"lazy\" src=\"https:\/\/www.europesays.com\/fr\/wp-content\/uploads\/2025\/11\/c7fd046_1669726413745-gettyimages-1344723070.jpg\"  width=\"728\" height=\"409\" alt=\"Les doses de vaccins contre la grippe sont au bord de la rupture de stock en France. (photo d\u2019illustration)\"\/>  <\/p>\n<p>Maskot \/ Getty Images<\/p>\n<p>Les doses de vaccins contre la grippe sont au bord de la rupture de stock en France. (photo d\u2019illustration)<\/p>\n<p>      <strong>EN BREF<\/strong> <strong>\u2022 <\/strong>La campagne de vaccination contre la grippe en France conna\u00eet un succ\u00e8s avec 9,5\u00a0millions de doses administr\u00e9es, soit une hausse de 16\u00a0% par rapport \u00e0 l\u2019ann\u00e9e pr\u00e9c\u00e9dente.<br \/><strong>\u2022 <\/strong>L\u2019USPO alerte sur un risque de p\u00e9nurie avec seulement 1,5\u00a0million de doses restantes.<br \/><strong>\u2022 <\/strong>Le gouvernement r\u00e9pond en annon\u00e7ant d\u00e9bloquer des doses via l\u2019usage d\u2019un stock de s\u00e9curit\u00e9 maintenu de c\u00f4t\u00e9 par les pouvoirs publics.                         <\/p>\n<p class=\"asset asset-text\">La campagne de vaccination contre la grippe victime de son succ\u00e8s\u00a0? Un mois et demi apr\u00e8s <a href=\"https:\/\/www.huffingtonpost.fr\/france\/article\/vaccin-anti-grippe-etes-vous-dans-les-19-millions-de-francais-pour-qui-la-vaccination-est-gratuite_255954.html\" target=\"_blank\" rel=\"noopener nofollow\" title=\"Nouvelle fen\u00eatre\">son lancement<\/a>, le 14\u00a0octobre, pr\u00e8s de neuf millions et demi de doses ont d\u00e9j\u00e0 \u00e9t\u00e9 inject\u00e9es, <a href=\"https:\/\/uspo.fr\/luspo-demande-la-mobilisation-de-vaccin-grippes-supplementaires\/\" target=\"_blank\" rel=\"noopener nofollow\" title=\"Nouvelle fen\u00eatre\">a annonc\u00e9 l\u2019Union des syndicats de pharmaciens d\u2019officine<\/a> (USPO) dans la semaine.<\/p>\n<p class=\"asset asset-text\">C\u2019est 1,3\u00a0million de doses de plus que l\u2019an pass\u00e9 \u00e0 la m\u00eame p\u00e9riode, soit une hausse de 16\u00a0%. Et il ne reste d\u00e9sormais en stock plus qu\u20191,5\u00a0million de doses. Si bien que l\u2019USPO alerte sur un risque de p\u00e9nurie.<\/p>\n<p class=\"asset asset-text\">Dans le m\u00eame temps, la disponibilit\u00e9 des vaccins chez les grossistes-r\u00e9partiteurs a chut\u00e9 de mani\u00e8re importante entre le 20\u00a0et le 27\u00a0novembre, pour atteindre seulement 41\u00a0% des agences pour Vaxigrip, 28\u00a0% pour Influvac et 41\u00a0% pour Flucelvax.<\/p>\n<p class=\"asset asset-text\">\u00ab\u00a0Beaucoup de gens plus jeunes, qui ont \u00e9t\u00e9 malades l\u2019an dernier, se sont (&#8230;) fait vacciner cette ann\u00e9e car ils ne veulent pas \u00eatre de nouveau alit\u00e9s pendant pr\u00e8s d\u2019une semaine\u00a0\u00bb, explique le pr\u00e9sident de l\u2019USPO, Pierre-Olivier Variot, <a href=\"https:\/\/www.franceinfo.fr\/sante\/maladie\/grippe\/les-doses-de-vaccins-contre-la-grippe-seront-bientot-epuisees-alerte-l-union-des-syndicats-de-pharmaciens-d-officine_7646225.html\" target=\"_blank\" rel=\"noopener nofollow\" title=\"Nouvelle fen\u00eatre\">\u00e0 franceinfo<\/a>. L\u2019an dernier, \u00ab\u00a0il y a peut-\u00eatre eu aussi un ras-le-bol de la vaccination avec le Covid\u00a0\u00bb, ajoute-t-il.<\/p>\n<p class=\"asset asset-text\">Le gouvernement ne restera pas sans agir. Il a annonc\u00e9 ce samedi 29\u00a0novembre qu\u2019il allait d\u00e9bloquer des doses suppl\u00e9mentaires, r\u00e9pondant \u00e0 une demande de l\u2019USPO. \u00ab\u00a0Pour accompagner la p\u00e9riode des f\u00eates et \u00e9viter toute tension, nous lib\u00e9rerons progressivement les doses suppl\u00e9mentaires d\u00e9j\u00e0 s\u00e9curis\u00e9es\u00a0\u00bb, a d\u00e9clar\u00e9 sur X la ministre de la Sant\u00e9 St\u00e9phanie Rist.<\/p>\n<p>    Stock de s\u00e9curit\u00e9    <\/p>\n<p class=\"asset asset-text\">L\u2019\u00c9tat va lib\u00e9rer les doses suppl\u00e9mentaires via l\u2019usage d\u2019un stock de s\u00e9curit\u00e9 maintenu de c\u00f4t\u00e9 par les pouvoirs publics. C\u2019est au sein de cette r\u00e9serve que St\u00e9phanie Rist a annonc\u00e9 la lib\u00e9ration de certaines doses.<\/p>\n<p class=\"asset asset-text\">Interrog\u00e9e par l\u2019AFP, l\u2019USPO a exprim\u00e9 une satisfaction prudente. La mesure fonctionnera \u00ab\u00a0si la lib\u00e9ration des doses se fait de fa\u00e7on fluide et efficiente\u00a0\u00bb, a d\u00e9clar\u00e9 Pierre-Olivier Variot. \u00ab\u00a0Pas genre\u00a0: \u201cje commande et j\u2019ai les doses 10 jours plus tard\u201d\u00a0\u00bb, a-t-il pr\u00e9venu, \u00e9voquant des exp\u00e9riences malheureuses avec la vaccination anti-Covid.<\/p>\n<p class=\"asset asset-text\">Selon un bilan de Sant\u00e9 publique France publi\u00e9 dans la semaine, la grippe saisonni\u00e8re a commenc\u00e9 \u00e0 s\u2019installer dans plusieurs r\u00e9gions de la m\u00e9tropole fran\u00e7aise.<\/p>\n<p class=\"asset asset-text\">La semaine du 16 au 23\u00a0novembre, \u00ab\u00a0l\u2019activit\u00e9 grippale augmentait dans toutes les classes d\u2019\u00e2ge dans l\u2019Hexagone, indiquant un d\u00e9marrage de la circulation des virus grippaux en population g\u00e9n\u00e9rale et particuli\u00e8rement chez les enfants\u00a0\u00bb, r\u00e9sume l\u2019agence de sant\u00e9 publique dans un bulletin suivant les principales \u00e9pid\u00e9mies hivernales.<\/p>\n<p class=\"asset asset-text\">L\u2019\u00e9pid\u00e9mie n\u2019est pour l\u2019heure d\u00e9clar\u00e9e dans aucune r\u00e9gion de m\u00e9tropole mais plusieurs sont dites en \u00ab\u00a0pr\u00e9-\u00e9pid\u00e9mie\u00a0\u00bb\u00a0: \u00cele-de-France, Normandie et Nouvelle-Aquitaine. Outre-mer, en revanche, Mayotte, d\u00e9j\u00e0 confront\u00e9e \u00e0 de nombreuses difficult\u00e9s sanitaires, passe en situation \u00e9pid\u00e9mique.<\/p>\n<p class=\"asset asset-text\">L\u2019\u00e9pid\u00e9mie de grippe saisonni\u00e8re avait \u00e9t\u00e9 particuli\u00e8rement s\u00e9v\u00e8re la saison derni\u00e8re avec plus de 17\u00a0000 d\u00e9c\u00e8s &#8211; contre une moyenne tournant autour de 10\u00a0000. Elle avait aussi \u00e9t\u00e9 exceptionnellement marqu\u00e9e chez les plus jeunes, envoyant de nombreux b\u00e9b\u00e9s \u00e0 l\u2019h\u00f4pital.<\/p>\n","protected":false},"excerpt":{"rendered":"Maskot \/ Getty Images Les doses de vaccins contre la grippe sont au bord de la rupture de&hellip;\n","protected":false},"author":2,"featured_media":568071,"comment_status":"","ping_status":"","sticky":false,"template":"","format":"standard","meta":{"footnotes":""},"categories":[10],"tags":[1011,27,29786,72,71,773],"class_list":{"0":"post-568070","1":"post","2":"type-post","3":"status-publish","4":"format-standard","5":"has-post-thumbnail","7":"category-sante","8":"tag-fr","9":"tag-france","10":"tag-grippe","11":"tag-health","12":"tag-sante","13":"tag-vaccin"},"share_on_mastodon":{"url":"https:\/\/pubeurope.com\/@fr\/115636741442736889","error":""},"_links":{"self":[{"href":"https:\/\/www.europesays.com\/fr\/wp-json\/wp\/v2\/posts\/568070","targetHints":{"allow":["GET"]}}],"collection":[{"href":"https:\/\/www.europesays.com\/fr\/wp-json\/wp\/v2\/posts"}],"about":[{"href":"https:\/\/www.europesays.com\/fr\/wp-json\/wp\/v2\/types\/post"}],"author":[{"embeddable":true,"href":"https:\/\/www.europesays.com\/fr\/wp-json\/wp\/v2\/users\/2"}],"replies":[{"embeddable":true,"href":"https:\/\/www.europesays.com\/fr\/wp-json\/wp\/v2\/comments?post=568070"}],"version-history":[{"count":0,"href":"https:\/\/www.europesays.com\/fr\/wp-json\/wp\/v2\/posts\/568070\/revisions"}],"wp:featuredmedia":[{"embeddable":true,"href":"https:\/\/www.europesays.com\/fr\/wp-json\/wp\/v2\/media\/568071"}],"wp:attachment":[{"href":"https:\/\/www.europesays.com\/fr\/wp-json\/wp\/v2\/media?parent=568070"}],"wp:term":[{"taxonomy":"category","embeddable":true,"href":"https:\/\/www.europesays.com\/fr\/wp-json\/wp\/v2\/categories?post=568070"},{"taxonomy":"post_tag","embeddable":true,"href":"https:\/\/www.europesays.com\/fr\/wp-json\/wp\/v2\/tags?post=568070"}],"curies":[{"name":"wp","href":"https:\/\/api.w.org\/{rel}","templated":true}]}}