{"id":568074,"date":"2025-11-30T04:24:12","date_gmt":"2025-11-30T04:24:12","guid":{"rendered":"https:\/\/www.europesays.com\/fr\/568074\/"},"modified":"2025-11-30T04:24:12","modified_gmt":"2025-11-30T04:24:12","slug":"matt-pokora-en-larmes-pour-rendre-hommage-a-ses-parents-dans-c-a-vous","status":"publish","type":"post","link":"https:\/\/www.europesays.com\/fr\/568074\/","title":{"rendered":"Matt Pokora en larmes pour rendre hommage \u00e0 ses parents dans \u00abC \u00e0 vous\u00bb"},"content":{"rendered":"<p>    Matt Pokora dans \u00abC \u00e0 vous\u00bb<br \/>\n                Capture \u00e9cran France 5<\/p>\n<p>\n    Le chanteur a tenu \u00e0 adresser un message \u00e0 son p\u00e8re et \u00e0 sa m\u00e8re, ceux qui \u00abl\u2019ont pr\u00e9serv\u00e9\u00bb son fr\u00e8re Julien et lui, dans le talk-show de France 5 anim\u00e9 par Mohamed Bouhafsi.<\/p>\n<p class=\"fig-paragraph\">\u00abC\u2019est dur de reprendre derri\u00e8re\u00bb, bafouille\u00a0<a href=\"http:\/\/tvmag.lefigaro.fr\/programme-tv\/actu-tele\/on-a-des-nouvelles-d-anne-elisabeth-gad-elmaleh-ironise-sur-la-promotion-de-mohamed-bouhafsi-dans-c-a-vous-20250919\" target=\"_blank\" data-fig-type=\"Article\" rel=\"noopener\" data-gtm-custom-categorie=\"navigation\" data-gtm-custom-action=\"crossclick\" data-gtm-custom-label=\"Contextuel\" data-gtm-event=\"customEventSPE\" data-fig-domain=\"TVMAG\">Mohamed Bouhafsi<\/a>. Ce samedi 29 novembre, le plateau de \u00abC \u00e0 vous\u00bb est le th\u00e9\u00e2tre d\u2019une s\u00e9quence pleine d\u2019\u00e9motions gr\u00e2ce \u00e0 l\u2019intervention du chanteur\u00a0<a href=\"http:\/\/tvmag.lefigaro.fr\/programme-tv\/people\/un-traumatisme-matt-pokora-evoque-le-grand-regret-de-sa-vie-dans-un-dimanche-a-la-campagne-20251116\" target=\"_blank\" data-fig-type=\"Article\" rel=\"noopener\" data-gtm-custom-categorie=\"navigation\" data-gtm-custom-action=\"crossclick\" data-gtm-custom-label=\"Contextuel\" data-gtm-event=\"customEventSPE\" data-fig-domain=\"TVMAG\"><strong>Matt Pokora<\/strong><\/a> .<\/p>\n<p class=\"fig-paragraph\">Dans la s\u00e9quence \u00abLe r\u00e9pondeur\u00bb, l\u2019artiste r\u00e9v\u00e9l\u00e9 par \u00abPopstars\u00bb choisit de s\u2019adresser \u00e0 ses parents qu\u2019il n\u2019a \u00abjamais remerci\u00e9s publiquement\u00bb. Et c\u2019est tr\u00e8s vite que les larmes montent tandis qu\u2019il r\u00e9pare cette erreur dans le talk-show de France 5.<\/p>\n<blockquote class=\"fig-quote&#10;    \">\n<p class=\"fig-quote__text\">Je m\u2019en rends compte maintenant que je suis papa.<\/p>\n<p>            Matt Pokora dans \u00abC \u00e0 vous\u00bb\n    <\/p><\/blockquote>\n<p>                                                                <a class=\"fig-a11y-skip\" href=\"#fig-a11y-skip-main-inarticle\" data-module=\"a11y-skip\" data-context=\"was @visible\"><br \/>\n    Passer la publicit\u00e9<br \/>\n<\/a>            <\/p>\n<p class=\"fig-paragraph\">\u00abOn parle beaucoup des gens du m\u00e9tier que j\u2019ai crois\u00e9s sur ma route, mais si j\u2019en suis l\u00e0, c\u2019est gr\u00e2ce \u00e0 votre \u00e9ducation\u00bb, d\u00e9bute le chanteur de 40 ans dont la voix tremble d\u00e9j\u00e0. \u00abJe n\u2019ai jamais manqu\u00e9 de rien, vous avez toujours travaill\u00e9 dur pour nous. Vous nous avez pr\u00e9serv\u00e9s, Julien et moi. Et je ne vous l\u2019ai jamais dit, mais si je suis arriv\u00e9 l\u00e0 o\u00f9 je suis aujourd\u2019hui, c\u2019est gr\u00e2ce \u00e0 vous\u00bb, poursuit-il.<\/p>\n<p class=\"fig-body-link\">\n            \u00c0 lire aussi<br \/>\n        <a class=\"fig-body-link__link fig-premium-mark\" href=\"http:\/\/tvmag.lefigaro.fr\/programme-tv\/actu-tele\/mohamed-bouhafsi-la-patronne-reste-anne-elisabeth-lemoine-20250912\" target=\"_blank\" data-fig-type=\"Article\" rel=\"noopener\" data-gtm-custom-categorie=\"navigation\" data-gtm-custom-action=\"crossclick\" data-gtm-custom-label=\"Contextuel\" data-gtm-event=\"customEventSPE\" data-fig-domain=\"TVMAG\"><\/p>\n<p>        Mohamed Bouhafsi, \u00e0 la t\u00eate de \u00abC \u00e0 Vous\u00bb le week-end\u00a0: \u00ab\u00a0Je n\u2019ai aucun plan de carri\u00e8re\u00a0\u00bb<br \/>\n    <\/a>\n<\/p>\n<p class=\"fig-paragraph\">C\u2019est aussi en tant que p\u00e8re que Matt Pokora s\u2019exprime ce soir. En effet, depuis 2017, il partage la vie de la chanteuse et actrice am\u00e9ricaine\u00a0<a href=\"http:\/\/tvmag.lefigaro.fr\/programme-tv\/series\/son-role-dans-dexter-les-origines-son-trac-sa-vie-a-paris-les-confidences-de-christina-milian-20250213\" target=\"_blank\" data-fig-type=\"Article\" rel=\"noopener\" data-gtm-custom-categorie=\"navigation\" data-gtm-custom-action=\"crossclick\" data-gtm-custom-label=\"Contextuel\" data-gtm-event=\"customEventSPE\" data-fig-domain=\"TVMAG\">Christina Milian<\/a>. Ensemble, ils ont deux enfants. Matt Pokora est \u00e9galement le beau-p\u00e8re de Violet, la premi\u00e8re fille de sa compagne.<\/p>\n<p class=\"fig-paragraph\">\u00abJe vous le dirai s\u00fbrement les yeux dans les yeux, maintenant que je l\u2019ai fait devant la France enti\u00e8re, mais c\u2019est quand on devient parent que l\u2019on se rend compte \u00e0 quel point vous avez fait beaucoup de sacrifices, beaucoup de choses pour nous. Vous avez toujours \u00e9t\u00e9 l\u00e0. Je m\u2019en rends compte maintenant que je suis papa. Je suis extr\u00eamement reconnaissant d\u2019avoir eu des parents comme vous\u00bb, assure-t-il avant de conclure sobrement\u00a0: \u00abMerci\u00bb.<\/p>\n","protected":false},"excerpt":{"rendered":"Matt Pokora dans \u00abC \u00e0 vous\u00bb Capture \u00e9cran France 5 Le chanteur a tenu \u00e0 adresser un message&hellip;\n","protected":false},"author":2,"featured_media":568075,"comment_status":"","ping_status":"","sticky":false,"template":"","format":"standard","meta":{"footnotes":""},"categories":[8],"tags":[58,59,1011,27,4467,2886,24618],"class_list":{"0":"post-568074","1":"post","2":"type-post","3":"status-publish","4":"format-standard","5":"has-post-thumbnail","7":"category-divertissement","8":"tag-divertissement","9":"tag-entertainment","10":"tag-fr","11":"tag-france","12":"tag-france-5","13":"tag-matt-pokora","14":"tag-mohamed-bouhafsi"},"share_on_mastodon":{"url":"https:\/\/pubeurope.com\/@fr\/115636749244807075","error":""},"_links":{"self":[{"href":"https:\/\/www.europesays.com\/fr\/wp-json\/wp\/v2\/posts\/568074","targetHints":{"allow":["GET"]}}],"collection":[{"href":"https:\/\/www.europesays.com\/fr\/wp-json\/wp\/v2\/posts"}],"about":[{"href":"https:\/\/www.europesays.com\/fr\/wp-json\/wp\/v2\/types\/post"}],"author":[{"embeddable":true,"href":"https:\/\/www.europesays.com\/fr\/wp-json\/wp\/v2\/users\/2"}],"replies":[{"embeddable":true,"href":"https:\/\/www.europesays.com\/fr\/wp-json\/wp\/v2\/comments?post=568074"}],"version-history":[{"count":0,"href":"https:\/\/www.europesays.com\/fr\/wp-json\/wp\/v2\/posts\/568074\/revisions"}],"wp:featuredmedia":[{"embeddable":true,"href":"https:\/\/www.europesays.com\/fr\/wp-json\/wp\/v2\/media\/568075"}],"wp:attachment":[{"href":"https:\/\/www.europesays.com\/fr\/wp-json\/wp\/v2\/media?parent=568074"}],"wp:term":[{"taxonomy":"category","embeddable":true,"href":"https:\/\/www.europesays.com\/fr\/wp-json\/wp\/v2\/categories?post=568074"},{"taxonomy":"post_tag","embeddable":true,"href":"https:\/\/www.europesays.com\/fr\/wp-json\/wp\/v2\/tags?post=568074"}],"curies":[{"name":"wp","href":"https:\/\/api.w.org\/{rel}","templated":true}]}}