{"id":568078,"date":"2025-11-30T04:26:13","date_gmt":"2025-11-30T04:26:13","guid":{"rendered":"https:\/\/www.europesays.com\/fr\/568078\/"},"modified":"2025-11-30T04:26:13","modified_gmt":"2025-11-30T04:26:13","slug":"letat-devient-proprietaire-du-lac-blanc-et-du-lac-noir-dans-les-vosges-nouvelle-etape-dun-projet-de-centrale-hydroelectrique","status":"publish","type":"post","link":"https:\/\/www.europesays.com\/fr\/568078\/","title":{"rendered":"L&rsquo;\u00c9tat devient propri\u00e9taire du lac Blanc et du lac Noir dans les Vosges, nouvelle \u00e9tape d&rsquo;un projet de centrale hydro\u00e9lectrique"},"content":{"rendered":"<p class=\"article__intro\">La ville d&rsquo;Orbey (Haut-Rhin) a officiellement c\u00e9d\u00e9 \u00e0 l&rsquo;\u00c9tat les sites &#8211; embl\u00e9matiques pour les habitants du secteur &#8211; du lac Blanc et du lac Noir. L&rsquo;objectif est d&rsquo;y construire une infrastructure de stockage d&rsquo;\u00e9nergie \u00e9lectrique.<\/p>\n<p>\n      L\u2019actu des r\u00e9gions\n    <\/p>\n<p>\n      Chaque jour, un tour d\u2019horizon des principales infos de toutes les r\u00e9gions.\n    <\/p>\n<p>    France T\u00e9l\u00e9visions utilise votre adresse e-mail afin de vous envoyer la newsletter \u00ab\u00a0L\u2019actu des r\u00e9gions\u00a0\u00bb. Vous pouvez vous d\u00e9sinscrire \u00e0 tout moment via le lien en bas de cette newsletter. <a target=\"_blank\" href=\"https:\/\/www.francetelevisions.fr\/groupe\/confidentialite\/politique-de-confidentialite\/politique-de-confidentialite-de-france-televisions-6503\" rel=\"noopener\">Notre politique de confidentialit\u00e9<\/a><\/p>\n<p>Le lac Blanc et le lac Noir vont-ils <a href=\"https:\/\/france3-regions.franceinfo.fr\/grand-est\/haut-rhin\/15-ans-apres-sa-demolition-une-centrale-hydroelectrique-sera-reconstruite-au-bord-de-ce-lac-cela-generera-d-importants-revenus-pour-la-commune-3127942.html\" target=\"_blank\" rel=\"noopener noreferrer nofollow\" data-tooltip-url=\"https:\/\/france3-regions.franceinfo.fr\/grand-est\/haut-rhin\/15-ans-apres-sa-demolition-une-centrale-hydroelectrique-sera-reconstruite-au-bord-de-ce-lac-cela-generera-d-importants-revenus-pour-la-commune-3127942.html\">de nouveau compter<\/a> parmi les sites de production d&rsquo;\u00e9lectricit\u00e9 du Haut-Rhin ? La ville d&rsquo;Orbey a en tout cas officiellement c\u00e9d\u00e9 les deux sites \u00e0 l&rsquo;\u00c9tat, comme l&rsquo;a annonc\u00e9 la pr\u00e9fecture jeudi 27 novembre. \u00ab\u00a0L&rsquo;op\u00e9ration permet d\u00e9sormais \u00e0 l&rsquo;\u00c9tat de disposer de l&rsquo;ensemble des emprises indispensables \u00e0 la mise en \u0153uvre de la future installation, confirmant sa volont\u00e9 de consolider la vocation \u00e9nerg\u00e9tique du site\u00a0\u00bb, \u00e9crit-elle dans un communiqu\u00e9.<\/p>\n<p>Cette \u00ab\u00a0future installation\u00a0\u00bb sera en fait une \u00ab\u00a0station de <a href=\"https:\/\/www.edf.fr\/groupe-edf\/comprendre\/production\/hydraulique\/stations-de-transfert-d-energie-par-pompage\" target=\"_blank\" rel=\"noopener noreferrer nofollow\" data-tooltip-url=\"https:\/\/www.edf.fr\/groupe-edf\/comprendre\/production\/hydraulique\/stations-de-transfert-d-energie-par-pompage\">transfert d&rsquo;\u00e9nergie par pompage<\/a>\u00a0\u00bb : l&rsquo;eau du lac Blanc, situ\u00e9 \u00e0 environ 150 m\u00e8tres au-dessus du lac Noir, sera turbin\u00e9e &#8211; utilis\u00e9e pour alimenter un g\u00e9n\u00e9rateur \u00e9lectrique &#8211; aux heures de forte consommation, recueillie dans le lac Noir puis remont\u00e9e aux heures creuses.<\/p>\n<p>La cession du site \u00e0 l&rsquo;\u00c9tat n&rsquo;est que la logique d&rsquo;une affaire ent\u00e9rin\u00e9e le 9 avril dernier, quand le conseil municipal d&rsquo;Orbey avait vot\u00e9 la vente des parcelles concern\u00e9es. \u00ab\u00a0Il y a eu d\u00e9bat mais globalement on s&rsquo;est mis d&rsquo;accord sur le fait qu&rsquo;il fallait vendre, raconte le maire Guy Jacquey. Nous allons percevoir la taxe fonci\u00e8re b\u00e2tie qui d\u00e9coule du projet et la communaut\u00e9 de communes b\u00e9n\u00e9ficiera de la taxe professionnelle.\u00a0\u00bb<\/p>\n<p>L&rsquo;\u00e9dile assure par ailleurs que \u00ab\u00a0tous les usages actuels des lacs\u00a0\u00bb pourront se poursuivre comme auparavant. \u00ab\u00a0C&rsquo;\u00e9tait la principale inqui\u00e9tude des habitants venus \u00e0 la r\u00e9union publique, confie-t-il. Mais il est \u00e9crit noir sur blanc dans l&rsquo;acte notari\u00e9 que les usages, comme la p\u00eache ou la promenade autour du site, seront pr\u00e9serv\u00e9s.\u00a0\u00bb Les habitants du secteur ne seront pas non plus en terre inconnue, car les deux lacs ont un passif dans le domaine de la production d&rsquo;\u00e9lectricit\u00e9.<\/p>\n<p>Le principe de la production hydro\u00e9lectrique entre les deux lacs a d&rsquo;abord \u00e9t\u00e9 imagin\u00e9 par l&rsquo;ing\u00e9nieur alsacien Ren\u00e9 Koechlin, qui a construit une premi\u00e8re usine en 1932. Il n&rsquo;en reste aujourd&rsquo;hui qu&rsquo;un morceau de b\u00e9ton immerg\u00e9 dans l&rsquo;eau du lac. En 2002, le site a cess\u00e9 de fonctionner apr\u00e8s une deuxi\u00e8me inondation en 70 ans d&rsquo;histoire.<\/p>\n<p>Les autorit\u00e9s ont ensuite entrepris, entre 2012 et 2014, de d\u00e9molir ces murs laiss\u00e9s \u00e0 l&rsquo;abandon. \u00ab\u00a0Aujourd&rsquo;hui il ne reste plus rien de l&rsquo;usine, confirme Guy Jacquey. En revanche, la conduite qui a servi \u00e0 faire passer l&rsquo;eau entre les deux lacs est encore l\u00e0. Il reste donc \u00e0 construire une nouvelle pompe turbine ainsi que le b\u00e2timent qui l&rsquo;abritera.\u00a0\u00bb<\/p>\n<\/p>\n<p>L&rsquo;histoire des deux lacs, d\u00e9j\u00e0 riche en mati\u00e8re d&rsquo;hydro\u00e9lectricit\u00e9, n&rsquo;est pas \u00e9trang\u00e8re au choix de l&rsquo;\u00c9tat. La g\u00e9ographie particuli\u00e8re du lieu a d\u00e9j\u00e0 permis d&rsquo;exploiter la force de l&rsquo;\u00e9coulement de l&rsquo;eau ici pendant 70 ans. \u00ab\u00a0\u00c0 l\u2019\u00e9poque, le site pouvait g\u00e9n\u00e9rer jusqu&rsquo;\u00e0 80 m\u00e9gawatts par heure, pendant 5 ou 6 heures\u00a0\u00bb, pr\u00e9cise Guy Jacquey.<\/p>\n<p>Les associations environnementales locales voient aussi d&rsquo;un bon \u0153il qu&rsquo;un tel projet s&rsquo;imagine \u00e0 partir de l&rsquo;existant. \u00ab\u00a0C&rsquo;est \u00e0 la fois un projet qui nous semble vertueux dans son objectif, car il s&rsquo;agit d&rsquo;\u00e9nergie renouvelable, et dans son proc\u00e9d\u00e9, qui part d&rsquo;am\u00e9nagements d\u00e9j\u00e0 r\u00e9alis\u00e9s par le pass\u00e9, estime Francis Dopff, vice-pr\u00e9sident d&rsquo;Alsace nature. Apr\u00e8s, il faudra rester vigilant : nous sommes \u00e0 un jet de pierre d&rsquo;une r\u00e9serve naturelle. Tout d\u00e9pendra de la mani\u00e8re dont le futur exploitant agira.\u00a0\u00bb<\/p>\n<p>L&rsquo;\u00c9tat fran\u00e7ais a inscrit l&rsquo;hydro\u00e9lectricit\u00e9 dans sa <a href=\"https:\/\/www.ecologie.gouv.fr\/politiques-publiques\/programmations-pluriannuelles-lenergie-ppe\" target=\"_blank\" rel=\"noopener noreferrer nofollow\" data-tooltip-url=\"https:\/\/www.ecologie.gouv.fr\/politiques-publiques\/programmations-pluriannuelles-lenergie-ppe\">programmation pluriannuelle de l&rsquo;\u00e9nergie 2019-2028 <\/a>avec pour objectif une part de 3% de la production nationale d&rsquo;\u00e9lectricit\u00e9 \u00e0 l&rsquo;horizon 2035. Le rachat des deux lacs s&rsquo;inscrit donc pleinement dans cette strat\u00e9gie de long terme. Un appel d&rsquo;offres sera lanc\u00e9 d&rsquo;ici \u00e0 la fin de l&rsquo;ann\u00e9e pour un octroi de la concession d&rsquo;ici mi-2026. \u00ab\u00a0Plusieurs candidats se sont d\u00e9j\u00e0 montr\u00e9s int\u00e9ress\u00e9s : Vialis, Total Energies, Gaz de Barr et aussi EDF\u00a0\u00bb, confie Guy Jacquey, qui estime cependant que l&rsquo;usine ne devrait pas pouvoir ouvrir ses portes avant 2030, 2031, voire 2032.<\/p>\n","protected":false},"excerpt":{"rendered":"La ville d&rsquo;Orbey (Haut-Rhin) a officiellement c\u00e9d\u00e9 \u00e0 l&rsquo;\u00c9tat les sites &#8211; embl\u00e9matiques pour les habitants du secteur&hellip;\n","protected":false},"author":2,"featured_media":568079,"comment_status":"","ping_status":"","sticky":false,"template":"","format":"standard","meta":{"footnotes":""},"categories":[6],"tags":[35,33,34,1011,27],"class_list":{"0":"post-568078","1":"post","2":"type-post","3":"status-publish","4":"format-standard","5":"has-post-thumbnail","7":"category-economie","8":"tag-business","9":"tag-economie","10":"tag-economy","11":"tag-fr","12":"tag-france"},"share_on_mastodon":{"url":"https:\/\/pubeurope.com\/@fr\/115636757112113698","error":""},"_links":{"self":[{"href":"https:\/\/www.europesays.com\/fr\/wp-json\/wp\/v2\/posts\/568078","targetHints":{"allow":["GET"]}}],"collection":[{"href":"https:\/\/www.europesays.com\/fr\/wp-json\/wp\/v2\/posts"}],"about":[{"href":"https:\/\/www.europesays.com\/fr\/wp-json\/wp\/v2\/types\/post"}],"author":[{"embeddable":true,"href":"https:\/\/www.europesays.com\/fr\/wp-json\/wp\/v2\/users\/2"}],"replies":[{"embeddable":true,"href":"https:\/\/www.europesays.com\/fr\/wp-json\/wp\/v2\/comments?post=568078"}],"version-history":[{"count":0,"href":"https:\/\/www.europesays.com\/fr\/wp-json\/wp\/v2\/posts\/568078\/revisions"}],"wp:featuredmedia":[{"embeddable":true,"href":"https:\/\/www.europesays.com\/fr\/wp-json\/wp\/v2\/media\/568079"}],"wp:attachment":[{"href":"https:\/\/www.europesays.com\/fr\/wp-json\/wp\/v2\/media?parent=568078"}],"wp:term":[{"taxonomy":"category","embeddable":true,"href":"https:\/\/www.europesays.com\/fr\/wp-json\/wp\/v2\/categories?post=568078"},{"taxonomy":"post_tag","embeddable":true,"href":"https:\/\/www.europesays.com\/fr\/wp-json\/wp\/v2\/tags?post=568078"}],"curies":[{"name":"wp","href":"https:\/\/api.w.org\/{rel}","templated":true}]}}