{"id":568080,"date":"2025-11-30T04:27:13","date_gmt":"2025-11-30T04:27:13","guid":{"rendered":"https:\/\/www.europesays.com\/fr\/568080\/"},"modified":"2025-11-30T04:27:13","modified_gmt":"2025-11-30T04:27:13","slug":"au-moins-sept-morts-dans-une-attaque-dans-un-bar","status":"publish","type":"post","link":"https:\/\/www.europesays.com\/fr\/568080\/","title":{"rendered":"au moins sept morts dans une attaque dans un bar"},"content":{"rendered":"<p>\n    Des conflits internes ont \u00e9clat\u00e9 apr\u00e8s la capture du chef pr\u00e9sum\u00e9 d\u2019un gang local en mars, faisant une dizaine de morts jusqu\u2019\u00e0 vendredi, ont rapport\u00e9 des m\u00e9dias locaux.<\/p>\n<p class=\"fig-paragraph\">Au moins sept personnes ont \u00e9t\u00e9 tu\u00e9es et cinq autres gri\u00e8vement bless\u00e9es samedi dans une attaque arm\u00e9e contre un bar de la ville mexicaine de Tula (centre), ont indiqu\u00e9 les autorit\u00e9s. Quatre personnes sont mortes sur place et trois autres sont d\u00e9c\u00e9d\u00e9es alors qu&rsquo;elles \u00e9taient soign\u00e9es, indique un rapport de police, dans des violences rares dans cette r\u00e9gion \u00e0 une centaine de kilom\u00e8tres au nord de la capitale\u00a0<a href=\"http:\/\/www.lefigaro.fr\/voyages\/dossier\/mexico\" data-fig-type=\"Topic\" data-gtm-custom-categorie=\"navigation\" data-gtm-custom-action=\"crossclick\" data-gtm-custom-label=\"Contextuel\" data-gtm-event=\"customEventSPE\" data-fig-domain=\"LEFIGARO\" target=\"_blank\" rel=\"noopener\">Mexico<\/a>.<\/p>\n<p class=\"fig-paragraph\">Selon les t\u00e9moignages recueillis par les autorit\u00e9s, des hommes arm\u00e9s ont fait irruption dans le bar La Resaka, situ\u00e9 dans un quartier populaire de Tula dans l&rsquo;\u00c9tat d&rsquo;Hidalgo, vers 01H30 (07H30 GMT). Les autorit\u00e9s n&rsquo;ont pas r\u00e9ussi, \u00e0 ce stade, \u00e0 interpeller les auteurs pr\u00e9sum\u00e9s.<\/p>\n<p>                                            <a class=\"fig-a11y-skip\" href=\"#fig-a11y-skip-main-inarticle\" data-module=\"a11y-skip\" data-context=\"was @visible\"><br \/>\n    Passer la publicit\u00e9<br \/>\n<\/a>            <\/p>\n<p class=\"fig-paragraph\">Ce type d&rsquo;attaque reste rare dans la r\u00e9gion d&rsquo;Hidalgo, mais le secr\u00e9taire \u00e0 la S\u00e9curit\u00e9 de l&rsquo;\u00c9tat a reconnu que des conflits entre gangs rivaux avaient \u00e9t\u00e9 d\u00e9tect\u00e9s \u00e0 Tula, o\u00f9 des groupes se livrent au trafic de carburant vol\u00e9.<\/p>\n<p class=\"fig-paragraph\">Des conflits internes ont \u00e9clat\u00e9 apr\u00e8s la capture du chef pr\u00e9sum\u00e9 d&rsquo;un gang local en mars, faisant une dizaine de morts jusqu&rsquo;\u00e0 vendredi, ont rapport\u00e9 des m\u00e9dias locaux. Depuis le lancement d&rsquo;une op\u00e9ration militaire antidrogue en d\u00e9cembre 2006, le Mexique est frapp\u00e9 par une vague de violence qui a fait plus de 450.000 morts et plus de 100.000 disparus, selon les chiffres officiels.<\/p>\n","protected":false},"excerpt":{"rendered":"Des conflits internes ont \u00e9clat\u00e9 apr\u00e8s la capture du chef pr\u00e9sum\u00e9 d\u2019un gang local en mars, faisant une&hellip;\n","protected":false},"author":2,"featured_media":568081,"comment_status":"","ping_status":"","sticky":false,"template":"","format":"standard","meta":{"footnotes":""},"categories":[5],"tags":[11,1011,27,14,5697,12,28],"class_list":{"0":"post-568080","1":"post","2":"type-post","3":"status-publish","4":"format-standard","5":"has-post-thumbnail","7":"category-international","8":"tag-actualites","9":"tag-fr","10":"tag-france","11":"tag-international","12":"tag-mexique","13":"tag-news","14":"tag-world"},"share_on_mastodon":{"url":"https:\/\/pubeurope.com\/@fr\/115636761019553004","error":""},"_links":{"self":[{"href":"https:\/\/www.europesays.com\/fr\/wp-json\/wp\/v2\/posts\/568080","targetHints":{"allow":["GET"]}}],"collection":[{"href":"https:\/\/www.europesays.com\/fr\/wp-json\/wp\/v2\/posts"}],"about":[{"href":"https:\/\/www.europesays.com\/fr\/wp-json\/wp\/v2\/types\/post"}],"author":[{"embeddable":true,"href":"https:\/\/www.europesays.com\/fr\/wp-json\/wp\/v2\/users\/2"}],"replies":[{"embeddable":true,"href":"https:\/\/www.europesays.com\/fr\/wp-json\/wp\/v2\/comments?post=568080"}],"version-history":[{"count":0,"href":"https:\/\/www.europesays.com\/fr\/wp-json\/wp\/v2\/posts\/568080\/revisions"}],"wp:featuredmedia":[{"embeddable":true,"href":"https:\/\/www.europesays.com\/fr\/wp-json\/wp\/v2\/media\/568081"}],"wp:attachment":[{"href":"https:\/\/www.europesays.com\/fr\/wp-json\/wp\/v2\/media?parent=568080"}],"wp:term":[{"taxonomy":"category","embeddable":true,"href":"https:\/\/www.europesays.com\/fr\/wp-json\/wp\/v2\/categories?post=568080"},{"taxonomy":"post_tag","embeddable":true,"href":"https:\/\/www.europesays.com\/fr\/wp-json\/wp\/v2\/tags?post=568080"}],"curies":[{"name":"wp","href":"https:\/\/api.w.org\/{rel}","templated":true}]}}