{"id":568092,"date":"2025-11-30T04:36:17","date_gmt":"2025-11-30T04:36:17","guid":{"rendered":"https:\/\/www.europesays.com\/fr\/568092\/"},"modified":"2025-11-30T04:36:17","modified_gmt":"2025-11-30T04:36:17","slug":"top-14-le-rc-toulon-fait-le-job-sans-briller-face-a-montauban","status":"publish","type":"post","link":"https:\/\/www.europesays.com\/fr\/568092\/","title":{"rendered":"Top 14 : le RC Toulon fait le job sans briller face \u00e0 Montauban"},"content":{"rendered":"<p>Si tout avait bien d\u00e9marr\u00e9 avec trois essais inscrits d\u00e8s le premier quart d&rsquo;heure, les hommes de Pierre Mignoni ont ensuite manqu\u00e9 de ma\u00eetrise. Entre lacunes d\u00e9fensives et conqu\u00eate d\u00e9faillante, les Toulonnais ont toujours eu la mainmise sur cette rencontre sans pour autant afficher une s\u00e9r\u00e9nit\u00e9 attendue contre une \u00e9quipe du calibre inf\u00e9rieur. \u00ab\u00a0L&rsquo;objectif comptable est atteint mais il y a des choses qui me d\u00e9rangent, a l\u00e2ch\u00e9 <a href=\"https:\/\/www.laprovence.com\/article\/sports\/41865120332027\/rugby-pierre-mignoni-prolonge-a-toulon-jusquen-2029\" target=\"_blank\" rel=\"noopener\">Pierre Mignoni en conf\u00e9rence de presse<\/a>. Je l&rsquo;ai dit aux joueurs, une grande \u00e9quipe n&rsquo;encaisse pas 28 points comme \u00e7a. On ne peut pas se satisfaire de \u00e7a.\u00a0\u00bb<\/p>\n<p>Apr\u00e8s une lourde d\u00e9faite la semaine pass\u00e9e, la r\u00e9action des Toulonnais \u00e9tait attendue par le manager qui n&rsquo;appr\u00e9cie gu\u00e8re les quatre essais encaiss\u00e9s. \u00ab\u00a0Il faut rester positif, il y a eu de la ma\u00eetrise sur ce match, mais pas totale. On a \u00e9t\u00e9 punis d\u00e8s qu&rsquo;on a \u00e9t\u00e9 un peu trop soft. On ne pourra pas \u00eatre comme \u00e7a la semaine prochaine\u00a0\u00bb, a-t-il pr\u00e9venu. Certains joueurs ont pourtant marqu\u00e9 des points ce samedi sur la pelouse de Mayol \u00e0 l&rsquo;image de Mathis Fert\u00e9 et Mathieu Smaili, tous deux auteurs d&rsquo;un doubl\u00e9. Le RCT a aussi \u00e9gal\u00e9 son meilleur total de points inscrits sur une rencontre cette saison.<\/p>\n<p>Des points positifs rapidement \u00e9clips\u00e9s par l&rsquo;entra\u00eeneur, d\u00e9j\u00e0 projet\u00e9 sur le week-end prochain et un d\u00e9placement \u00e0 \u00c9dimbourg : \u00ab\u00a0Prendre un essai \u00e7a peut arriver, mais, l\u00e0, non. J&rsquo;ai envie qu&rsquo;on d\u00e9marre fort en Champions Cup, il va falloir monter le curseur car c&rsquo;est une autre dimension.\u00a0\u00bb Un match qui se fera sans le jeune talonneur Pierre Damond, sorti touch\u00e9 \u00e0 un genou ce samedi \u00e0 huit minutes de la fin. Cette absence sera forc\u00e9ment un coup dur \u00e0 un poste d\u00e9j\u00e0 amput\u00e9 de Gianmarco Lucchesi et de son joker m\u00e9dical Micka\u00ebl Ivaldi. \u00ab\u00a0C&rsquo;est le gros point noir de la soir\u00e9e, a confi\u00e9 Pierre Mignoni. On va esp\u00e9rer que ce n&rsquo;est pas le ligament crois\u00e9 mais, d\u00e9j\u00e0, c&rsquo;est s\u00fbr pour le ligament interne.\u00a0\u00bb<\/p>\n<p>En attendant les examens suppl\u00e9mentaires, le coach rouge et noir va esp\u00e9rer que son talonneur italien, en fin de convalescence, soit op\u00e9rationnel pour se d\u00e9placer en \u00c9cosse afin de rendre une copie plus consistante et de d\u00e9marrer l&rsquo;histoire europ\u00e9enne sur une bonne note.<\/p>\n<p>Toulon 54 Montauban 28<\/p>\n<p>Stade Mayol. Mi-temps : 33-7. <br \/>Arbitre : Adrien Marbot. Spectateurs : 13 061. <br \/>Les points &#8211; RCT : 8 essais Tuicuvu (6), Serin (12), Smaili (16, 40), Dr\u00e9an (28), Baubigny (43), Fert\u00e9 (48, 59), 7 transformations Garcia (6, 12, 16, 28, 43, 48, 59). <br \/>Montauban : 4 essais Vici (18), Fonnicola (55), Vall\u00e9e (57), Fifita (67), 4 transformations Fortunel (18), Mouchous (55, 57, 67). <br \/>Carton jaune &#8211; Montauban : Lezana (4). <br \/>Toulon : Fert\u00e9 &#8211; Dr\u00e9an, Smaili, Sinzelle (Ludlam, 70), Tuicuvu &#8211; (o) Garcia, (m) Serin (Cowie, 56) &#8211; Abadie (Coulon, 56), Mercer, Ludlam (Quere-Karaba, 56) &#8211; Javakhia (Alainu&rsquo;uese, 47), Ribbans (cap.) (Mezou, 56) &#8211; Priso (Sinckler, 47), Baubigny, Ametlla (Brennan, 47). <br \/>Montauban : Mouchous &#8211; Vici, Espeut (cap.), Mathy, Vall\u00e9e &#8211; (o) Fortunel (Fonnicola, 26), (m) Powell (Zabalza, 52) &#8211; Fifita, Wilkins (Quercy, 49), Lezana (Ringuet, 26) &#8211; Ma&rsquo;afu (Wilkins, 73), Bitz (Uanivi, 41) &#8211; Pomponio (Simutoga, 44), Greyling (Maurouard, 44), Aouf (Seyrolle, 56).<\/p>\n","protected":false},"excerpt":{"rendered":"Si tout avait bien d\u00e9marr\u00e9 avec trois essais inscrits d\u00e8s le premier quart d&rsquo;heure, les hommes de Pierre&hellip;\n","protected":false},"author":2,"featured_media":568093,"comment_status":"","ping_status":"","sticky":false,"template":"","format":"standard","meta":{"footnotes":""},"categories":[9619],"tags":[17,1111,11,9697,1777,674,21,1011,27,1231,12,882,25,479,4561,60,3030,2310],"class_list":{"0":"post-568092","1":"post","2":"type-post","3":"status-publish","4":"format-standard","5":"has-post-thumbnail","7":"category-toulon","8":"tag-17","9":"tag-actu","10":"tag-actualites","11":"tag-briller","12":"tag-eu","13":"tag-europe","14":"tag-fait","15":"tag-fr","16":"tag-france","17":"tag-job","18":"tag-news","19":"tag-provence-alpes-cote-dazur","20":"tag-republique-francaise","21":"tag-rugby","22":"tag-sans","23":"tag-sports","24":"tag-top","25":"tag-toulon"},"share_on_mastodon":{"url":"https:\/\/pubeurope.com\/@fr\/115636796323436674","error":""},"_links":{"self":[{"href":"https:\/\/www.europesays.com\/fr\/wp-json\/wp\/v2\/posts\/568092","targetHints":{"allow":["GET"]}}],"collection":[{"href":"https:\/\/www.europesays.com\/fr\/wp-json\/wp\/v2\/posts"}],"about":[{"href":"https:\/\/www.europesays.com\/fr\/wp-json\/wp\/v2\/types\/post"}],"author":[{"embeddable":true,"href":"https:\/\/www.europesays.com\/fr\/wp-json\/wp\/v2\/users\/2"}],"replies":[{"embeddable":true,"href":"https:\/\/www.europesays.com\/fr\/wp-json\/wp\/v2\/comments?post=568092"}],"version-history":[{"count":0,"href":"https:\/\/www.europesays.com\/fr\/wp-json\/wp\/v2\/posts\/568092\/revisions"}],"wp:featuredmedia":[{"embeddable":true,"href":"https:\/\/www.europesays.com\/fr\/wp-json\/wp\/v2\/media\/568093"}],"wp:attachment":[{"href":"https:\/\/www.europesays.com\/fr\/wp-json\/wp\/v2\/media?parent=568092"}],"wp:term":[{"taxonomy":"category","embeddable":true,"href":"https:\/\/www.europesays.com\/fr\/wp-json\/wp\/v2\/categories?post=568092"},{"taxonomy":"post_tag","embeddable":true,"href":"https:\/\/www.europesays.com\/fr\/wp-json\/wp\/v2\/tags?post=568092"}],"curies":[{"name":"wp","href":"https:\/\/api.w.org\/{rel}","templated":true}]}}