{"id":568099,"date":"2025-11-30T04:42:17","date_gmt":"2025-11-30T04:42:17","guid":{"rendered":"https:\/\/www.europesays.com\/fr\/568099\/"},"modified":"2025-11-30T04:42:17","modified_gmt":"2025-11-30T04:42:17","slug":"des-chemins-de-randonnee-coupes-apres-un-eboulement-nocturne","status":"publish","type":"post","link":"https:\/\/www.europesays.com\/fr\/568099\/","title":{"rendered":"des chemins de randonn\u00e9e coup\u00e9s apr\u00e8s un \u00e9boulement nocturne"},"content":{"rendered":"<p itemprop=\"description\"><strong>Un affaissement de terrain a touch\u00e9 le secteur du Trou du Glaz, plusieurs routes en altitude ont alors \u00e9t\u00e9 bloqu\u00e9es.<\/strong><\/p>\n<p>Un mouvement de terrain survenu dans la nuit de jeudi \u00e0 vendredi a perturb\u00e9 le versant de la Dent de Crolles, un site tr\u00e8s fr\u00e9quent\u00e9 des randonneurs en Chartreuse.<\/p>\n<p>La zone du Trou du Glaz, particuli\u00e8rement instable, fait d\u00e9sormais l\u2019objet de restrictions strictes pour \u00e9viter tout nouvel \u00e9boulement.<\/p>\n<p>Face au risque, la mairie de Saint-Pierre-de-Chartreuse a imm\u00e9diatement interdit plusieurs parcours locaux. Sont notamment ferm\u00e9s : le trac\u00e9 reliant Perquelin au col des Ayes, l\u2019acc\u00e8s direct au Trou du Glaz ainsi que le sentier des Sources du Guiers Mort jusqu\u2019au col des Ayes. Ces mesures concernent aussi bien la marche que les activit\u00e9s hivernales comme les raquettes ou le ski de randonn\u00e9e.<\/p>\n<p>Le Parc naturel r\u00e9gional de Chartreuse appelle \u00e0 contourner totalement ce secteur jusqu\u2019\u00e0 nouvel ordre, le temps que la montagne se stabilise.<\/p>\n","protected":false},"excerpt":{"rendered":"Un affaissement de terrain a touch\u00e9 le secteur du Trou du Glaz, plusieurs routes en altitude ont alors&hellip;\n","protected":false},"author":2,"featured_media":568100,"comment_status":"","ping_status":"","sticky":false,"template":"","format":"standard","meta":{"footnotes":""},"categories":[9566],"tags":[1111,11,2813,2430,1109,251,1112,2811,1777,674,118,1011,27,21780,2731,14004,1922,1110,1114,108,12,316,25,2812,517,800],"class_list":{"0":"post-568099","1":"post","2":"type-post","3":"status-publish","4":"format-standard","5":"has-post-thumbnail","7":"category-grenoble","8":"tag-actu","9":"tag-actualites","10":"tag-article","11":"tag-auvergne-rhone-alpes","12":"tag-breves","13":"tag-culture","14":"tag-depeches","15":"tag-economique","16":"tag-eu","17":"tag-europe","18":"tag-faits-divers","19":"tag-fr","20":"tag-france","21":"tag-gf38","22":"tag-grenoble","23":"tag-grenoblemag","24":"tag-info","25":"tag-informations","26":"tag-infos","27":"tag-isere","28":"tag-news","29":"tag-politique","30":"tag-republique-francaise","31":"tag-sociale","32":"tag-sport","33":"tag-transports"},"share_on_mastodon":{"url":"https:\/\/pubeurope.com\/@fr\/115636819885502396","error":""},"_links":{"self":[{"href":"https:\/\/www.europesays.com\/fr\/wp-json\/wp\/v2\/posts\/568099","targetHints":{"allow":["GET"]}}],"collection":[{"href":"https:\/\/www.europesays.com\/fr\/wp-json\/wp\/v2\/posts"}],"about":[{"href":"https:\/\/www.europesays.com\/fr\/wp-json\/wp\/v2\/types\/post"}],"author":[{"embeddable":true,"href":"https:\/\/www.europesays.com\/fr\/wp-json\/wp\/v2\/users\/2"}],"replies":[{"embeddable":true,"href":"https:\/\/www.europesays.com\/fr\/wp-json\/wp\/v2\/comments?post=568099"}],"version-history":[{"count":0,"href":"https:\/\/www.europesays.com\/fr\/wp-json\/wp\/v2\/posts\/568099\/revisions"}],"wp:featuredmedia":[{"embeddable":true,"href":"https:\/\/www.europesays.com\/fr\/wp-json\/wp\/v2\/media\/568100"}],"wp:attachment":[{"href":"https:\/\/www.europesays.com\/fr\/wp-json\/wp\/v2\/media?parent=568099"}],"wp:term":[{"taxonomy":"category","embeddable":true,"href":"https:\/\/www.europesays.com\/fr\/wp-json\/wp\/v2\/categories?post=568099"},{"taxonomy":"post_tag","embeddable":true,"href":"https:\/\/www.europesays.com\/fr\/wp-json\/wp\/v2\/tags?post=568099"}],"curies":[{"name":"wp","href":"https:\/\/api.w.org\/{rel}","templated":true}]}}