{"id":568102,"date":"2025-11-30T04:47:37","date_gmt":"2025-11-30T04:47:37","guid":{"rendered":"https:\/\/www.europesays.com\/fr\/568102\/"},"modified":"2025-11-30T04:47:37","modified_gmt":"2025-11-30T04:47:37","slug":"les-centres-commerciaux-ouverts-ce-dimanche-30-11","status":"publish","type":"post","link":"https:\/\/www.europesays.com\/fr\/568102\/","title":{"rendered":"les centres commerciaux ouverts ce dimanche 30\/11"},"content":{"rendered":"<p>\n            Publi\u00e9 le 29-11-2025 \u00e0 13:08        <\/p>\n<p>            <img decoding=\"async\" class=\"page_photo\" src=\"https:\/\/www.rennes-scope.com\/photos\/black-friday-et-noel-a-rennes-les-centres-commerciaux-ouverts-ce-dimanche-30-novembre-2025.webp\" alt=\"Black Friday et No\u00ebl : \u00e0 Rennes, les centres commerciaux ouverts ce dimanche 30 novembre 2025\" loading=\"lazy\"\/><\/p>\n<p>Cr\u00e9dit : Renescope<\/p>\n<p>Ce dimanche 30 novembre 2025, le centre commercial Colombia propose un grand jeu pour tenter de gagner un Iphone 17. <\/p>\n<p>\n                                \u00c0 Rennes, les centres commerciaux seront ouverts ce dimanche 30 novembre 2025 pour le Black Friday et No\u00ebl. Promotions, animations et jeux concours vous attendent !            <\/p>\n<p>Ce dimanche 30 novembre 2025, les commerces et centres commerciaux de Rennes et de sa m\u00e9tropole ouvrent exceptionnellement leurs portes dans le cadre <b>du week-end Black Friday<\/b> et du lancement <b>des animations de fin d&rsquo;ann\u00e9e<\/b>. Promotions, showcases, jeux concours et illuminations sont au programme. Voici ce que les principaux centres de shopping vous proposent.<\/p>\n<p>        Des illuminations et un showcase de Valentina \u00e0 Alma<\/p>\n<p><b>Centre commercial ouvert de 10h \u00e0 19h<\/b>&#13;<br \/>\n<br \/>&#13;<br \/>\nAlma, le plus grand centre commercial de Bretagne, proposera une journ\u00e9e r\u00e9solument tourn\u00e9e vers la f\u00eate et les bonnes affaires avec <a href=\"https:\/\/www.rennes-scope.com\/article\/644-rennes-valentina-en-showcase-gratuit-alma-pour-no-l-2025\" target=\"_blank\" rel=\"noopener\">un showcase gratuit de la jeune chanteuse Valentina<\/a>, une s\u00e9ance de d\u00e9dicaces ainsi que <b>l&rsquo;illumination du sapin de No\u00ebl<\/b>. Les visiteurs pourront \u00e9galement profiter d&rsquo;une large vague de promotions dans le cadre du Black Friday. Une ouverture dominicale qui s&rsquo;annonce tr\u00e8s fr\u00e9quent\u00e9e au sud de la m\u00e9tropole.<\/p>\n<blockquote class=\"instagram-media\" data-instgrm-captioned=\"\" data-instgrm-permalink=\"https:\/\/www.instagram.com\/p\/DRUp4pKjAK8\/?utm_source=ig_embed&amp;utm_campaign=loading\" data-instgrm-version=\"14\" style=\" background:#FFF; border:0; border-radius:3px; box-shadow:0 0 1px 0 rgba(0,0,0,0.5),0 1px 10px 0 rgba(0,0,0,0.15); margin: 1px; max-width:540px; min-width:326px; padding:0; width:99.375%; width:-webkit-calc(100% - 2px); width:calc(100% - 2px);\"\/><p>&#13;<br \/>\nGrand Quartier ouvre ses boutiques ce dimanche pr\u00e8s de Rennes<\/p>\n<p><b>Centre commercial ouvert de 10h 0\u00e0 19h<\/b>&#13;<br \/>\n<br \/>Le centre commercial Grand Quartier ouvrira exceptionnellement ce dimanche avec l&rsquo;ensemble de ses <b>110 boutiques et 15 restaurants<\/b> accessibles au public de 10h \u00e0 19h. Cette ouverture dominicale vous permettra de profiter pleinement des offres du Black Friday dans un cadre complet m\u00ealant shopping, restauration et services, au nord de Rennes.<\/p>\n<p>Colombia attire le public avec un grand jeu concours et un iPhone 17 \u00e0 gagner<\/p>\n<p><b>Centre commercial Colombia ouvert de 10h \u00e0 19h<\/b>&#13;<br \/>\n<br \/>A l&rsquo;occasion de l&rsquo;op\u00e9ration \u00ab Borne to be gagnant \u00bb, organis\u00e9e du 28 au 30 novembre 2025 pr\u00e8s de la FNAC, les visiteurs pourront tenter leur chance pour remporter chaque jour un lot exceptionnel. Apr\u00e8s une PS5 et un appareil photo les jours pr\u00e9c\u00e9dents, c&rsquo;est <b>un iPhone 17 de 256 Go qui sera mis en jeu<\/b> ce dimanche. Pour participer, il suffira de s&rsquo;inscrire directement sur la borne install\u00e9e au sein du centre. Une animation qui devrait s\u00e9duire un large public. <\/p>\n<blockquote class=\"instagram-media\" data-instgrm-captioned=\"\" data-instgrm-permalink=\"https:\/\/www.instagram.com\/p\/DQ88g-Gj6sz\/?utm_source=ig_embed&amp;utm_campaign=loading\" data-instgrm-version=\"14\" style=\" background:#FFF; border:0; border-radius:3px; box-shadow:0 0 1px 0 rgba(0,0,0,0.5),0 1px 10px 0 rgba(0,0,0,0.15); margin: 1px; max-width:540px; min-width:326px; padding:0; width:99.375%; width:-webkit-calc(100% - 2px); width:calc(100% - 2px);\"\/><p>&#13;<br \/>\nLa Visitation, un bon compromis entre shopping et balade dans le centre historique de Rennes<\/p>\n<p><b>Centre commercial ouvert 10h \u00e0 18h30<\/b>&#13;<br \/>\n<br \/>Il offre une alternative id\u00e9ale pour celles et ceux qui souhaitent concilier shopping dans de grandes enseignes et promenade dans le centre historique de Rennes. Situ\u00e9 \u00e0 deux pas des rues commer\u00e7antes et des lieux embl\u00e9matiques du centre-ville, le site permet de profiter \u00e0 la fois <b>des offres du Black Friday<\/b> et d&rsquo;une sortie agr\u00e9able dans l&rsquo;ambiance anim\u00e9e de la vieille ville. Vous y trouverez notamment l&rsquo;unique magasin H&amp;M du centre-ville.<\/p>\n<p>Les Galeries Lafayette de Rennes prolongent le Black Friday<\/p>\n<p>Les Galeries Lafayette seront elles aussi ouvertes ce dimanche \u00e0 Rennes. L&rsquo;enseigne embl\u00e9matique poursuivra ses promotions du Black Friday avec <b>des r\u00e9ductions pouvant atteindre -50 %<\/b> sur certains articles. Mode, accessoires, beaut\u00e9 et id\u00e9es cadeaux seront au coeur de cette journ\u00e9e d\u00e9di\u00e9e aux bonnes affaires, \u00e0 quelques semaines des f\u00eates de fin d&rsquo;ann\u00e9e.<\/p>\n<blockquote class=\"instagram-media\" data-instgrm-captioned=\"\" data-instgrm-permalink=\"https:\/\/www.instagram.com\/reel\/DRpoaT8AgGz\/?utm_source=ig_embed&amp;utm_campaign=loading\" data-instgrm-version=\"14\" style=\" background:#FFF; border:0; border-radius:3px; box-shadow:0 0 1px 0 rgba(0,0,0,0.5),0 1px 10px 0 rgba(0,0,0,0.15); margin: 1px; max-width:540px; min-width:326px; padding:0; width:99.375%; width:-webkit-calc(100% - 2px); width:calc(100% - 2px);\"\/><p>&#13;<br \/>\nSaint-Gr\u00e9goire Le Centre ouvre exceptionnellement au nord de Rennes<\/p>\n<p><b>Centre commercial ouvert de 9h30 \u00e0 19h<\/b> &#13;<br \/>\n<br \/>Les habitants du nord de la m\u00e9tropole pourront ainsi profiter d&rsquo;une large amplitude horaire pour leurs achats du Black Friday et leurs premi\u00e8res emplettes de No\u00ebl dans les <b>50 boutiques<\/b> du centre.<\/p>\n<blockquote class=\"instagram-media\" data-instgrm-captioned=\"\" data-instgrm-permalink=\"https:\/\/www.instagram.com\/p\/DRcpnifjAWu\/?utm_source=ig_embed&amp;utm_campaign=loading\" data-instgrm-version=\"14\" style=\" background:#FFF; border:0; border-radius:3px; box-shadow:0 0 1px 0 rgba(0,0,0,0.5),0 1px 10px 0 rgba(0,0,0,0.15); margin: 1px; max-width:540px; min-width:326px; padding:0; width:99.375%; width:-webkit-calc(100% - 2px); width:calc(100% - 2px);\"\/><p>&#13;<br \/>\nLe centre commercial de Cleunay participe aussi \u00e0 l&rsquo;ouverture dominicale<\/p>\n<p><b>Centre commercial ouvert de 10h \u00e0 18h30<\/b>&#13;<br \/>\n<br \/>Tout comme Saint Gr\u00e9goire Le Centre qui abrite aussi un hypermarch\u00e9 Leclerc, le centre commercial de Cleunay sera bien ouvert ce dimanche 30 novembre. Le grand centre de l&rsquo;ouest rennais est <b>simple d&rsquo;acc\u00e8s en voiture par la rocade mais \u00e9galement en m\u00e9tro<\/b> gr\u00e2ce \u00e0 la ligne B.<\/p>\n<blockquote class=\"instagram-media\" data-instgrm-captioned=\"\" data-instgrm-permalink=\"https:\/\/www.instagram.com\/p\/DRcmY4CjzqV\/?utm_source=ig_embed&amp;utm_campaign=loading\" data-instgrm-version=\"14\" style=\" background:#FFF; border:0; border-radius:3px; box-shadow:0 0 1px 0 rgba(0,0,0,0.5),0 1px 10px 0 rgba(0,0,0,0.15); margin: 1px; max-width:540px; min-width:326px; padding:0; width:99.375%; width:-webkit-calc(100% - 2px); width:calc(100% - 2px);\"\/><p>&#13;<br \/>\nEn r\u00e9sum\u00e9<\/p>\n<ul>&#13;<\/p>\n<li><b>Alma :<\/b> 10h &#8211; 19h<\/li>\n<p>&#13;<\/p>\n<li><b>Grand Quartier<\/b> : 10h &#8211; 19h<\/li>\n<p>&#13;<\/p>\n<li><b>Colombia :<\/b> 10h &#8211; 19h<\/li>\n<p>&#13;<\/p>\n<li><b>La Visitation :<\/b> 10h &#8211; 18h30<\/li>\n<p>&#13;<\/p>\n<li><b>Saint-Gr\u00e9goire Le Centre :<\/b> 9h30 &#8211; 19h<\/li>\n<p>&#13;<\/p>\n<li><b>Cleunay :<\/b> 10h &#8211; 18h30<\/li>\n<p>&#13;\n<\/ul>\n<p>En r\u00e9sum\u00e9, ce <b>dimanche 30 novembre 2025<\/b> s&rsquo;annonce comme une journ\u00e9e id\u00e9ale pour le shopping \u00e0 Rennes et dans sa m\u00e9tropole. Que ce soit pour profiter des promotions du Black Friday, tenter sa chance aux <b>jeux concours de Colombia<\/b>, admirer les <b>animations festives d&rsquo;Alma<\/b> ou simplement concilier shopping et balade dans le centre historique avec <b>La Visitation<\/b>, chacun pourra trouver son rythme. Avec des ouvertures exceptionnelles dans tous les centres commerciaux majeurs et tous les autres commerces, c&rsquo;est l&rsquo;occasion parfaite de <b>pr\u00e9parer No\u00ebl<\/b> tout en profitant d&rsquo;une ambiance anim\u00e9e et conviviale.<\/p>\n<p>    <script async src=\"\/\/www.instagram.com\/embed.js\"><\/script><\/p>\n","protected":false},"excerpt":{"rendered":"Publi\u00e9 le 29-11-2025 \u00e0 13:08 Cr\u00e9dit : Renescope Ce dimanche 30 novembre 2025, le centre commercial Colombia propose&hellip;\n","protected":false},"author":2,"featured_media":568103,"comment_status":"","ping_status":"","sticky":false,"template":"","format":"standard","meta":{"footnotes":""},"categories":[2821],"tags":[1111,11,829,1777,674,1011,27,12,584,25],"class_list":{"0":"post-568102","1":"post","2":"type-post","3":"status-publish","4":"format-standard","5":"has-post-thumbnail","7":"category-rennes","8":"tag-actu","9":"tag-actualites","10":"tag-bretagne","11":"tag-eu","12":"tag-europe","13":"tag-fr","14":"tag-france","15":"tag-news","16":"tag-rennes","17":"tag-republique-francaise"},"share_on_mastodon":{"url":"https:\/\/pubeurope.com\/@fr\/115636840234109846","error":""},"_links":{"self":[{"href":"https:\/\/www.europesays.com\/fr\/wp-json\/wp\/v2\/posts\/568102","targetHints":{"allow":["GET"]}}],"collection":[{"href":"https:\/\/www.europesays.com\/fr\/wp-json\/wp\/v2\/posts"}],"about":[{"href":"https:\/\/www.europesays.com\/fr\/wp-json\/wp\/v2\/types\/post"}],"author":[{"embeddable":true,"href":"https:\/\/www.europesays.com\/fr\/wp-json\/wp\/v2\/users\/2"}],"replies":[{"embeddable":true,"href":"https:\/\/www.europesays.com\/fr\/wp-json\/wp\/v2\/comments?post=568102"}],"version-history":[{"count":0,"href":"https:\/\/www.europesays.com\/fr\/wp-json\/wp\/v2\/posts\/568102\/revisions"}],"wp:featuredmedia":[{"embeddable":true,"href":"https:\/\/www.europesays.com\/fr\/wp-json\/wp\/v2\/media\/568103"}],"wp:attachment":[{"href":"https:\/\/www.europesays.com\/fr\/wp-json\/wp\/v2\/media?parent=568102"}],"wp:term":[{"taxonomy":"category","embeddable":true,"href":"https:\/\/www.europesays.com\/fr\/wp-json\/wp\/v2\/categories?post=568102"},{"taxonomy":"post_tag","embeddable":true,"href":"https:\/\/www.europesays.com\/fr\/wp-json\/wp\/v2\/tags?post=568102"}],"curies":[{"name":"wp","href":"https:\/\/api.w.org\/{rel}","templated":true}]}}