{"id":568117,"date":"2025-11-30T04:57:33","date_gmt":"2025-11-30T04:57:33","guid":{"rendered":"https:\/\/www.europesays.com\/fr\/568117\/"},"modified":"2025-11-30T04:57:33","modified_gmt":"2025-11-30T04:57:33","slug":"la-fracture-climatique-qui-va-transformer-la-france-et-son-agriculture","status":"publish","type":"post","link":"https:\/\/www.europesays.com\/fr\/568117\/","title":{"rendered":"la fracture climatique qui va transformer la France et son agriculture"},"content":{"rendered":"<p>On s&rsquo;accorde maintenant pour estimer que notre irresponsabilit\u00e9 et notre ind\u00e9cision risquent de provoquer une augmentation d&rsquo;environ 4\u00b0 du climat d&rsquo;ici la fin du si\u00e8cle\u00a0! Bien entendu toutes les r\u00e9gions du monde ne sont pas \u00e0 \u00e9galit\u00e9 face aux catastrophes qui se profilent, et notre hexagone sera quand m\u00eame beaucoup moins touch\u00e9 que les pays tropicaux. Nous avons quand m\u00eame de bonnes chances de pouvoir conserver une agriculture productive, certes au prix d&rsquo;\u00e9normes efforts d&rsquo;adaptation. Le sud du pays sera beaucoup plus touch\u00e9 que le centre et le nord&#8230; mais beaucoup moins que l&rsquo;Espagne par exemple, ou le Maghreb.<\/p>\n<p class=\"fs-media\">\n<p><img decoding=\"async\" data-imgid=\"full\" src=\"https:\/\/www.europesays.com\/fr\/wp-content\/uploads\/2025\/11\/parmentier 1.jpg\" width=\"1080\" height=\"815\" alt=\"\" loading=\"lazy\"\/><br \/>\nLes effets probables des changements climatiques sur l&rsquo;agriculture fran\u00e7aise seront sensiblement au nord et au sud d\u2019une ligne Bordeaux-N\u00eemes-Montpellier. A Toulouse, B\u00e9ziers et Digne on aura beaucoup de mal \u00e0 continuer \u00e0 maintenir les productions actuelles. \u00a9 2015 Adapt2climat<\/p>\n<p>En fait la France, de ce point de vue, coup\u00e9e en 2 par une ligne qui va de Bordeaux \u00e0 N\u00eemes et de N\u00eemes \u00e0 Grenoble. Au sud de cette ligne, quoi qu&rsquo;il arrive, on produira moins. Mais au nord de cette ligne, on a encore de bons espoirs de pouvoir produire correctement, \u00e0 condition probablement de changer \u00e0 la fois de plantes, d&rsquo;esp\u00e8ces et de vari\u00e9t\u00e9s \u00e0 cultiver, mais aussi de techniques culturales. Mais tout est relatif\u00a0: les canicules seront y moins fortes que plus au sud, et il continuera \u00e0 y pleuvoir, quoique beaucoup plus irr\u00e9guli\u00e8rement\u00a0; nous n&rsquo;y sommes pas menac\u00e9s par la d\u00e9sertification&#8230; sauf peut-\u00eatre un seul d\u00e9partement\u00a0: les Pyr\u00e9n\u00e9es-Orientales. A Perpignan on observe une pluviom\u00e9trie similaire \u00e0 celle du Sahel depuis plusieurs\u00a0ann\u00e9es, et il n&rsquo;y a pas de raison que la v\u00e9g\u00e9tation ne se rapproche pas dangereusement de celle de cette r\u00e9gion semi d\u00e9sertique.<\/p>\n<p>Que sera le climat en 2060 et en 2100 dans les diff\u00e9rentes r\u00e9gions fran\u00e7aises ?<\/p>\n<p>Les agriculteurs, qui affrontent d\u00e9j\u00e0 de grosses difficult\u00e9s ann\u00e9es apr\u00e8s ann\u00e9es, ont besoin de visibilit\u00e9, pour mieux comprendre o\u00f9 cette succession de catastrophes les am\u00e8ne et pouvoir \u00e9laborer des strat\u00e9gies alternatives. \u00c9videmment en la <a href=\"https:\/\/www.futura-sciences.com\/sciences\/definitions\/matiere-matiere-15841\/\" target=\"_blank\" rel=\"noopener\">mati\u00e8re<\/a> rien n&rsquo;est s\u00fbr (ce qui fait le lit des climatosceptiques\u00a0!), mais les probabilit\u00e9s sont quand m\u00eame tr\u00e8s fortes.<\/p>\n<p class=\"fs-media\">\n<p><img decoding=\"async\" data-imgid=\"full\" src=\"https:\/\/www.europesays.com\/fr\/wp-content\/uploads\/2025\/11\/parmentier 2.jpg\" width=\"1080\" height=\"529\" alt=\"\" loading=\"lazy\"\/><br \/>\nEvolution de la production et du rendement des c\u00e9r\u00e9ales \u00e0 paille entre 1995 et 2025. On voit que la production annuelle fran\u00e7aise, sur des surfaces inchang\u00e9es, peut varier de 38 \u00e0 58 millions de tonnes en fonction du climat de l\u2019ann\u00e9e\u00a0! La production n\u2019est dor\u00e9navant sup\u00e9rieure aux 50 millions de tonnes qu\u2019une ann\u00e9e sur deux\u2026 Le m\u00eame ph\u00e9nom\u00e8ne peut \u00eatre observ\u00e9 sur d\u2019autres cultures embl\u00e9matiques, comme le ma\u00efs, le tournesol, la pomme de terre ou la betterave\u2026 (Source : minist\u00e8re de l\u2019Agriculture)<\/p>\n<p>\u00c0 Paris et en Ile de France, le climat a d\u00e9j\u00e0 augment\u00e9 de plus de 2\u00b0 depuis les ann\u00e9es 50\u00a0; le ph\u00e9nom\u00e8ne va s&rsquo;acc\u00e9l\u00e9rer bien \u00e9videmment. En 2060, le climat y ressemblera \u00e0 celui de Montpellier actuellement, avec pr\u00e8s de 4\u00b0 suppl\u00e9mentaires en \u00e9t\u00e9 et de 2\u00b0 en <a href=\"https:\/\/www.futura-sciences.com\/planete\/definitions\/hiver-hiver-17687\/\" target=\"_blank\" rel=\"noopener\">hiver<\/a>. Il est \u00e9vident qu&rsquo;on ne pourra pas produire de <a href=\"https:\/\/www.futura-sciences.com\/planete\/definitions\/botanique-ble-16233\/\" target=\"_blank\" rel=\"noopener\">bl\u00e9<\/a> en Beauce et en Brie comme on le fait aujourd&rsquo;hui, et avec les m\u00eames rendements. Mais ce n&rsquo;est pas fini, et malheureusement en 2100 on risque de subir le climat de Cordoue en Andalousie espagnole, avec pr\u00e8s de 7\u00b0 de plus l&rsquo;\u00e9t\u00e9, adieu les belles moissons de bl\u00e9\u00a0!<\/p>\n<p>Le climat de Montpellier et de l&rsquo;Occitanie en 2060 sera similaire au climat actuel de l&rsquo;Afrique du Nord, comme Tunis. Il est probable qu&rsquo;on ne pourra d\u00e9j\u00e0 plus y faire de vin.Les agricultures bretonnes et alsaciennes devront, elles, rapidement s&rsquo;inspirer de ce qui se passe actuellement en Occitanie, et \u00e0 terme en Alg\u00e9rie\u00a0! Avec des pointes de temp\u00e9rature en \u00e9t\u00e9 plus \u00e9lev\u00e9es en Alsace (o\u00f9 on risque de monter jusqu&rsquo;\u00e0 55\u00b0) qu&rsquo;en Bretagne (o\u00f9 on ne sera menac\u00e9 \u00ab\u00a0que\u00a0\u00bb de 46\u00b0)\u00a0!<\/p>\n<p class=\"fs-media\">\n<p><img decoding=\"async\" data-imgid=\"full\" src=\"https:\/\/www.europesays.com\/fr\/wp-content\/uploads\/2025\/11\/parmentier 3.jpg\" width=\"1080\" height=\"408\" alt=\"\" loading=\"lazy\"\/><br \/>\nEvolution probable du climat de 4 villes fran\u00e7aises. Sources : https:\/\/ccexplorer.eu\/\u00a0 et https:\/\/www.ouest-france.fr\/environnement\/rechauffement-climatique<\/p>\n<p>On voit d\u00e9j\u00e0 que les cultures traditionnelles de nos r\u00e9gions souffrent de plus en plus souvent, des <a href=\"https:\/\/www.futura-sciences.com\/planete\/definitions\/meteorologie-secheresse-6527\/\" target=\"_blank\" rel=\"noopener\">s\u00e9cheresses<\/a>, des canicules, des <a href=\"https:\/\/www.futura-sciences.com\/planete\/definitions\/climatologie-tempete-14551\/\" target=\"_blank\" rel=\"noopener\">temp\u00eates<\/a>, des <a href=\"https:\/\/www.futura-sciences.com\/planete\/definitions\/meteorologie-inondation-6305\/\" target=\"_blank\" rel=\"noopener\">inondations<\/a>, des maladies, des <a href=\"https:\/\/www.futura-sciences.com\/planete\/definitions\/geologie-gel-1496\/\" target=\"_blank\" rel=\"noopener\">gels<\/a> et des gr\u00eales intempestifs, etc. Au d\u00e9but, on parle de mauvaises ann\u00e9es et de pas de chance, mais progressivement on est bien oblig\u00e9 de constater que ces ph\u00e9nom\u00e8nes deviennent de plus en plus r\u00e9guliers et que c&rsquo;est le climat qui a chang\u00e9. Il va donc falloir s&rsquo;adapter.<\/p>\n<p class=\"fs-media\">\n<p><img decoding=\"async\" data-imgid=\"full\" src=\"https:\/\/www.europesays.com\/fr\/wp-content\/uploads\/2025\/11\/parmentier 4.jpg\" width=\"1080\" height=\"598\" alt=\"\" loading=\"lazy\"\/><br \/>\nOn a du mal \u00e0 y croire, mais le climat des r\u00e9gions situ\u00e9es au nord de la Loire va consid\u00e9rablement changer. Il sera vite impensable d\u2019y maintenir la m\u00eame agriculture, avec les m\u00eames vari\u00e9t\u00e9s et les m\u00eames techniques culturales. Illustration de l\u2019auteur \u00e0 partir ces chiffres ci-dessus \u00a9 Bruno Parmentier, tous droits r\u00e9serv\u00e9s\u00a0<\/p>\n<p>En France, qui est un pays temp\u00e9r\u00e9, la situation n&rsquo;est absolument pas d\u00e9sesp\u00e9r\u00e9e, puisque nous allons pouvoir acclimater chez nous des plantes qui poussaient habituellement plus au sud, en Espagne, en Italie, ou au Maghreb. Cela n\u00e9cessitera naturellement beaucoup d&rsquo;efforts mais pourra nous consoler de la migration de nos plantes traditionnelles vers la Grande-Bretagne ou le Danemark\u00a0!<\/p>\n<p>Si le climat bouge, les arbres devront bouger \u00e9galement.<\/p>\n<p>Ceci est particuli\u00e8rement vrai pour les plantes \u00e0 cycles longs comme les <a href=\"https:\/\/www.futura-sciences.com\/planete\/definitions\/classification-vivant-arbre-14137\/\" target=\"_blank\" rel=\"noopener\">arbres<\/a>. Quand on plante un arbre, c&rsquo;est pour 50, 100 ans, voire plus, et il est alors parfaitement logique de choisir, non pas les esp\u00e8ces qui poussaient il y a 50 ans facilement dans sa r\u00e9gion, mais celles qui poussent actuellement dans les r\u00e9gions dont aura prochainement le climat. C&rsquo;est ainsi que l&rsquo;<a href=\"https:\/\/www.adaptation-changement-climatique.gouv.fr\/dossiers-thematiques\/milieux\/foret\" target=\"_blank\" rel=\"noopener\">Office national des for\u00eats<\/a> a observ\u00e9 un accroissement de 80\u00a0% de la mortalit\u00e9 des arbres dans les 10 derni\u00e8res ann\u00e9es et estime que 300\u00a0000 hectares de for\u00eats (soit 30 fois la superficie de Paris) sont d\u00e9j\u00e0 largement d\u00e9p\u00e9ris, et que 50\u00a0% de la for\u00eat fran\u00e7aise pourrait avoir chang\u00e9 de visage d&rsquo;ici 2070. A titre d&rsquo;exemples\u00a0:<\/p>\n<p class=\"fs-media\">\n<p><img decoding=\"async\" data-imgid=\"full\" src=\"https:\/\/www.europesays.com\/fr\/wp-content\/uploads\/2025\/11\/parmentier 5.jpg\" width=\"1080\" height=\"817\" alt=\"\" loading=\"lazy\"\/><br \/>\nUne bonne partie des arbres que nous avons l\u2019habitude de voir dans nos r\u00e9gions vont devoir les quitter,\u00a0nos paysages vont en \u00eatre profond\u00e9ment transform\u00e9s. Illustration de l\u2019auteur. \u00a9 Bruno Parmentier, tous droits r\u00e9serv\u00e9s\u00a0<\/p>\n<ul>\n<li>Les <a href=\"https:\/\/www.futura-sciences.com\/planete\/definitions\/botanique-chene-sessile-7964\/\" target=\"_blank\" rel=\"noopener\">Ch\u00eanes sessile<\/a> et p\u00e9doncul\u00e9, premi\u00e8re essence de la for\u00eat verraient 1\/3 de leur aire actuelle devenir inhospitali\u00e8re.<\/li>\n<li>Le retrait du <a href=\"https:\/\/www.futura-sciences.com\/planete\/definitions\/botanique-hetre-8504\/\" target=\"_blank\" rel=\"noopener\">H\u00eatre<\/a>, qui couvre 15\u00a0% de la surface foresti\u00e8re, pourrait concerner les 2\/3 de son aire actuelle, avec un repli vers les massifs montagneux et le nord-est de la France.<\/li>\n<li>Le <a href=\"https:\/\/www.futura-sciences.com\/planete\/definitions\/botanique-sapin-blanc-11811\/\" target=\"_blank\" rel=\"noopener\">Sapin<\/a>, pourrait subir un recul l&rsquo;ordre de 60\u00a0%, sur ses marges m\u00e9ridionales et \u00e0 basse ou moyenne altitude.<\/li>\n<li>L&rsquo;\u00c9pic\u00e9a, devrait se replier dans l&rsquo;\u00e9tage subalpin, sur seulement 1\/10 de la surface qu&rsquo;il occupe actuellement.<\/li>\n<li>Le <a href=\"https:\/\/www.futura-sciences.com\/planete\/definitions\/botanique-pin-maritime-9815\/\" target=\"_blank\" rel=\"noopener\">Pin maritime<\/a>, se voit menac\u00e9 en Aquitaine et en r\u00e9gion m\u00e9diterran\u00e9enne. Mais il pourra gagner la moiti\u00e9 nord de la France.<\/li>\n<\/ul>\n<p>Concernant les arbres fruitiers du sud de la France, il est tr\u00e8s probable que les p\u00eachers, abricotiers, pommiers, <a href=\"https:\/\/www.futura-sciences.com\/planete\/definitions\/botanique-figuier-10378\/\" target=\"_blank\" rel=\"noopener\">figuiers<\/a>, <a href=\"https:\/\/www.futura-sciences.com\/planete\/definitions\/botanique-cerisier-10372\/\" target=\"_blank\" rel=\"noopener\">cerisiers<\/a>, etc. vont devoir migrer vers la moiti\u00e9 nord de la France. Les vari\u00e9t\u00e9s actuelles, adapt\u00e9es \u00e0 un climat temp\u00e9r\u00e9, subissent des floraisons pr\u00e9coces, les rendant plus vuln\u00e9rables aux gels tardifs, peinent \u00e0 lutter contre l&rsquo;apparition de nouveaux <a href=\"https:\/\/www.futura-sciences.com\/planete\/definitions\/zoologie-parasite-2126\/\" target=\"_blank\" rel=\"noopener\">parasites<\/a> et \u00e0 supporter les \u00e9t\u00e9s de plus en plus chauds et secs, ce qui entra\u00eene des pertes de production et une baisse de la qualit\u00e9 des fruits.<\/p>\n<p>Reste \u00e0 d\u00e9terminer par quelles esp\u00e8ces ils pourront \u00eatre remplac\u00e9s dans le sud-est de la France&#8230; On <a href=\"https:\/\/ecophytopic.fr\/pic\/concevoir-son-systeme\/rechauffement-climatique-et-nouvelles-cultures-fruitieres-des-adaptations\" target=\"_blank\" rel=\"noopener\">parle d\u2019y acclimater<\/a> le pistachier, l&rsquo;<a href=\"https:\/\/www.futura-sciences.com\/planete\/definitions\/botanique-amandier-10368\/\" target=\"_blank\" rel=\"noopener\">amandier<\/a>, le grenadier, le <a href=\"https:\/\/www.futura-sciences.com\/sante\/definitions\/fruit-kaki-17891\/\" target=\"_blank\" rel=\"noopener\">kaki<\/a> et certains agrumes. Voire l&rsquo;<a href=\"https:\/\/www.futura-sciences.com\/planete\/definitions\/botanique-ananas-7583\/\" target=\"_blank\" rel=\"noopener\">ananas<\/a> (au commencement sous serre), le dattier, l&rsquo;avocatier (mais ce dernier a besoin de beaucoup d&rsquo;eau comme on l&rsquo;a vu dans <a href=\"https:\/\/www.futura-sciences.com\/planete\/actualites\/deforestation-avocat-face-cachee-star-salades-88156\/\" title=\"L&#039;avocat, la face cach\u00e9e de la star des salades\" target=\"_blank\" rel=\"noopener\">l\u2019article sur l\u2019avocat<\/a>). Il semble urgent de multiplier dor\u00e9navant les essais, car on n&rsquo;y arrivera certainement pas du premier coup&#8230;<\/p>\n<p>Dans la moiti\u00e9 nord, les pommiers et poiriers traditionnels seront sensibles au manque de froid hivernal (besoin en heures de froid non satisfait), \u00e0 l&rsquo;avanc\u00e9e de la floraison (risque de gel tardif), et au <a href=\"https:\/\/www.futura-sciences.com\/planete\/definitions\/eau-stress-hydrique-16637\/\" target=\"_blank\" rel=\"noopener\">stress hydrique<\/a> en \u00e9t\u00e9\u00a0; les cerisiers seront vuln\u00e9rables aux pluies printani\u00e8res (\u00e9clatement des fruits) et aux coups de <a href=\"https:\/\/www.futura-sciences.com\/sciences\/definitions\/physique-chaleur-15898\/\" target=\"_blank\" rel=\"noopener\">chaleur<\/a> estivaux\u00a0; les pruniers, comme les mirabelliers ou quetschiers, souffriront des hivers trop doux et des \u00e9t\u00e9s secs.<\/p>\n<p>Il est n\u00e9anmoins probable qu&rsquo;on puisse maintenir certaines de ces productions, au prix de changements pour des vari\u00e9t\u00e9s plus r\u00e9silientes, par exemple en pommiers &lsquo;Akane&rsquo;, &lsquo;Santana&rsquo;, &lsquo;Dalinou&rsquo; (vari\u00e9t\u00e9s tardives, r\u00e9sistantes \u00e0 la <a href=\"https:\/\/www.futura-sciences.com\/planete\/definitions\/botanique-tavelure-9546\/\" target=\"_blank\" rel=\"noopener\">tavelure<\/a>) ou &lsquo;Belle de Boskoop&rsquo; (r\u00e9sistante \u00e0 la s\u00e9cheresse), ou en poiriers\u00a0: &lsquo;Williams rouge&rsquo;, &lsquo;Passe-Crassane&rsquo; &lsquo;Conf\u00e9rence&rsquo; (mieux adapt\u00e9es aux climats doux et secs). A condition d&rsquo;adapter \u00e9galement les pratiques culturales en adoptant par exemple le paillage (pour conserver l&rsquo;humidit\u00e9 du sol et limiter le stress hydrique en \u00e9t\u00e9), l&rsquo;<a href=\"https:\/\/www.futura-sciences.com\/planete\/definitions\/developpement-durable-irrigation-11290\/\" target=\"_blank\" rel=\"noopener\">irrigation<\/a> raisonn\u00e9e au goutte-\u00e0-goutte pour les jeunes plantations et pendant les p\u00e9riodes de s\u00e9cheresse, ou la protection contre le gel tardif via des voiles d&rsquo;hivernage ou des filets anti-gel pour les floraisons pr\u00e9coces.<\/p>\n<p>Si le climat bouge, les cultures annuelles devront changer \u00e9galement\u00a0<\/p>\n<p>On l&rsquo;a vu dans <a href=\"https:\/\/www.futura-sciences.com\/planete\/actualites\/agriculture-rechauffement-climatique-tomate-va-t-elle-emmener-france-oree-revolution-agricole-115517\/\" title=\"R\u00e9chauffement climatique : la tomate va-t-elle emmener la France \u00e0 l&#039;or\u00e9e d&#039;une r\u00e9volution agricole ?\" target=\"_blank\" rel=\"noopener\">mon article sur l\u2019avenir de la production de tomates<\/a> dans l&rsquo;ouest de la France, il est tr\u00e8s probable que l&rsquo;Espagne et le Maroc ne pourront plus cultiver de <a href=\"https:\/\/www.futura-sciences.com\/planete\/definitions\/botanique-tomate-7375\/\" target=\"_blank\" rel=\"noopener\">tomates<\/a> dans les prochaines d\u00e9cennies. Or nous en importons 300 000 tonnes par an, la moiti\u00e9 de notre consommation ! Il y a place pour l&rsquo;implantation de 1000 hectares de nouvelles serres de tomates, de La Rochelle \u00e0 Brest et de Brest au Havre !<\/p>\n<p class=\"fs-media\">\n<p><img decoding=\"async\" data-imgid=\"full\" src=\"https:\/\/www.europesays.com\/fr\/wp-content\/uploads\/2025\/11\/parmentier 6.jpg\" width=\"1080\" height=\"758\" alt=\"\" loading=\"lazy\"\/><br \/>\nLes principales r\u00e9gions productrices de tomates sont actuellement la Bretagne, l\u2019Aquitaine, la Provence-Alpes-C\u00f4te d&rsquo;Azur et les Pays de la Loire. Potentiellement, on pourrait en particulier d\u00e9velopper cette production en Normandie, voire dans les Hauts-de-France\u2026 \u00a9 Bruno Parmentier<\/p>\n<p class=\"fs-media\">\n<p><img decoding=\"async\" data-imgid=\"full\" src=\"https:\/\/www.europesays.com\/fr\/wp-content\/uploads\/2025\/11\/parmentier 7.jpg\" width=\"1080\" height=\"623\" alt=\"\" loading=\"lazy\"\/><br \/>\nL\u2019olivier, un arbre typique du bassin m\u00e9diterran\u00e9en, va progressivement dispara\u00eetre de Gr\u00e8ce et de Turquie pour s\u2019implanter durablement en Bretagne, mais aussi en Grande Bretagne, aux Pays-Bas et au Danemark\u00a0! Source FAO et Serge Zaka<\/p>\n<p>Les principales r\u00e9gions productrices de tomates sont actuellement la Bretagne, l&rsquo;Aquitaine, la Provence-Alpes-C\u00f4te d&rsquo;Azur et les Pays de la Loire. Potentiellement, on pourrait en particulier d\u00e9velopper cette production en Normandie, voire dans les Hauts-de-France&#8230; \u00a9 <a href=\"https:\/\/www.futura-sciences.com\/planete\/personnalites\/planete-bruno-parmentier-1694\/\" target=\"_blank\" rel=\"noopener\">Bruno Parmentier<\/a><\/p>\n<p>La vigne va aussi beaucoup bouger. Sa culture \u00e9tait carr\u00e9ment interdite en Bretagne depuis les ann\u00e9es 30, mais cette interdiction a saut\u00e9 en 2016 et on compte d\u00e9j\u00e0 43 vignerons professionnels dans cette r\u00e9gion (plut\u00f4t r\u00e9put\u00e9e pour son cidre), plus une <a href=\"https:\/\/www.20minutes.fr\/societe\/4132287-20250111-nouvel-eldorado-vignerons-bretagne-veut-faire-nom-carte-vins-france-attendant-igp\" target=\"_blank\" rel=\"noopener\">association de vignerons bretons<\/a>, qui souhaite produire un million de bouteilles d\u00e8s 2030 et a initi\u00e9 des d\u00e9marches pour obtenir une indication g\u00e9ographique prot\u00e9g\u00e9e \u00ab\u00a0Vin de Bretagne\u00a0\u00bb.<\/p>\n<p class=\"fs-media\">\n<p><img decoding=\"async\" data-imgid=\"full\" src=\"https:\/\/www.europesays.com\/fr\/wp-content\/uploads\/2025\/11\/parmentier 8.jpg\" width=\"1080\" height=\"624\" alt=\"\" loading=\"lazy\"\/><br \/>\nIl est probable qu\u2019on aura beaucoup de difficult\u00e9s \u00e0 maintenir durablement les vignobles en Espagne et en Italie\u2026 et en Occitanie, mais on ne tardera pas \u00e0 gouter du vin breton ou anglais, voire danois ! \u00a9 Agroclimat Serge Zaka<\/p>\n<p>Il faut prendre conscience que les temp\u00e9ratures <a href=\"https:\/\/www.futura-sciences.com\/planete\/definitions\/botanique-annuelle-19389\/\" target=\"_blank\" rel=\"noopener\">annuelles<\/a> moyennes \u00e0 <a href=\"https:\/\/www.futura-sciences.com\/planete\/definitions\/zoologie-renne-8688\/\" target=\"_blank\" rel=\"noopener\">Rennes<\/a> entre\u00a01991 et\u00a02020 sont les m\u00eames que celles de Bordeaux entre\u00a01951 et\u00a01980&#8230;<\/p>\n<p>L&rsquo;\u00e9levage va aussi op\u00e9rer un vrai d\u00e9m\u00e9nagement<\/p>\n<p>Tout comme nous, les <a href=\"https:\/\/www.futura-sciences.com\/planete\/definitions\/vache-vache-17479\/\" target=\"_blank\" rel=\"noopener\">vaches<\/a> souffrent quand il fait chaud. La temp\u00e9rature id\u00e9ale pour une vache laiti\u00e8re se situe entre 6\u00b0C et 13\u00b0C. Les vaches commencent \u00e0 souffrir de stress thermique d\u00e8s 24-26\u00b0C (surtout avec une humidit\u00e9 \u00e9lev\u00e9e)\u00a0: augmentation de la fr\u00e9quence respiratoire, hal\u00e8tement, baisse de l&rsquo;app\u00e9tit, <a href=\"https:\/\/www.futura-sciences.com\/sante\/definitions\/medecine-deshydratation-3237\/\" target=\"_blank\" rel=\"noopener\">d\u00e9shydratation<\/a>, baisse de la rumination. On observe 20 \u00e0 30\u00a0% de baisse de production pendant les \u00e9pisodes de forte chaleur, avec une diminution du taux de <a href=\"https:\/\/www.futura-sciences.com\/sante\/definitions\/biologie-proteine-237\/\" target=\"_blank\" rel=\"noopener\">prot\u00e9ines<\/a> et de mati\u00e8res grasses, une augmentation du risque de mammite, <a href=\"https:\/\/www.futura-sciences.com\/sante\/definitions\/medecine-acidose-2921\/\" target=\"_blank\" rel=\"noopener\">acidose<\/a>, fourbure, coup de chaleur, etc., et une forte diminution de la fertilit\u00e9.<\/p>\n<p>Cela conduira les \u00e9leveurs \u00e0 prendre diverses mesures de <a href=\"https:\/\/www.futura-sciences.com\/planete\/definitions\/developpement-durable-prevention-6509\/\" target=\"_blank\" rel=\"noopener\">pr\u00e9vention<\/a>\u00a0: <a href=\"https:\/\/www.futura-sciences.com\/maison\/definitions\/maison-isolation-10728\/\" target=\"_blank\" rel=\"noopener\">isolation<\/a> et <a href=\"https:\/\/www.futura-sciences.com\/maison\/definitions\/batiment-ventilation-5362\/\" target=\"_blank\" rel=\"noopener\">ventilation<\/a> des b\u00e2timents, installation de <a href=\"https:\/\/www.futura-sciences.com\/maison\/comparatifs\/meilleur-rafraichisseur-dair-comparatif\/\" title=\"Comparatif rafra\u00eechisseur air\" class=\"link-type-comparo\" target=\"_blank\" rel=\"noopener\">ventilateurs<\/a>, brumisateurs, ouverture accrue des b\u00e2timents pour favoriser la circulation d&rsquo;<a href=\"https:\/\/www.futura-sciences.com\/sciences\/definitions\/chimie-air-4452\/\" target=\"_blank\" rel=\"noopener\">air<\/a>, etc. Mais aussi \u00e0 changer les troupeaux au profit de races mieux adapt\u00e9es au nouveau climat (sachant que les races bovines qui supportent le <a href=\"https:\/\/www.futura-sciences.com\/planete\/definitions\/climatologie-climat-tropical-16800\/\" target=\"_blank\" rel=\"noopener\">climat tropical<\/a> produisent beaucoup moins de lait que nos Holstein\u00a0!).<\/p>\n<p>Sans oublier le fait que, s&rsquo;il faut chaud, les \u00e9leveurs devront affronter toutes les maladies des pays chauds, comme\u00a0:<\/p>\n<ul>\n<li>Des maladies virales\u00a0: <a href=\"https:\/\/www.futura-sciences.com\/sante\/definitions\/medecine-maladie-langue-bleue-5092\/\" target=\"_blank\" rel=\"noopener\">Fi\u00e8vre catarrhale<\/a> ovine, <a href=\"https:\/\/www.futura-sciences.com\/sante\/definitions\/medecine-peste-4225\/\" target=\"_blank\" rel=\"noopener\">Peste<\/a> \u00e9quine, Fi\u00e8vre de la vall\u00e9e du <a href=\"https:\/\/www.futura-sciences.com\/planete\/definitions\/geologie-rift-3538\/\" target=\"_blank\" rel=\"noopener\">Rift<\/a>, Fi\u00e8vre du Nil occidental, <a href=\"https:\/\/www.futura-sciences.com\/sante\/definitions\/medecine-grippe-aviaire-3638\/\" target=\"_blank\" rel=\"noopener\">Grippe aviaire<\/a>, Peste porcine africaine, etc.<\/li>\n<li>Des maladies bact\u00e9riennes\u00a0: <a href=\"https:\/\/www.futura-sciences.com\/sante\/definitions\/infection-leptospirose-21317\/\" target=\"_blank\" rel=\"noopener\">Leptospirose<\/a>, <a href=\"https:\/\/www.futura-sciences.com\/sante\/definitions\/medecine-maladie-charbon-4228\/\" target=\"_blank\" rel=\"noopener\">Anthrax<\/a> (<a href=\"https:\/\/www.futura-sciences.com\/planete\/definitions\/developpement-durable-charbon-6636\/\" target=\"_blank\" rel=\"noopener\">charbon<\/a>), etc.<\/li>\n<li>Des <a href=\"https:\/\/www.futura-sciences.com\/sante\/definitions\/medecine-parasitose-11192\/\" target=\"_blank\" rel=\"noopener\">parasitoses<\/a>\u00a0: <a href=\"https:\/\/www.futura-sciences.com\/sante\/definitions\/medecine-leishmaniose-12117\/\" target=\"_blank\" rel=\"noopener\">Leishmaniose<\/a>, Strongles <a href=\"https:\/\/www.futura-sciences.com\/sante\/definitions\/medecine-gastro-enterite-5130\/\" target=\"_blank\" rel=\"noopener\">gastro<\/a>-intestinaux, Douves (fasciolose), etc.<\/li>\n<\/ul>\n<p>La <a href=\"https:\/\/www.futura-sciences.com\/sciences\/definitions\/physique-diffusion-1020\/\" target=\"_blank\" rel=\"noopener\">diffusion<\/a> de ces maladies r\u00e9duira fortement la productivit\u00e9 des \u00e9levages et les revenus des \u00e9leveurs, compromettant la poursuite de leur activit\u00e9.<\/p>\n<p class=\"fs-media\">\n<p><img decoding=\"async\" data-imgid=\"full\" src=\"https:\/\/www.europesays.com\/fr\/wp-content\/uploads\/2025\/11\/parmentier 9.jpg\" width=\"1080\" height=\"722\" alt=\"\" loading=\"lazy\"\/><br \/>\n\u00a0Fi\u00e8vre catarrhale ovine : Voies d&rsquo;introduction des virus BTV en Europe, p\u00e9riode 1998-2008. Une belle illustration de la constatation : \u00ab Si on a chaud, on aura aussi les maladies des pays chauds. Rappelons-nous que le moustique tigre est d\u00e9j\u00e0 remont\u00e9 au nord de la Loire, on y est donc \u00e0 la merci d\u2019une \u00e9pid\u00e9mie de Chikungunia ou de Zaka ! Source\u00a0: <a href=\"https:\/\/fr.wikipedia.org\/wiki\/Fi%C3%A8vre_catarrhale#\/media\/Fichier:Map_of_molecular_epidemiology_of_bluetongue_virus_in_Europe.gif\" target=\"_blank\" rel=\"noopener\">Wikipedia<\/a><\/p>\n<p>Et, en plus, les perspectives de production d&rsquo;herbes et de fourrages sont \u00e0 revoir \u00e0 la baisse, vu les s\u00e9cheresses et canicules \u00e0 venir, ou les exc\u00e9dents d&rsquo;eau au printemps. C&rsquo;est ainsi qu&rsquo;en 2003, 2011 et 2022, on a manqu\u00e9 gravement de fourrage et que, faute de mieux, les agriculteurs se sont solidaris\u00e9s pour transporter des milliers de tonnes de paille issue des zones c\u00e9r\u00e9ali\u00e8res vers les zones d&rsquo;\u00e9levage. La paille est un aliment pauvre en <a href=\"https:\/\/www.futura-sciences.com\/sante\/definitions\/nutrition-sucre-16105\/\" target=\"_blank\" rel=\"noopener\">sucres<\/a> solubles, en <a href=\"https:\/\/www.futura-sciences.com\/sante\/definitions\/biologie-matieres-azotees-8551\/\" target=\"_blank\" rel=\"noopener\">mati\u00e8res azot\u00e9es<\/a>, en <a href=\"https:\/\/www.futura-sciences.com\/maison\/definitions\/construction-maison-granulats-17943\/\" target=\"_blank\" rel=\"noopener\">min\u00e9raux<\/a> et en <a href=\"https:\/\/www.futura-sciences.com\/sante\/definitions\/medecine-vitamine-285\/\" target=\"_blank\" rel=\"noopener\">vitamines<\/a>, encombrant et peu digestible, cependant elle permet de faire face au plus press\u00e9, en y ajoutant des compl\u00e9ments alimentaires. On a utilis\u00e9 \u00e9galement au maximum les sous-produits de l&rsquo;industrie agro-alimentaire (pulpes de betteraves, lactos\u00e9rum, dr\u00eaches de brasserie, pommes, <a href=\"https:\/\/www.futura-sciences.com\/planete\/definitions\/botanique-carotte-7429\/\" target=\"_blank\" rel=\"noopener\">carottes<\/a>, <a href=\"https:\/\/www.futura-sciences.com\/planete\/definitions\/botanique-pomme-terre-7373\/\" target=\"_blank\" rel=\"noopener\">pommes de terre<\/a>), une pratique qui pourrait devenir courante, mais qui ob\u00e9rera gravement les revenus des \u00e9leveurs. Les zones de fromage AOP seront particuli\u00e8rement touch\u00e9es (comme le Comt\u00e9) car leur cahier des charges interdit l&rsquo;importation de fourrage d&rsquo;autres r\u00e9gions&#8230; Gageons que \u00e7a ne pourra pas durer si cela doit se reproduire chaque ann\u00e9e. Il faudra donc bien d\u00e9localiser une partie de notre \u00e9levage.<\/p>\n<p class=\"fs-media\">\n<p><img decoding=\"async\" data-imgid=\"full\" src=\"https:\/\/www.europesays.com\/fr\/wp-content\/uploads\/2025\/11\/parmentier 10.jpg\" width=\"1080\" height=\"799\" alt=\"\" loading=\"lazy\"\/><br \/>\nLe transport de fourrages sur des grandes distances ne peut \u00eatre qu\u2019un pis-aller exceptionnel\u2026 S\u2019il revient chaque ann\u00e9e, c\u2019est le signe qu\u2019il faut finir r\u00e9implanter les \u00e9levages dans des zones plus favorables, et diminuer d\u2019intensit\u00e9\u00a0! Source <a href=\"https:\/\/commons.wikimedia.org\/wiki\/File:Hay_Truck_%285282834553%29.jpg\" target=\"_blank\" rel=\"noopener\">Wikipedia<\/a><\/p>\n","protected":false},"excerpt":{"rendered":"On s&rsquo;accorde maintenant pour estimer que notre irresponsabilit\u00e9 et notre ind\u00e9cision risquent de provoquer une augmentation d&rsquo;environ 4\u00b0&hellip;\n","protected":false},"author":2,"featured_media":568118,"comment_status":"","ping_status":"","sticky":false,"template":"","format":"standard","meta":{"footnotes":""},"categories":[2817],"tags":[1111,11,327,1997,2161,4734,68341,1777,674,1011,27,12,2219,5140,25,68342],"class_list":{"0":"post-568117","1":"post","2":"type-post","3":"status-publish","4":"format-standard","5":"has-post-thumbnail","7":"category-bordeaux","8":"tag-actu","9":"tag-actualites","10":"tag-agriculture","11":"tag-bordeaux","12":"tag-cereales","13":"tag-changement-climatique","14":"tag-culture-des-cereales","15":"tag-eu","16":"tag-europe","17":"tag-fr","18":"tag-france","19":"tag-news","20":"tag-nouvelle-aquitaine","21":"tag-rechauffement-climatique","22":"tag-republique-francaise","23":"tag-stockage-des-cereales"},"share_on_mastodon":{"url":"https:\/\/pubeurope.com\/@fr\/115636879960983978","error":""},"_links":{"self":[{"href":"https:\/\/www.europesays.com\/fr\/wp-json\/wp\/v2\/posts\/568117","targetHints":{"allow":["GET"]}}],"collection":[{"href":"https:\/\/www.europesays.com\/fr\/wp-json\/wp\/v2\/posts"}],"about":[{"href":"https:\/\/www.europesays.com\/fr\/wp-json\/wp\/v2\/types\/post"}],"author":[{"embeddable":true,"href":"https:\/\/www.europesays.com\/fr\/wp-json\/wp\/v2\/users\/2"}],"replies":[{"embeddable":true,"href":"https:\/\/www.europesays.com\/fr\/wp-json\/wp\/v2\/comments?post=568117"}],"version-history":[{"count":0,"href":"https:\/\/www.europesays.com\/fr\/wp-json\/wp\/v2\/posts\/568117\/revisions"}],"wp:featuredmedia":[{"embeddable":true,"href":"https:\/\/www.europesays.com\/fr\/wp-json\/wp\/v2\/media\/568118"}],"wp:attachment":[{"href":"https:\/\/www.europesays.com\/fr\/wp-json\/wp\/v2\/media?parent=568117"}],"wp:term":[{"taxonomy":"category","embeddable":true,"href":"https:\/\/www.europesays.com\/fr\/wp-json\/wp\/v2\/categories?post=568117"},{"taxonomy":"post_tag","embeddable":true,"href":"https:\/\/www.europesays.com\/fr\/wp-json\/wp\/v2\/tags?post=568117"}],"curies":[{"name":"wp","href":"https:\/\/api.w.org\/{rel}","templated":true}]}}