{"id":56812,"date":"2025-04-27T12:33:09","date_gmt":"2025-04-27T12:33:09","guid":{"rendered":"https:\/\/www.europesays.com\/fr\/56812\/"},"modified":"2025-04-27T12:33:09","modified_gmt":"2025-04-27T12:33:09","slug":"le-flair-et-la-chance-des-agents-de-la-brigade-de-surveillance","status":"publish","type":"post","link":"https:\/\/www.europesays.com\/fr\/56812\/","title":{"rendered":"Le flair et la chance des agents de la brigade de surveillance"},"content":{"rendered":"\n<p>Dans les bureaux de la caserne du boulevard de Strasbourg (3e) en pleine r\u00e9novation, Gilles et Mohammed*, tous deux agents de la BSI (Brigade de surveillance int\u00e9rieure), pr\u00e8s de 10\u00a0ans d\u2019exp\u00e9rience au compteur, se livrent volontiers sur ce qui fait le sel de leur m\u00e9tier\u00a0: \u00ab\u00a0La vari\u00e9t\u00e9 des missions\u00a0\u00bb, \u00ab\u00a0la traque\u00a0\u00bb, \u00ab\u00a0l\u2019adr\u00e9naline\u00a0\u00bb quand ils d\u00e9couvrent des sommes d\u2019argent assez faramineuses, \u00ab\u00a0109\u00a0000\u00a0euros la semaine derni\u00e8re, sur dans le sac \u00e0 dos d\u2019un voyageur dans un train pour Lyon\u00a0\u00bb, ou vendredi \u00e0 Saint-Charles, deux kilos de coca\u00efne d\u00e9nich\u00e9s dans des paquets de c\u00e9r\u00e9ales au c\u0153ur d\u2019une valise.<\/p>\n<p>\u00c9l\u00e9ment essentiel de la branche \u00ab\u00a0surveillance\u00a0\u00bb avec la brigade de surveillance ext\u00e9rieure (BSE) concentr\u00e9e sur les fronti\u00e8res, leur service agit lui sur le territoire, essentiellement en mode flagrants d\u00e9lits. \u00ab\u00a0\u00c0 la douane, nous sommes la police des marchandises\u00a0\u00bb r\u00e9sume Gilles. Si leurs homologues des autres directions sont beaucoup sur les routes, \u00ab\u00a0\u00e0 Marseille, c\u2019est une brigade atypique, un peu touche-\u00e0-tout, qui a une mission \u00e0 vocation urbaine, avec beaucoup de contr\u00f4les \u00e0 la gare, dans les bus, les trains. Nous r\u00e9alisons des contr\u00f4les embarqu\u00e9s. On peut aller jusqu\u2019\u00e0 Montpellier \u00e0 l\u2019Ouest, Lyon au Nord, Aux Arcs-Draguignan \u00e0 l\u2019Est\u00a0\u00bb pr\u00e9cise Gilles. Ils interviennent aussi sur les march\u00e9s \u00ab\u00a0aux puces, \u00e0 la Plaine\u00a0\u00bb mais surtout d\u00e9tectent les colis suspects chez \u00ab\u00a0les expressistes\u00a0\u00bb.<\/p>\n<p>Une activit\u00e9 devenue prioritaire avec l\u2019explosion du e-commerce. Selon la douane, 300 \u00e0 400\u00a0millions de colis arrivent chaque ann\u00e9e en France en provenance de pays non europ\u00e9ens. La douane se posant alors en garant du respect de la \u00ab\u00a0fronti\u00e8re num\u00e9rique.\u00a0\u00bb Les agents v\u00e9rifient l\u2019application des normes CE pour la protection des consommateurs, des barri\u00e8res tarifaires et non tarifaires&#8230;<\/p>\n<p>Pas de profil type de d\u00e9linquants<\/p>\n<p>Mohammed et Gilles y vont \u00ab\u00a0au flair\u00a0\u00bb m\u00eame si \u00ab\u00a0on a des indices, avec des provenances plus sensibles que d\u2019autres, comme la Chine pour les v\u00eatements, l\u2019Inde, la Tha\u00eflande pour les m\u00e9dicaments, les \u00c9tats-Unis pour les stups, les armes&#8230;\u00a0\u00bb explique Mohammed. Comme cette affaire r\u00e9cente de contrefa\u00e7on textile \u00e0 laquelle il a particip\u00e9. \u00ab\u00a0On a contr\u00f4l\u00e9 un fret express \u00e0 la Poste et d\u00e9couvert dans des colis des \u00e9tiquettes contrefaites. On s\u2019est fait passer pour le facteur et on a trouv\u00e9 l\u2019atelier clandestin\u00a0\u00bb, raconte-t-il. Apr\u00e8s une petite \u00ab\u00a0visite domiciliaire\u00a0\u00bb, l\u2019\u00e9quivalent de la perquisition, les agents tombent sur des textiles vierges, des \u00e9tiquettes de diff\u00e9rentes marques, des machines \u00e0 coudre pour pr\u00e8s de 23\u00a0000\u00a0articles et du cash. L\u2019argent sera retenu en s\u00fbret\u00e9 des p\u00e9nalit\u00e9s pour assurer la solvabilit\u00e9 du d\u00e9linquant, \u00ab\u00a0cela fait partie de l\u2019amende\u00a0\u00bb, ajoute Gilles.<\/p>\n<p>Habitu\u00e9s du contr\u00f4le al\u00e9atoire, ils insistent sur l\u2019exp\u00e9rience et aussi la \u00ab\u00a0grande part de chance\u00a0\u00bb. Car il n\u2019y a plus de profil type du d\u00e9linquant. \u00ab\u00a0Avec l\u2019augmentation des prix, le pouvoir d\u2019achat qui baisse, des gens se font prendre par les r\u00e9seaux. Cela peut \u00eatre des retrait\u00e9s\u00a0\u00bb, t\u00e9moigne Mohammed qui se souvient d\u2019une affaire dans son ancienne brigade savoyarde, o\u00f9 un septuag\u00e9naire s\u2019est fait prendre au p\u00e9age \u00ab\u00a0avec 60\u00a0kg d\u2019herbe\u00a0\u00bb suite \u00e0 la question d\u2019un douanier stagiaire. \u00ab\u00a0Il demandait \u00e0 un coll\u00e8gue comment on savait que la voiture avait \u00e9t\u00e9 d\u00e9mont\u00e9e, et en regardant des boulons ils ont constat\u00e9 que c\u2019\u00e9tait le cas, le monsieur allait repartir&#8230;\u00a0\u00bb, poursuit-il. Avec 700\u00a0euros de pension, les 3\u00a0000\u00a0euros du contrat avec les trafiquants lui permettaient de se renflouer&#8230;<\/p>\n<p>Les alimentations, rapport \u00e0 la vente de tabac dont seul l\u2019\u00c9tat a le monopole et se fait dans des conditions pr\u00e9cises, sont aussi leur terrain d\u2019action. Avec les cigarettes au contenu inqui\u00e9tant entre pneu et crottes de rat, ils trouvent aussi souvent du miel aphrodisiaque. Un produit \u00ab\u00a0en provenance de Tha\u00eflande et \u00c9mirats Arabes Unis, \u00e0 la mode chez les jeunes\u00a0\u00bb, se d\u00e9sole Gilles qui contient \u00ab\u00a0du sild\u00e9nafil, une substance active du Viagra. Pris n\u2019importe quand par n\u2019importe qui, c\u2019est l\u2019arr\u00eat cardiaque.\u00a0\u00bb<\/p>\n<p>Leur arme principale, au-del\u00e0 de celle qu\u2019ils portent \u00e0 la ceinture\u00a0: l\u2019article 60 du code des douanes, r\u00e9cemment r\u00e9\u00e9crit pour une question d\u2019inconstitutionnalit\u00e9. \u00ab\u00a0Il \u00e9tait vieux, c\u2019est bien que \u00e7a \u00e9volue et d\u00e9sormais tout est bien carr\u00e9\u00a0\u00bb, estime Mohammed. Le livre des proc\u00e9dures fiscales associ\u00e9 au code g\u00e9n\u00e9ral des imp\u00f4ts fait aussi partie de leur \u00ab\u00a0pouvoir\u00a0\u00bb. Pour exercer ce m\u00e9tier \u00ab\u00a0souvent m\u00e9connu\u00a0\u00bb dans lequel ils sont arriv\u00e9s un peu par hasard, il faut aussi de la curiosit\u00e9, de la patience, du calme, estiment-ils, fiers d\u2019appartenir \u00e0 la fonction publique m\u00eame si elle ne fait plus recette aupr\u00e8s des jeunes. \u00ab\u00a0Les gens ne se rendent pas compte qu\u2019on est l\u00e0 pour les prot\u00e9ger\u00a0\u00bb, insiste Mohammed. Et le tout sans que \u00e7a co\u00fbte au contribuable. Au sein de la seule administration en France qui s\u2019autofinance, la brigade marseillaise rapporte, assurent-ils.<\/p>\n","protected":false},"excerpt":{"rendered":"Dans les bureaux de la caserne du boulevard de Strasbourg (3e) en pleine r\u00e9novation, Gilles et Mohammed*, tous&hellip;\n","protected":false},"author":2,"featured_media":56813,"comment_status":"","ping_status":"","sticky":false,"template":"","format":"standard","meta":{"footnotes":""},"categories":[2814],"tags":[1111,11,1777,674,1011,27,884,12,882,25,9673],"class_list":{"0":"post-56812","1":"post","2":"type-post","3":"status-publish","4":"format-standard","5":"has-post-thumbnail","7":"category-marseille","8":"tag-actu","9":"tag-actualites","10":"tag-eu","11":"tag-europe","12":"tag-fr","13":"tag-france","14":"tag-marseille","15":"tag-news","16":"tag-provence-alpes-cote-dazur","17":"tag-republique-francaise","18":"tag-surveillance"},"share_on_mastodon":{"url":"https:\/\/pubeurope.com\/@fr\/114409950655441597","error":""},"_links":{"self":[{"href":"https:\/\/www.europesays.com\/fr\/wp-json\/wp\/v2\/posts\/56812","targetHints":{"allow":["GET"]}}],"collection":[{"href":"https:\/\/www.europesays.com\/fr\/wp-json\/wp\/v2\/posts"}],"about":[{"href":"https:\/\/www.europesays.com\/fr\/wp-json\/wp\/v2\/types\/post"}],"author":[{"embeddable":true,"href":"https:\/\/www.europesays.com\/fr\/wp-json\/wp\/v2\/users\/2"}],"replies":[{"embeddable":true,"href":"https:\/\/www.europesays.com\/fr\/wp-json\/wp\/v2\/comments?post=56812"}],"version-history":[{"count":0,"href":"https:\/\/www.europesays.com\/fr\/wp-json\/wp\/v2\/posts\/56812\/revisions"}],"wp:featuredmedia":[{"embeddable":true,"href":"https:\/\/www.europesays.com\/fr\/wp-json\/wp\/v2\/media\/56813"}],"wp:attachment":[{"href":"https:\/\/www.europesays.com\/fr\/wp-json\/wp\/v2\/media?parent=56812"}],"wp:term":[{"taxonomy":"category","embeddable":true,"href":"https:\/\/www.europesays.com\/fr\/wp-json\/wp\/v2\/categories?post=56812"},{"taxonomy":"post_tag","embeddable":true,"href":"https:\/\/www.europesays.com\/fr\/wp-json\/wp\/v2\/tags?post=56812"}],"curies":[{"name":"wp","href":"https:\/\/api.w.org\/{rel}","templated":true}]}}