{"id":568123,"date":"2025-11-30T05:03:22","date_gmt":"2025-11-30T05:03:22","guid":{"rendered":"https:\/\/www.europesays.com\/fr\/568123\/"},"modified":"2025-11-30T05:03:22","modified_gmt":"2025-11-30T05:03:22","slug":"lille-osc-dinamo-zagreb-les-compositions-officielles","status":"publish","type":"post","link":"https:\/\/www.europesays.com\/fr\/568123\/","title":{"rendered":"Lille OSC &#8211; Dinamo Zagreb : les compositions officielles"},"content":{"rendered":"<p>Ce jeudi, c\u2019est la 5e journ\u00e9e de la Ligue Europa 2025\/2026 avec un choc entre <a href=\"https:\/\/www.footmercato.net\/live\/3792971533388752928-lille-vs-dinamo-zagreb#tabLive\" target=\"_blank\" rel=\"noopener\">Lille et le Dinamo Zagreb.<\/a> \u00c0 domicile, les Dogues s\u2019organisent dans un 4-2-3-1 avec Berke \u00d6zer qui officie comme dernier rempart. Devant lui, on retrouve Thomas Meunier, Nathan Ngoy, A\u00efssa Mandi et Romain Perraud. Benjamin Andr\u00e9 et Nabil Bentaleb composent l\u2019entrejeu avec Hakon Haraldsson un cran plus haut. En pointe, Hamza Igamane est soutenu par Ngal\u2019ayel Mukau et F\u00e9lix Correia.<\/p>\n<p>            La suite apr\u00e8s cette publicit\u00e9<\/p>\n<p>De leur c\u00f4t\u00e9, les Croates s\u2019articulent dans un 4-3-3 avec Ivan Filipovi\u0107 dans les cages derri\u00e8re Noa Miki\u0107, Sergi Dominguez, Scott McKenna et Matteo P\u00e9rez Vinl\u00f6f. Le milieu de terrain est assur\u00e9 par Dejan Ljubicic, Josip Misic et Miha Zajc. Devant, Monsef Bakrar est accompagn\u00e9 par Mateo Lisica et Arb\u00ebr Hoxha.<\/p>\n<p>        Les compositions<\/p>\n<p><strong>Lille OSC :<\/strong> \u00d6zer &#8211; Meunier, Ngoy, Mandi, Perraud &#8211; Bentaleb, Andr\u00e9 &#8211; Correia, Haraldsson, Mukau &#8211; Igamane<\/p>\n<p>            La suite apr\u00e8s cette publicit\u00e9<\/p>\n<p><strong>Dinamo <a href=\"https:\/\/www.footmercato.net\/club\/nk-zagreb\/\" target=\"_blank\" rel=\"noopener\">Zagreb<\/a> :<\/strong> Filipovic &#8211; Mikic, Dominguez, McKenna, Perez Vinl\u00f6f &#8211; Ljubicic, Misic, Zajc &#8211; Lisica, Bakrar, Hoxha<\/p>\n<p>\n    Pub. le 27\/11\/2025 17:39<br \/>\n            &#8211; MAJ le 27\/11\/2025 18:27\n    <\/p>\n","protected":false},"excerpt":{"rendered":"Ce jeudi, c\u2019est la 5e journ\u00e9e de la Ligue Europa 2025\/2026 avec un choc entre Lille et le&hellip;\n","protected":false},"author":2,"featured_media":568124,"comment_status":"","ping_status":"","sticky":false,"template":"","format":"standard","meta":{"footnotes":""},"categories":[2815],"tags":[1111,11,1777,674,1011,27,811,1307,12,25],"class_list":{"0":"post-568123","1":"post","2":"type-post","3":"status-publish","4":"format-standard","5":"has-post-thumbnail","7":"category-lille","8":"tag-actu","9":"tag-actualites","10":"tag-eu","11":"tag-europe","12":"tag-fr","13":"tag-france","14":"tag-hauts-de-france","15":"tag-lille","16":"tag-news","17":"tag-republique-francaise"},"share_on_mastodon":{"url":"https:\/\/pubeurope.com\/@fr\/115636902621543355","error":""},"_links":{"self":[{"href":"https:\/\/www.europesays.com\/fr\/wp-json\/wp\/v2\/posts\/568123","targetHints":{"allow":["GET"]}}],"collection":[{"href":"https:\/\/www.europesays.com\/fr\/wp-json\/wp\/v2\/posts"}],"about":[{"href":"https:\/\/www.europesays.com\/fr\/wp-json\/wp\/v2\/types\/post"}],"author":[{"embeddable":true,"href":"https:\/\/www.europesays.com\/fr\/wp-json\/wp\/v2\/users\/2"}],"replies":[{"embeddable":true,"href":"https:\/\/www.europesays.com\/fr\/wp-json\/wp\/v2\/comments?post=568123"}],"version-history":[{"count":0,"href":"https:\/\/www.europesays.com\/fr\/wp-json\/wp\/v2\/posts\/568123\/revisions"}],"wp:featuredmedia":[{"embeddable":true,"href":"https:\/\/www.europesays.com\/fr\/wp-json\/wp\/v2\/media\/568124"}],"wp:attachment":[{"href":"https:\/\/www.europesays.com\/fr\/wp-json\/wp\/v2\/media?parent=568123"}],"wp:term":[{"taxonomy":"category","embeddable":true,"href":"https:\/\/www.europesays.com\/fr\/wp-json\/wp\/v2\/categories?post=568123"},{"taxonomy":"post_tag","embeddable":true,"href":"https:\/\/www.europesays.com\/fr\/wp-json\/wp\/v2\/tags?post=568123"}],"curies":[{"name":"wp","href":"https:\/\/api.w.org\/{rel}","templated":true}]}}