{"id":568125,"date":"2025-11-30T05:04:16","date_gmt":"2025-11-30T05:04:16","guid":{"rendered":"https:\/\/www.europesays.com\/fr\/568125\/"},"modified":"2025-11-30T05:04:16","modified_gmt":"2025-11-30T05:04:16","slug":"un-emballement-mediatique-et-politique-precipite","status":"publish","type":"post","link":"https:\/\/www.europesays.com\/fr\/568125\/","title":{"rendered":"un emballement m\u00e9diatique et politique pr\u00e9cipit\u00e9"},"content":{"rendered":"<p>Que s\u2019est-il vraiment pass\u00e9 autour du site de l\u2019entreprise Orange, \u00e0 Saint-Mauront (3e), pour justifier une <a href=\"https:\/\/www.laprovence.com\/article\/faits-divers-justice\/2395618636140114\/incidents-et-detonations-dans-le-quartier-de-saint-mauront-a-marseille-orange-ferme-son-site-jusqua-la-mi-decembre\" target=\"_blank\" rel=\"noopener\">fermeture temporaire jusqu\u2019\u00e0 la mi-d\u00e9cembre<\/a> \u00ab\u00a0par pr\u00e9caution\u00a0\u00bb? Au lendemain de la d\u00e9cision prise par la direction de l\u2019op\u00e9rateur t\u00e9l\u00e9phonique, le flou plane toujours autant sur la r\u00e9alit\u00e9 des menaces invoqu\u00e9es par plusieurs syndicats de l\u2019entreprise pour pousser Orange \u00e0 prendre une d\u00e9cision aussi radicale.<\/p>\n<p>Cette fermeture temporaire a suscit\u00e9 un emballement m\u00e9diatique, malgr\u00e9 le peu d\u2019\u00e9l\u00e9ments tangibles sur les faits d\u00e9nonc\u00e9s par les salari\u00e9s. \u00c0 telle enseigne que la pr\u00e9fecture de police a tenu \u00e0 faire une mise au point devant la presse ce vendredi en milieu d\u2019apr\u00e8s-midi. Corinne Simon, pr\u00e9f\u00e8te de police d\u00e9l\u00e9gu\u00e9e, a ainsi confirm\u00e9 &#8211; comme des sources polici\u00e8res <a href=\"https:\/\/www.laprovence.com\/article\/faits-divers-justice\/2395618636140114\/incidents-et-detonations-dans-le-quartier-de-saint-mauront-a-marseille-orange-ferme-son-site-jusqua-la-mi-decembre\" target=\"_blank\" rel=\"noopener\">l\u2019avaient d\u00e9j\u00e0 dit aupr\u00e8s de La Provence la veille<\/a>\u00a0&#8211; qu\u2019aucun tir ou situation de danger imm\u00e9diat n\u2019avait \u00e9t\u00e9 signal\u00e9 \u00e0 proximit\u00e9 du campus technique.<\/p>\n<p>L\u00e0 o\u00f9 Orange invoquait une \u00ab\u00a0petite mont\u00e9e des tensions dans le quartier\u00a0\u00bb et des \u00ab\u00a0rassemblements inhabituels \u00e0 l\u2019ext\u00e9rieur, des attroupements au niveau du m\u00e9tro National\u00a0\u00bb, la pr\u00e9f\u00e8te a indiqu\u00e9 que le 17 n\u2019avait re\u00e7u \u00ab\u00a0aucun appel de la soci\u00e9t\u00e9 Orange de toute la semaine\u00a0\u00bb. Le&#8230;<\/p>\n","protected":false},"excerpt":{"rendered":"Que s\u2019est-il vraiment pass\u00e9 autour du site de l\u2019entreprise Orange, \u00e0 Saint-Mauront (3e), pour justifier une fermeture temporaire&hellip;\n","protected":false},"author":2,"featured_media":568126,"comment_status":"","ping_status":"","sticky":false,"template":"","format":"standard","meta":{"footnotes":""},"categories":[2814],"tags":[17,1111,11,68343,68344,1777,674,13407,1011,27,884,33831,12,316,882,25,65401],"class_list":{"0":"post-568125","1":"post","2":"type-post","3":"status-publish","4":"format-standard","5":"has-post-thumbnail","7":"category-marseille","8":"tag-17","9":"tag-actu","10":"tag-actualites","11":"tag-dorange","12":"tag-emballement","13":"tag-eu","14":"tag-europe","15":"tag-fermeture","16":"tag-fr","17":"tag-france","18":"tag-marseille","19":"tag-mediatique","20":"tag-news","21":"tag-politique","22":"tag-provence-alpes-cote-dazur","23":"tag-republique-francaise","24":"tag-temporaire"},"share_on_mastodon":{"url":"https:\/\/pubeurope.com\/@fr\/115636906566972971","error":""},"_links":{"self":[{"href":"https:\/\/www.europesays.com\/fr\/wp-json\/wp\/v2\/posts\/568125","targetHints":{"allow":["GET"]}}],"collection":[{"href":"https:\/\/www.europesays.com\/fr\/wp-json\/wp\/v2\/posts"}],"about":[{"href":"https:\/\/www.europesays.com\/fr\/wp-json\/wp\/v2\/types\/post"}],"author":[{"embeddable":true,"href":"https:\/\/www.europesays.com\/fr\/wp-json\/wp\/v2\/users\/2"}],"replies":[{"embeddable":true,"href":"https:\/\/www.europesays.com\/fr\/wp-json\/wp\/v2\/comments?post=568125"}],"version-history":[{"count":0,"href":"https:\/\/www.europesays.com\/fr\/wp-json\/wp\/v2\/posts\/568125\/revisions"}],"wp:featuredmedia":[{"embeddable":true,"href":"https:\/\/www.europesays.com\/fr\/wp-json\/wp\/v2\/media\/568126"}],"wp:attachment":[{"href":"https:\/\/www.europesays.com\/fr\/wp-json\/wp\/v2\/media?parent=568125"}],"wp:term":[{"taxonomy":"category","embeddable":true,"href":"https:\/\/www.europesays.com\/fr\/wp-json\/wp\/v2\/categories?post=568125"},{"taxonomy":"post_tag","embeddable":true,"href":"https:\/\/www.europesays.com\/fr\/wp-json\/wp\/v2\/tags?post=568125"}],"curies":[{"name":"wp","href":"https:\/\/api.w.org\/{rel}","templated":true}]}}