{"id":568131,"date":"2025-11-30T05:07:15","date_gmt":"2025-11-30T05:07:15","guid":{"rendered":"https:\/\/www.europesays.com\/fr\/568131\/"},"modified":"2025-11-30T05:07:15","modified_gmt":"2025-11-30T05:07:15","slug":"lyon-musee-thermes-que-va-devenir-cet-immense-lieu-ferme-depuis-pres-de-20-ans","status":"publish","type":"post","link":"https:\/\/www.europesays.com\/fr\/568131\/","title":{"rendered":"Lyon. Mus\u00e9e, thermes&#8230; Que va devenir cet immense lieu ferm\u00e9 depuis pr\u00e8s de 20 ans\u00a0?"},"content":{"rendered":"<p>                    Par<br \/>\n        <strong><br \/>\n            <a href=\"https:\/\/actu.fr\/auteur\/redaction-lyon\" title=\"Consulter tous les articles de R\u00e9daction Lyon\" target=\"_blank\" rel=\"noopener\">R\u00e9daction Lyon<\/a><br \/>\n                    <\/strong><\/p>\n<p>        Publi\u00e9 le<\/p>\n<p>            30 nov. 2025 \u00e0 6h04        <\/p>\n<p><strong>Cet article est publi\u00e9 dans le magazine \u00ab nouveau Lyon \u00bb de d\u00e9cembre 2025 dans les kiosques depuis samedi 15 novembre 2025 dont actu Lyon est partenaire.\u00a0<\/strong><\/p>\n<p class=\" wall-content\">Combien d\u2019habitants n\u2019ont jamais pu rentrer dans <a href=\"https:\/\/actu.fr\/auvergne-rhone-alpes\/lyon_69123\/lyon-cet-enorme-musee-est-ferme-depuis-15-ans-voici-ce-qui-se-cache-a-l-interieur_54842844.html\" target=\"_blank\" rel=\"noopener\">l\u2019ancien mus\u00e9e Guimet<\/a>, dans le 6e arrondissement ? La plupart de ceux arriv\u00e9s \u00e0 <a href=\"https:\/\/actu.fr\/auvergne-rhone-alpes\/lyon_69123\" target=\"_blank\" rel=\"noopener\">Lyon<\/a> depuis moins de vingt ans. Inaugur\u00e9 en 1879, cet \u00e9difice triangulaire avec sa rotonde donnant sur le boulevard des Belges, \u00e0 proximit\u00e9 imm\u00e9diate du parc de la T\u00eate d\u2019Or, est embl\u00e9matique de la ville.<\/p>\n<p>Un budget qui a flamb\u00e9<\/p>\n<p class=\" wall-content\">Seuls les blasons \u201cMG\u201d rappellent qu\u2019il fut, durant seulement dix ans, le mus\u00e9e accueillant les collections d\u2019\u00c9mile Guimet avant leur transfert \u00e0 Paris. Devenu une patinoire avec th\u00e9\u00e2tre et brasserie, il accueille ensuite le mus\u00e9um d\u2019histoire naturelle de Lyon durant pr\u00e8s d\u2019un si\u00e8cle, jusqu\u2019\u00e0 sa fermeture en 2007, pr\u00e9c\u00e9dant l\u2019av\u00e8nement du <a href=\"https:\/\/actu.fr\/auvergne-rhone-alpes\/lyon_69123\/lyon-cette-nouvelle-exposition-monstrueuse-cartonne-au-musee-des-confluences_63349076.html\" target=\"_blank\" rel=\"noopener\">mus\u00e9e des Confluences<\/a>.<\/p>\n<p class=\" wall-content\">Le projet de music-hall, comme celui d\u2019Ateliers de la danse promu par G\u00e9rard Collomb, ont fait long feu. La majorit\u00e9 actuelle stoppant ce dernier en raison de sa d\u00e9rive financi\u00e8re \u2013 passage du budget de 5 \u00e0 40 millions d\u2019euros \u2013 pour relocaliser les Ateliers dans le 8e arrondissement.<\/p>\n<p>Une d\u00e9cision sur son avenir d\u2019ici l\u2019\u00e9t\u00e9 2026<\/p>\n<p class=\" wall-content\">Depuis ? Plus rien, \u00e0 part une remise aux normes de s\u00e9curit\u00e9 permettant d\u2019accueillir la biennale d\u2019art contemporain 2022 et l\u2019exposition Obey en 2023.<\/p>\n<p class=\" wall-content\">L\u2019ex-adjointe \u00e0 la culture <a href=\"https:\/\/actu.fr\/auvergne-rhone-alpes\/lyon_69123\/lyon-municipales-2026-nathalie-perrin-gilbert-precise-la-gratuite-des-tcl-et-fait-une-annonce_63250290.html\" target=\"_blank\" rel=\"noopener\">Nathalie Perrin-Gilbert<\/a> promouvait l\u2019accueil d\u2019\u0153uvres du mus\u00e9e Pompidou durant sa fermeture avant de repartir sur un cycle d\u2019expositions jusqu\u2019\u00e0 la d\u00e9finition d\u2019un projet culturel p\u00e9renne pour ce lieu. Ce fut une des <a href=\"https:\/\/actu.fr\/auvergne-rhone-alpes\/lyon_69123\/lyon-une-brouille-entre-le-maire-et-une-adjointe-secoue-violemment-l-hotel-de-ville_61034910.html\" target=\"_blank\" rel=\"noopener\">pommes de discorde<\/a> avec le maire <a href=\"https:\/\/actu.fr\/auvergne-rhone-alpes\/lyon_69123\/lyon-gregory-doucet-accuse-violemment-jean-michel-aulas-et-reclame-un-debat-public_63481332.html\" target=\"_blank\" rel=\"noopener\">Gr\u00e9gory Doucet<\/a>.<\/p>\n<p>Des projets de mus\u00e9e\u2026 ou de thermes<\/p>\n<p class=\" wall-content\">\u00c0 d\u00e9faut d\u2019art contemporain, la municipalit\u00e9 a d\u00e9sign\u00e9 un assistant \u00e0 maitrise d\u2019ouvrage qui doit \u00e9clairer, <strong>pour l\u2019\u00e9t\u00e9 2026<\/strong>, la d\u00e9cision de la prochaine majorit\u00e9.<\/p>\n<p>Votre r\u00e9gion, votre actu !<\/p>\n<p>Recevez chaque jour les infos qui comptent pour vous.<\/p>\n<p>\t<a href=\"https:\/\/actu.fr\/newsletter\" class=\"ac-btn ac-btn--corner ac-btn--medium ac-btn--blue800\" target=\"_blank\" rel=\"noopener\">S&rsquo;incrire<\/a><\/p>\n<p class=\" wall-content\">Avec 9 000 m\u00b2 de surface, pour une part \u00e9clair\u00e9s par une vaste verri\u00e8re, et 1300 m2 de sous-sols, nul doute que Guimet va attiser les projets des candidats aux municipales.<\/p>\n<p class=\" wall-content\"><a href=\"https:\/\/actu.fr\/auvergne-rhone-alpes\/lyon_69123\/lyon-municipales-nathalie-perrin-gilbert-devoile-son-grand-projet-pour-ce-lieu-ferme-depuis-18-ans_62826172.html\" target=\"_blank\" rel=\"noopener\">Nathalie Perrin-Gilbert promeut d\u00e9sormais \u201cun exploratorium\u201d<\/a> d\u00e9di\u00e9 \u00e0 la d\u00e9couverte, aux exp\u00e9riences et aux sciences pour les jeunes. Pierre Oliver a quant \u00e0 lui propos\u00e9 des thermes sous la verri\u00e8re, \u00e0 l\u2019instar de ceux de Budapest.<\/p>\n<p>Au sommaire de Nouveau Lyon de d\u00e9cembre 2025<br \/>\n    <img decoding=\"async\" loading=\"lazy\" src=\"https:\/\/www.europesays.com\/fr\/wp-content\/uploads\/2025\/11\/capture-decran-2025-11-26-a-174553-627x640.png\" alt=\"Nouveau lyon d\u00e9cembre\" width=\"627\" height=\"640\"\/><br \/>\n    Le magazine Nouveau Lyon de d\u00e9cembre 2025. (\u00a9DR)<\/p>\n<ul class=\" wall-content\">\n<li>\u00c9lections : les grands enjeux de 2026 (Rive droite du Rh\u00f4ne, tours \u00e0 la Part-Dieu, une nouvelle ligne de m\u00e9tro, centre d\u2019\u00e9changes de Perrache, le mus\u00e9e Guimet\u2026)<\/li>\n<li>Immobilier tertiaire : les projets de 2026<\/li>\n<li>Entretien avec Fr\u00e9d\u00e9ric Aguilera, VP r\u00e9gional aux transports<\/li>\n<li>D\u00e9bat : la ZTL, abrogation impossible ? Chantier : le tram T9 (Charpennes\/La Soie)<\/li>\n<li>Une ville : D\u00e9cines<\/li>\n<li>Et toute l\u2019actu du mois : la passerelle vers Gerland, l\u2019Asteria \u00e0 OL Vall\u00e9e, les nouvelles navettes \u00e9lectriques, la gare routi\u00e8re \u00e0 Gerland, un parc \u00e0 la place du P+R \u00e0 Oullins.<\/li>\n<\/ul>\n<p class=\" wall-content\">Personnalisez votre actualit\u00e9 en ajoutant vos villes et m\u00e9dias en favori avec <a href=\"https:\/\/moncompte.actu.fr\" title=\"D\u00e9couvez Mon Actu\" rel=\"nofollow noopener\" data-trk=\"{&quot;cta&quot;:{&quot;action&quot;:&quot;https:\\\/\\\/moncompte.actu.fr&quot;,&quot;category&quot;:&quot;mon compte&quot;,&quot;from&quot;:&quot;article footer&quot;,&quot;name&quot;:&quot;Mon actu&quot;,&quot;type&quot;:&quot;cta&quot;}}\" target=\"_blank\">Mon Actu<\/a>.<\/p>\n","protected":false},"excerpt":{"rendered":"Par R\u00e9daction Lyon Publi\u00e9 le 30 nov. 2025 \u00e0 6h04 Cet article est publi\u00e9 dans le magazine \u00ab&hellip;\n","protected":false},"author":2,"featured_media":568132,"comment_status":"","ping_status":"","sticky":false,"template":"","format":"standard","meta":{"footnotes":""},"categories":[1889],"tags":[1111,11,2430,1777,674,1011,27,5226,2428,12,25,104],"class_list":{"0":"post-568131","1":"post","2":"type-post","3":"status-publish","4":"format-standard","5":"has-post-thumbnail","7":"category-lyon","8":"tag-actu","9":"tag-actualites","10":"tag-auvergne-rhone-alpes","11":"tag-eu","12":"tag-europe","13":"tag-fr","14":"tag-france","15":"tag-gregory-doucet","16":"tag-lyon","17":"tag-news","18":"tag-republique-francaise","19":"tag-societe"},"share_on_mastodon":{"url":"https:\/\/pubeurope.com\/@fr\/115636919279111063","error":""},"_links":{"self":[{"href":"https:\/\/www.europesays.com\/fr\/wp-json\/wp\/v2\/posts\/568131","targetHints":{"allow":["GET"]}}],"collection":[{"href":"https:\/\/www.europesays.com\/fr\/wp-json\/wp\/v2\/posts"}],"about":[{"href":"https:\/\/www.europesays.com\/fr\/wp-json\/wp\/v2\/types\/post"}],"author":[{"embeddable":true,"href":"https:\/\/www.europesays.com\/fr\/wp-json\/wp\/v2\/users\/2"}],"replies":[{"embeddable":true,"href":"https:\/\/www.europesays.com\/fr\/wp-json\/wp\/v2\/comments?post=568131"}],"version-history":[{"count":0,"href":"https:\/\/www.europesays.com\/fr\/wp-json\/wp\/v2\/posts\/568131\/revisions"}],"wp:featuredmedia":[{"embeddable":true,"href":"https:\/\/www.europesays.com\/fr\/wp-json\/wp\/v2\/media\/568132"}],"wp:attachment":[{"href":"https:\/\/www.europesays.com\/fr\/wp-json\/wp\/v2\/media?parent=568131"}],"wp:term":[{"taxonomy":"category","embeddable":true,"href":"https:\/\/www.europesays.com\/fr\/wp-json\/wp\/v2\/categories?post=568131"},{"taxonomy":"post_tag","embeddable":true,"href":"https:\/\/www.europesays.com\/fr\/wp-json\/wp\/v2\/tags?post=568131"}],"curies":[{"name":"wp","href":"https:\/\/api.w.org\/{rel}","templated":true}]}}