{"id":568133,"date":"2025-11-30T05:09:14","date_gmt":"2025-11-30T05:09:14","guid":{"rendered":"https:\/\/www.europesays.com\/fr\/568133\/"},"modified":"2025-11-30T05:09:14","modified_gmt":"2025-11-30T05:09:14","slug":"miss-france-2026-qui-est-miss-ile-de-france-8-choses-a-savoir-sur-mareva-michel","status":"publish","type":"post","link":"https:\/\/www.europesays.com\/fr\/568133\/","title":{"rendered":"Miss France 2026\u00a0: qui est Miss \u00cele-de-France\u00a0? 8 choses \u00e0 savoir sur Mareva Michel"},"content":{"rendered":"<p>\n                                                                    l&rsquo;essentiel<br \/>\n                                                                La candidate qui repr\u00e9sente la r\u00e9gion \u00cele-de-France \u00e0 Miss France 2026 s\u2019appelle Mareva Michel. Fera-t-elle partie du Top 12, va-t-elle remporter l\u2019\u00e9lection\u00a0? Faites connaissance avec elle.\n                            <\/p>\n<p>Miss France 2026 sera-t-elle la candidate de l\u2019\u00cele-de-France\u00a0? Elle porte avec fiert\u00e9 les couleurs de sa r\u00e9gion pour l\u2019\u00e9lection de Miss France 2026, organis\u00e9e ce samedi 6\u00a0d\u00e9cembre 2025 au Z\u00e9nith d\u2019Amiens (Somme). La D\u00e9p\u00eache vous aider \u00e0 mieux la d\u00e9couvrir.<\/p>\n<p>Qui est-elle\u00a0?<\/p>\n<p>Mareva Michel a 21 ans. Elle mesure 1,78\u00a0m. Elle est originaire du Chesnay-Rocquencourt dans les Yvelines.\u00a0Elle a deux nationalit\u00e9s\u00a0: fran\u00e7aise et mexicaine.<\/p>\n<p>Quelle est son activit\u00e9\u00a0?<\/p>\n<p>Elle est en 4\u1d49 ann\u00e9e \u00e0 l\u2019ESSEC Business School. Elle aimerait travailler dans l\u2019univers de la cosm\u00e9tique et cr\u00e9er sa propre marque de soins.<\/p>\n<p>Quel est son caract\u00e8re\u00a0?<\/p>\n<p>La pers\u00e9v\u00e9rance, dit-elle \u00e0 <a href=\"https:\/\/www.parismatch.com\/People\/mareva-michel-miss-ile-de-france-2025-ma-mere-et-ma-tante-ont-toutes-les-deux-ete-miss-260154\" target=\"_blank\" rel=\"noopener\">Paris Match<\/a>. \u00ab\u00a0Avec de la d\u00e9termination et du travail, rien n\u2019est impossible\u00a0\u00bb.<\/p>\n<p>Quelles sont ses activit\u00e9s favorites\u00a0?<\/p>\n<p>Les sports extr\u00eames comme le kitesurf et les voyages. Elle aime prendre soin d\u2019elle, d\u00e9couvrir de nouveaux produits de beaut\u00e9, comprendre leur composition. \u00c0 table, elle aime tout ce qui est \u00e9pic\u00e9, racines mexicaines obligent\u00a0! Pour la faire danser, passez-lui \u00ab\u00a0Gangnam Style\u00a0\u00bb du chanteur cor\u00e9en PSY. Elle d\u00e9teste la pluie.<\/p>\n<p>Quelle est sa particularit\u00e9\u00a0?<\/p>\n<p>En raison de sa double nationalit\u00e9, elle parle fran\u00e7ais, espagnol et anglais couramment. Et \u00e9tudie le chinois depuis 8 ans. Sa m\u00e8re et sa tante ont \u00e9t\u00e9 toutes les deux miss au Mexique.<\/p>\n<p>Quelle cause souhaite-t-elle d\u00e9fendre\u00a0?<\/p>\n<p>Elle soutient la lutte contre le\u00a0cancer du sein. Elle est marraine de l\u2019association Aidons la recherche. Elle participe r\u00e9guli\u00e8rement \u00e0 des collectes de fonds au profit de l\u2019Institut Curie.<\/p>\n<p>Quelle est sa pire crainte le soir de l\u2019\u00e9lection\u00a0?<\/p>\n<p>Qu\u2019un de ses talons casse sur sc\u00e8ne. Cette m\u00e9saventure lui est arriv\u00e9e pendant le d\u00e9fil\u00e9 en maillot de bain pendant l\u2019\u00e9lection de Miss \u00cele-de-France, raconte-t-elle \u00e0 <a href=\"https:\/\/www.tf1info.fr\/culture\/miss-france-2026-l-interview-decalee-de-mareva-michel-miss-ile-de-france-je-me-reveille-en-musique-2404874.html\" target=\"_blank\" rel=\"noopener\">TF1 Info<\/a>.<\/p>\n<p>O\u00f9 et quand a-t-elle \u00e9t\u00e9 \u00e9lue\u00a0?<\/p>\n<p>Elle a \u00e9t\u00e9 \u00e9lue Miss \u00cele-de-France le 20\u00a0septembre 2025 \u00e0 Dammarie-les-Lys en Seine-et-Marne.<\/p>\n<p class=\"std-elt__inline\">\n        <strong>\u00c0 lire aussi :<\/strong><br \/>\n        <a href=\"https:\/\/www.ladepeche.fr\/2025\/11\/16\/miss-france-2026-les-photos-officielles-des-30-candidates-en-maillot-de-bain-13052200.php\" target=\"_blank\" rel=\"noopener\">Miss France 2026\u00a0: les photos officielles des 30 candidates en maillot de bain<\/a>\n    <\/p>\n<p>Pour consulter son compte Instagram, <a href=\"https:\/\/www.instagram.com\/marevamichel\" target=\"_blank\" rel=\"noopener\">cliquez ici<\/a>.<\/p>\n<blockquote data-instgrm-permalink=\"https:\/\/www.instagram.com\/p\/DRUzu9TiBdo\/?utm_source=ig_embed&amp;utm_campaign=loading\" data-instgrm-version=\"14\" style=\" background:#FFF; border:0; border-radius:3px; box-shadow:0 0 1px 0 rgba(0,0,0,0.5),0 1px 10px 0 rgba(0,0,0,0.15); margin: 1px; max-width:540px; min-width:326px; padding:0; width:99.375%; width:-webkit-calc(100% - 2px); width:calc(100% - 2px);\" data-class=\"instagram-media\"\/>\n<p>L\u2019\u00e9lection de Miss France 2026 a lieu ce samedi 6\u00a0d\u00e9cembre depuis le Z\u00e9nith d\u2019Amiens. Le concours est pr\u00e9sent\u00e9 par Jean-Pierre Foucault. Il est \u00e0 suivre sur TF1 \u00e0 21h10.<\/p>\n<p>                                                                                                                                                                                                        <script async src=\"\/\/www.instagram.com\/embed.js\"><\/script><\/p>\n","protected":false},"excerpt":{"rendered":"l&rsquo;essentiel La candidate qui repr\u00e9sente la r\u00e9gion \u00cele-de-France \u00e0 Miss France 2026 s\u2019appelle Mareva Michel. Fera-t-elle partie du&hellip;\n","protected":false},"author":2,"featured_media":568134,"comment_status":"","ping_status":"","sticky":false,"template":"","format":"standard","meta":{"footnotes":""},"categories":[1592],"tags":[1111,11,1777,674,1011,27,662,12,626,25],"class_list":{"0":"post-568133","1":"post","2":"type-post","3":"status-publish","4":"format-standard","5":"has-post-thumbnail","7":"category-ile-de-france","8":"tag-actu","9":"tag-actualites","10":"tag-eu","11":"tag-europe","12":"tag-fr","13":"tag-france","14":"tag-ile-de-france","15":"tag-news","16":"tag-paris","17":"tag-republique-francaise"},"share_on_mastodon":{"url":"","error":""},"_links":{"self":[{"href":"https:\/\/www.europesays.com\/fr\/wp-json\/wp\/v2\/posts\/568133","targetHints":{"allow":["GET"]}}],"collection":[{"href":"https:\/\/www.europesays.com\/fr\/wp-json\/wp\/v2\/posts"}],"about":[{"href":"https:\/\/www.europesays.com\/fr\/wp-json\/wp\/v2\/types\/post"}],"author":[{"embeddable":true,"href":"https:\/\/www.europesays.com\/fr\/wp-json\/wp\/v2\/users\/2"}],"replies":[{"embeddable":true,"href":"https:\/\/www.europesays.com\/fr\/wp-json\/wp\/v2\/comments?post=568133"}],"version-history":[{"count":0,"href":"https:\/\/www.europesays.com\/fr\/wp-json\/wp\/v2\/posts\/568133\/revisions"}],"wp:featuredmedia":[{"embeddable":true,"href":"https:\/\/www.europesays.com\/fr\/wp-json\/wp\/v2\/media\/568134"}],"wp:attachment":[{"href":"https:\/\/www.europesays.com\/fr\/wp-json\/wp\/v2\/media?parent=568133"}],"wp:term":[{"taxonomy":"category","embeddable":true,"href":"https:\/\/www.europesays.com\/fr\/wp-json\/wp\/v2\/categories?post=568133"},{"taxonomy":"post_tag","embeddable":true,"href":"https:\/\/www.europesays.com\/fr\/wp-json\/wp\/v2\/tags?post=568133"}],"curies":[{"name":"wp","href":"https:\/\/api.w.org\/{rel}","templated":true}]}}